{"id":34186,"date":"2023-07-03T09:45:06","date_gmt":"2023-07-03T00:45:06","guid":{"rendered":"https:\/\/portal.hokuryu.info\/?p=34186"},"modified":"2023-07-25T16:01:48","modified_gmt":"2023-07-25T07:01:48","slug":"hokuryu-yanginsondurm%c9%99-briqadasinin-110-illik-yubileyi-anim-m%c9%99rasimi-v%c9%99-s%c9%99nliyi","status":"publish","type":"post","link":"https:\/\/portal.hokuryu.info\/az\/34186\/","title":{"rendered":"T\u0259brik edirik! Hokuryu Yan\u011f\u0131ns\u00f6nd\u00fcrm\u0259 Briqadas\u0131n\u0131n 110-cu Yubileyi Anma M\u0259rasimi v\u0259 \u015e\u0259nliyi 2023"},"content":{"rendered":"<p>Bazar ert\u0259si, 3 iyul 2023-c\u00fc il<\/p>\n<p>C\u00fcm\u0259 ax\u015fam\u0131, iyunun 29-u saat 16:00-da yan\u011f\u0131ns\u00f6nd\u00fcrm\u0259 m\u0259\u015f\u011f\u0259l\u0259sind\u0259n sonra H\u00f6k\u00fcr\u00fcy\u00fcn\u00fcn \u0130cma M\u0259rk\u0259zinin ikinci m\u0259rt\u0259b\u0259sind\u0259ki b\u00f6y\u00fck zalda H\u00f6k\u00fcr\u00fcy\u00fc Yan\u011f\u0131ns\u00f6nd\u00fcrm\u0259 Briqadas\u0131n\u0131n yarad\u0131lmas\u0131n\u0131n 110-cu ild\u00f6n\u00fcm\u00fcn\u0259 h\u0259sr olunmu\u015f m\u0259rasim v\u0259 \u015f\u0259nlik ke\u00e7irildi.<\/p>\n<p>Briqada \u00fczvl\u0259ri v\u0259 dig\u0259r yan\u011f\u0131ns\u00f6nd\u00fcr\u0259nl\u0259r d\u0259 daxil olmaqla 120-d\u0259n \u00e7ox insan\u0131n i\u015ftirak etdiyi t\u0259dbir b\u00f6y\u00fck u\u011furla ke\u00e7di.<\/p>\n<h2>Hokuryu yan\u011f\u0131ns\u00f6nd\u00fcrm\u0259 briqadas\u0131n\u0131n 110 illik yubileyi an\u0131m m\u0259rasimi v\u0259 \u015f\u0259nliyi<\/h2>\n<h3>Xatir\u0259 M\u0259rasim Proqram\u0131 v\u0259 M\u00fckafatland\u0131r\u0131lanlar\u0131n Siyah\u0131s\u0131<\/h3>\n<figure class=\"wp-caption aligncenter\"><a href=\"https:\/\/photos.google.com\/share\/AF1QipNAOZNqO5stEeHrdAMZAxL--oEFxSnYmDPJy47sd2cqWcS-bG1FLW9z7NoymWU4Jw\/photo\/AF1QipPZETwOkbHhxavEe6ntTGmGPAGTXqGnQnYjgnI?key=SU42OEp1Z2tDSmF4emZEaEFLNjNnUTJfMy1zT21R\" target=\"_blank\" rel=\"noopener\"><img decoding=\"async\" src=\"https:\/\/lh3.googleusercontent.com\/pw\/AJFCJaWJZ3h1HXt7fIfVKXpSpMfUiru-UFBE-uEdcm5UknJVv4D5jSWLPGtluPhqDpIe0dYbhnIGZ7Kf8NPbh3fWsKH_VGPUY2iJwnkEGUbFJTcQmv4e3Glz5blgmMx9E8Ez3UXKs3ch1Jp09E5JEI3vX9kE=w2000-h1378-s-no?authuser=0\" width=\"2000\" height=\"1378\" alt=\"Hokuryu yan\u011f\u0131ns\u00f6nd\u00fcrm\u0259 briqadas\u0131n\u0131n 110 illik yubileyi an\u0131m m\u0259rasimi v\u0259 \u015f\u0259nliyi\" class=\"size-full\" \/><\/a><figcaption class=\"wp-caption-text\">Hokuryu yan\u011f\u0131ns\u00f6nd\u00fcrm\u0259 briqadas\u0131n\u0131n 110 illik yubileyi an\u0131m m\u0259rasimi v\u0259 \u015f\u0259nliyi<\/figcaption><\/figure>\n<figure class=\"wp-caption aligncenter\"><a href=\"https:\/\/photos.google.com\/share\/AF1QipNAOZNqO5stEeHrdAMZAxL--oEFxSnYmDPJy47sd2cqWcS-bG1FLW9z7NoymWU4Jw\/photo\/AF1QipM4iuunf0BDdmybEsUd0QAd4GPhvai47oZxTQI?key=SU42OEp1Z2tDSmF4emZEaEFLNjNnUTJfMy1zT21R\" target=\"_blank\" rel=\"noopener\"><img decoding=\"async\" src=\"https:\/\/lh3.googleusercontent.com\/pw\/AJFCJaUtx3JgXKqTGgUnlD05ZzMhOdQ9mdXLgsczweH6Xy6UicGcMCpPhI6_nrR9O3jrkftwpeEUfqvicgIxU-bCQUeZLhMrWSvGbn1oDE7us3s7jE0ZCLMZYXFMxroSPn9JNLWvx8OuXJ63InADr8gR8eJM=w2000-h1481-s-no?authuser=0\" width=\"2000\" height=\"1378\" alt=\"Hokuryu Yan\u011f\u0131ns\u00f6nd\u00fcrm\u0259 Briqadas\u0131n\u0131n 110-cu Yubiley Anma M\u0259rasim Proqram\u0131 v\u0259 M\u00fckafatland\u0131r\u0131lanlar\u0131n Siyah\u0131s\u0131\" class=\"size-full\" \/><\/a><figcaption class=\"wp-caption-text\">Hokuryu Yan\u011f\u0131ns\u00f6nd\u00fcrm\u0259 Briqadas\u0131n\u0131n 110-cu Yubiley Anma M\u0259rasim Proqram\u0131 v\u0259 M\u00fckafatland\u0131r\u0131lanlar\u0131n Siyah\u0131s\u0131<\/figcaption><\/figure>\n<figure class=\"wp-caption aligncenter\"><a href=\"https:\/\/photos.google.com\/share\/AF1QipNAOZNqO5stEeHrdAMZAxL--oEFxSnYmDPJy47sd2cqWcS-bG1FLW9z7NoymWU4Jw\/photo\/AF1QipOgp8DWoWHQg8l5S3U04DL3KxJDetwSlPE7YI4?key=SU42OEp1Z2tDSmF4emZEaEFLNjNnUTJfMy1zT21R\" target=\"_blank\" rel=\"noopener\"><img decoding=\"async\" src=\"https:\/\/lh3.googleusercontent.com\/pw\/AJFCJaUeszqF2xVCp7RQJN3xe3Rkca1-KKcOnMt_qx6mp6RUuvFUHli_jDD2RZBCjkgKqeaqJCfZTNy5Brjl6JLuiUqxbutQrWMVs1Fw6O2Wu28j8WLw7AnBLVmqcPCLPkq-E0owOFKmuc7_KIqO2xkjIz75=w2000-h1333-s-no?authuser=0\" width=\"2000\" height=\"1333\" alt=\"Xan\u0131mlar v\u0259 c\u0259nablar,\" class=\"size-full\" \/><\/a><figcaption class=\"wp-caption-text\">Xan\u0131mlar v\u0259 c\u0259nablar,<\/figcaption><\/figure>\n<h3>Moderator: Mirai Ohira<\/h3>\n<p>Moderator bu il yan\u011f\u0131ns\u00f6nd\u00fcrm\u0259 briqadas\u0131na qo\u015fulan qad\u0131n \u00fczvl\u0259rd\u0259n biri Ohira Mirai idi.<\/p>\n<figure class=\"wp-caption aligncenter\"><a href=\"https:\/\/photos.google.com\/share\/AF1QipNAOZNqO5stEeHrdAMZAxL--oEFxSnYmDPJy47sd2cqWcS-bG1FLW9z7NoymWU4Jw\/photo\/AF1QipNfJ2xT_qLmjUNNCkTTHhiwEQM0uhLUhwjSm84?key=SU42OEp1Z2tDSmF4emZEaEFLNjNnUTJfMy1zT21R\" target=\"_blank\" rel=\"noopener\"><img decoding=\"async\" src=\"https:\/\/lh3.googleusercontent.com\/pw\/AJFCJaXxx3F8ZGI9PX75ndu350smJQcgRWaxaX_EeiS91lP2KdeeBFghpE5nwdo5VPxy-6yobgEsFbfwalTYQxuio9kj8PfdBJwVKddf-kVYAAnReNmYKTGtpe2rFhPVwrmsVVTnhJuNmPCnLFpC_ojy0NbL=w1254-h1882-s-no?authuser=0\" width=\"500\" alt=\"\u00dcmumi MC qad\u0131n \u00fczv Ohira Mirai idi.\" class=\"size-full\" \/><\/a><figcaption class=\"wp-caption-text\">\u00dcmumi MC qad\u0131n \u00fczv Ohira Mirai idi.<\/figcaption><\/figure>\n<p>M\u0259rasim mer Yutaka Sanonun \u00e7\u0131x\u0131\u015f\u0131, t\u0259\u015f\u0259kk\u00fcrnam\u0259 v\u0259 f\u0259xri f\u0259rmanlar\u0131n t\u0259qdim edilm\u0259si, t\u0259brik s\u00f6zl\u0259ri, t\u0259brik teleqramlar\u0131n\u0131n oxunmas\u0131, t\u0259\u015f\u0259kk\u00fcr s\u00f6zl\u0259ri il\u0259 davam etdiril\u0259c\u0259k.<\/p>\n<h2>A\u00e7\u0131l\u0131\u015f nitqi: Fukaqava Rayon Yan\u011f\u0131n Departamenti Assosiasiyas\u0131n\u0131n Fukaqava Yan\u011f\u0131n Departamentinin Kitatatsu \u015e\u00f6b\u0259sinin r\u0259isi c\u0259nab Takayoshi Kazuma<\/h2>\n<figure class=\"wp-caption aligncenter\"><a href=\"https:\/\/photos.google.com\/share\/AF1QipNAOZNqO5stEeHrdAMZAxL--oEFxSnYmDPJy47sd2cqWcS-bG1FLW9z7NoymWU4Jw\/photo\/AF1QipNjBe5hQgynqDp1WeZQpMR_96rbt7Arnv-kYk0?key=SU42OEp1Z2tDSmF4emZEaEFLNjNnUTJfMy1zT21R\" target=\"_blank\" rel=\"noopener\"><img decoding=\"async\" src=\"https:\/\/lh3.googleusercontent.com\/pw\/AJFCJaWjOuJ9wVDg35YNRUFjYKwtCxk1AJylJ3YI5aGvG79wDinN3HAxi4tWlkAUM_0ZLhcD4sglPC2HZ_FOwDnzsf0BTlXRJlYb8NRuErclCD7M50sqvPFGKDkWW9oU27zBpri_aYjsLjzWZ6i3wq1P3lX1=w2000-h1333-s-no?authuser=0\" width=\"2000\" height=\"1333\" alt=\"A\u00e7\u0131l\u0131\u015f nitqi\" class=\"size-full\" \/><\/a><figcaption class=\"wp-caption-text\">A\u00e7\u0131l\u0131\u015f nitqi<\/figcaption><\/figure>\n<h2>Hokuryu \u015f\u0259h\u0259rinin meri Yutaka Sanonun \u00e7\u0131x\u0131\u015f\u0131<\/h2>\n<figure class=\"wp-caption aligncenter\"><a href=\"https:\/\/photos.google.com\/share\/AF1QipNAOZNqO5stEeHrdAMZAxL--oEFxSnYmDPJy47sd2cqWcS-bG1FLW9z7NoymWU4Jw\/photo\/AF1QipOgr-eEkXByBxOwHBzWI6h-7inRqtV_DhDu-2c?key=SU42OEp1Z2tDSmF4emZEaEFLNjNnUTJfMy1zT21R\" target=\"_blank\" rel=\"noopener\"><img decoding=\"async\" src=\"https:\/\/lh3.googleusercontent.com\/pw\/AJFCJaXxpvmcVa4MUaCGkAktYWsgjZVy6nrFbyWOpzJaLeZt_6T9rLYhpWTKGN9KCeQcr69AeqCHsL_cSluDD8I8IXJaw6xRrlk3yjid94U0C-F51QrbwdS_FExiFUCWxNeGKt1ownCMBaWfH2v11GPK5ciy=w2000-h1333-s-no?authuser=0\" width=\"2000\" height=\"1333\" alt=\"Hokuryu \u015f\u0259h\u0259rinin meri Yutaka Sanonun \u00e7\u0131x\u0131\u015f\u0131\" class=\"size-full\" \/><\/a><figcaption class=\"wp-caption-text\">Hokuryu \u015f\u0259h\u0259rinin meri Yutaka Sanonun \u00e7\u0131x\u0131\u015f\u0131<\/figcaption><\/figure>\n<p>\u201cBu il tarix v\u0259 \u0259n\u0259n\u0259 \u00fcz\u0259rind\u0259 qurulmu\u015f \u0259lam\u0259tdar hadis\u0259 olan 110 illik yubileyini qeyd ed\u0259n Hokuryu Yan\u011f\u0131ns\u00f6nd\u00fcrm\u0259 briqadas\u0131n\u0131 \u00fcr\u0259kd\u0259n t\u0259brik etm\u0259k ist\u0259yir\u0259m.<\/p>\n<p>Kitaryu yan\u011f\u0131ns\u00f6nd\u00fcrm\u0259 briqadas\u0131n\u0131n 1913-c\u00fc ilin aprelind\u0259 (Taisho 2), bir qrup k\u00f6n\u00fcll\u00fcn\u00fcn ian\u0259 toplamaq v\u0259 obyektl\u0259ri yax\u015f\u0131la\u015fd\u0131rmaqla \u00f6z\u0259l yan\u011f\u0131ndan m\u00fchafiz\u0259 birliyi yaratmas\u0131 il\u0259 ba\u015flad\u0131\u011f\u0131 deyilir. Biz o zamank\u0131 insanlar\u0131n n\u0259cib ruhuna \u00fcr\u0259kd\u0259n minn\u0259tdarl\u0131\u011f\u0131m\u0131z\u0131 v\u0259 h\u00f6rm\u0259timizi bildirm\u0259k ist\u0259rdik.<\/p>\n<p>O vaxtdan b\u0259ri t\u0259\u015fkilat ill\u0259r \u0259rzind\u0259 \u00e7oxsayl\u0131 \u00e7\u0259tinlikl\u0259r v\u0259 \u00e7\u0259tinlikl\u0259rin \u00f6hd\u0259sind\u0259n g\u0259l\u0259r\u0259k 1947-ci ild\u0259 yan\u011f\u0131ns\u00f6nd\u00fcrm\u0259 briqadas\u0131na, m\u00fclki m\u00fcdafi\u0259 korpusuna, sonra is\u0259 yan\u011f\u0131ns\u00f6nd\u00fcrm\u0259 briqadas\u0131na \u00e7evrilmi\u015f v\u0259 yan\u011f\u0131ns\u00f6nd\u00fcrm\u0259 imkanlar\u0131n\u0131n g\u00fccl\u0259ndirilm\u0259si v\u0259 geni\u015fl\u0259ndirilm\u0259si istiqam\u0259tind\u0259 \u00e7ox \u00e7al\u0131\u015faraq diqq\u0259t\u0259layiq ir\u0259lil\u0259yi\u015fl\u0259r \u0259ld\u0259 etmi\u015f v\u0259 bu g\u00fcn tan\u0131d\u0131\u011f\u0131m\u0131z yan\u011f\u0131ns\u00f6nd\u00fcrm\u0259 briqadas\u0131na g\u0259tirib \u00e7\u0131xarm\u0131\u015fd\u0131r.<\/p>\n<p>Bu m\u00fcdd\u0259t \u0259rzind\u0259 \u00e7oxlu f\u0259lak\u0259tl\u0259r, o c\u00fcml\u0259d\u0259n yan\u011f\u0131nlar v\u0259 t\u0259bii f\u0259lak\u0259tl\u0259r ba\u015f verib. Bel\u0259 anlarda yan\u011f\u0131ns\u00f6nd\u00fcr\u0259nl\u0259r h\u0259r zaman \u00f6n c\u0259bh\u0259d\u0259 olub, \u00f6z h\u0259yatlar\u0131n\u0131 risk\u0259 ataraq, \u00f6z t\u0259hl\u00fck\u0259sizlikl\u0259rini n\u0259z\u0259r\u0259 almadan f\u0259lak\u0259tl\u0259rl\u0259 m\u00fcbariz\u0259 apar\u0131b, z\u0259r\u0259rl\u0259ri minimuma endirmi\u015fl\u0259r. \u015e\u0259h\u0259rlil\u0259r \u015f\u0259h\u0259r \u0259halisinin yan\u011f\u0131ns\u00f6nd\u00fcrm\u0259 ruhuna b\u00f6y\u00fck inam v\u0259 \u00fcmid b\u0259sl\u0259mi\u015fl\u0259r.<\/p>\n<p>Bu, \u0259cdadlar\u0131m\u0131z\u0131n do\u011fma \u015f\u0259h\u0259rin\u0259 olan d\u0259rin m\u0259h\u0259bb\u0259tinin v\u0259 \u015f\u0259h\u0259r \u0259halisinin can\u0131n\u0131 v\u0259 \u0259mlak\u0131n\u0131 qorumaq \u00fc\u00e7\u00fcn g\u00fccl\u00fc yan\u011f\u0131ns\u00f6nd\u00fcrm\u0259 ruhunun n\u0259tic\u0259sidir v\u0259 bu, yerli sakinl\u0259rin t\u0259hl\u00fck\u0259sizliyini v\u0259 asayi\u015fini qoruma\u011fa \u00e7al\u0131\u015fan \u015f\u0259h\u0259r\u0259 b\u00f6y\u00fck h\u00f6rm\u0259tdir.<\/p>\n<p>Son ill\u0259r \u0259traf m\u00fchitin v\u0259 sosial-iqtisadi v\u0259ziyy\u0259tin d\u0259yi\u015fm\u0259si il\u0259 \u0259laq\u0259dar m\u00fcxt\u0259lif f\u0259lak\u0259tl\u0259r, o c\u00fcml\u0259d\u0259n yan\u011f\u0131nlar daha m\u00fcr\u0259kk\u0259b v\u0259 r\u0259ngar\u0259ng xarakter al\u0131b, \u015f\u0259h\u0259r sakinl\u0259rinin h\u0259yat v\u0259 \u0259mlak\u0131n\u0131n qorunmas\u0131nda yan\u011f\u0131ns\u00f6nd\u00fcrm\u0259 briqadalar\u0131n\u0131n m\u0259suliyy\u0259ti getdikc\u0259 aktualla\u015f\u0131b.<\/p>\n<p>C\u0259miyy\u0259tin qocalmas\u0131 ir\u0259lil\u0259dikc\u0259 f\u0259lak\u0259tl\u0259r\u0259 qar\u015f\u0131 h\u0259ssas hesab edil\u0259n insanlar\u0131n say\u0131 art\u0131r. \u0130nsanlar\u0131n t\u0259hl\u00fck\u0259siz v\u0259 t\u0259hl\u00fck\u0259siz ya\u015famas\u0131n\u0131 t\u0259min etm\u0259k \u00fc\u00e7\u00fcn bu il yan\u011f\u0131n\u0131n qar\u015f\u0131s\u0131n\u0131n al\u0131nmas\u0131 \u00fczr\u0259 f\u0259aliyy\u0259timizi g\u00fccl\u0259ndirm\u0259k \u00fc\u00e7\u00fcn qad\u0131n yan\u011f\u0131ns\u00f6nd\u00fcr\u0259nl\u0259ri i\u015f\u0259 c\u0259lb etmi\u015fik. Biz onlar\u0131n u\u011furlar\u0131n\u0131n davam\u0131n\u0131 g\u00f6zl\u0259yirik.<\/p>\n<p>M\u0259n yerli sakinl\u0259rin ehtiyaclar\u0131n\u0131 \u00f6d\u0259m\u0259k \u00fc\u00e7\u00fcn yerli sakinl\u0259rl\u0259 yerli h\u00f6kum\u0259t aras\u0131nda \u0259m\u0259kda\u015fl\u0131q ed\u0259r\u0259k \u015f\u0259h\u0259rin inki\u015faf\u0131 \u00fcz\u0259rind\u0259 i\u015fi davam etdirm\u0259k niyy\u0259tind\u0259y\u0259m.<\/p>\n<p>\u00dcmid edirik ki, yan\u011f\u0131ns\u00f6nd\u00fcrm\u0259 briqadas\u0131n\u0131n \u00fczvl\u0259ri Kitaryu Yan\u011f\u0131ns\u00f6nd\u00fcrm\u0259 Briqadas\u0131n\u0131n yarad\u0131lmas\u0131n\u0131n bu \u015f\u0259r\u0259fli 110-cu ild\u00f6n\u00fcm\u00fcn\u00fc yax\u015f\u0131 \u0259n\u0259n\u0259l\u0259ri davam etdirm\u0259k, \u0259hval-ruhiyy\u0259ni daha da y\u00fcks\u0259ltm\u0259k, \u015f\u0259h\u0259r \u0259halisinin t\u0259hl\u00fck\u0259sizliyini v\u0259 t\u0259hl\u00fck\u0259sizliyini t\u0259min etm\u0259k \u00fc\u00e7\u00fcn daha da \u00e7ox \u00e7al\u0131\u015fmaq, parlaq v\u0259 ya\u015fana bil\u0259n Himavari \u015f\u0259h\u0259rinin yarad\u0131lmas\u0131na k\u00f6m\u0259k etm\u0259k \u00fc\u00e7\u00fcn f\u00fcrs\u0259t kimi q\u0259bul ed\u0259c\u0259kl\u0259r.<\/p>\n<p>Yekun olaraq, Kitaryu Yan\u011f\u0131n Departamentinin davaml\u0131 inki\u015faf\u0131 v\u0259 b\u00fct\u00fcn \u0259m\u0259kda\u015flar\u0131n\u0131n v\u0259 \u00fczvl\u0259rinin davaml\u0131 u\u011furlar\u0131, cansa\u011fl\u0131\u011f\u0131 v\u0259 xo\u015fb\u0259xtliyi \u00fc\u00e7\u00fcn \u00fcr\u0259kd\u0259n dualar etm\u0259k ist\u0259rdim. M\u0259n h\u0259m\u00e7inin b\u00fct\u00fcn \u015f\u0259h\u0259r sakinl\u0259rini d\u0259rin anlay\u0131\u015f\u0131n\u0131za v\u0259 yan\u011f\u0131ns\u00f6nd\u00fcrm\u0259 idar\u0259sind\u0259 \u0259m\u0259kda\u015fl\u0131\u011fa d\u0259v\u0259t etm\u0259k ist\u0259rdim.<\/p>\n<figure class=\"wp-caption aligncenter\"><a href=\"https:\/\/photos.google.com\/share\/AF1QipNAOZNqO5stEeHrdAMZAxL--oEFxSnYmDPJy47sd2cqWcS-bG1FLW9z7NoymWU4Jw\/photo\/AF1QipNDFygtbVrm8C4hcxmKNfx63rxGUPp89EM7ebA?key=SU42OEp1Z2tDSmF4emZEaEFLNjNnUTJfMy1zT21R\" target=\"_blank\" rel=\"noopener\"><img decoding=\"async\" src=\"https:\/\/lh3.googleusercontent.com\/pw\/AJFCJaUscCFTHmMKWz213aiL1iWK5Ew29rqJ7rGhDmWjyOYjAMxoZ8YU5Tduy44paiC70Sl5QPtKhbcDhl6XVLusklHOERXL4HY3R5YKMRdwjWFtDDawsid00Z_l0f-YHh8AvA9kCDVIa0CuwOWrw_FKTP7A=w2000-h1333-s-no?authuser=0\" width=\"2000\" height=\"1333\" alt=\"Xan\u0131mlar v\u0259 c\u0259nablar,\" class=\"size-full\" \/><\/a><figcaption class=\"wp-caption-text\">Xan\u0131mlar v\u0259 c\u0259nablar,<\/figcaption><\/figure>\n<h2>T\u0259\u015f\u0259kk\u00fcr v\u0259 t\u0259rifnam\u0259<\/h2>\n<p><h3>Hokuryu B\u0259l\u0259diyy\u0259 Ba\u015f\u00e7\u0131l\u0131\u011f\u0131na t\u0259\u015f\u0259kk\u00fcr m\u0259ktubu<\/h3><\/p>\n<ul>\n<li>Ke\u00e7mi\u015f Liderl\u0259r: 9-cu Lider Toshiaki Fujii<br \/>\n10-cu lider Osamu Kato<\/li>\n<li>Ke\u00e7mi\u015f Vitse-Prezidentl\u0259r 10-cu Vitse-Prezident: Naoichi Nakamura<\/li>\n<li>Ke\u00e7mi\u015f Diviziya Komandirl\u0259ri: 15-ci Diviziya Komandiri, 1-ci Diviziya, Yasunori Takahashi<\/li>\n<li>20 ild\u0259n \u00e7ox staj\u0131 olan ke\u00e7mi\u015f \u00fczv<br \/>\n1-ci Divizionun r\u0259is m\u00fcavini Norio Sugimoto<br \/>\n\u0130kinci Divizionun vitse-r\u0259is m\u00fcavini, Fuminori Kava\u015fima<br \/>\nBirinci Divizionun r\u0259hb\u0259ri Takashi Ishii<br \/>\nNaomi Kava\u015fima, 2-ci Divizionun r\u0259isi<br \/>\n\u0130kinci Divizionun r\u0259hb\u0259ri Kitajima Katsumi<br \/>\n2-ci Divizion r\u0259isi Asao Mori\u015fima<br \/>\n\u0130kinci Divizionun r\u0259hb\u0259ri Kazumi Hirabaya\u015fi<br \/>\nBirinci Divizionun Komanda Lideri Tomohiro Fukase<\/li>\n<li>T\u0259r\u0259fdarlar\u0131n ke\u00e7mi\u015f s\u0259dri<br \/>\nC\u0259nab Ryoji Kikura, 1-ci Divizion D\u0259st\u0259k Qrupunun S\u0259dri<br \/>\nToshiaki Fujii, 1-ci Divizion T\u0259r\u0259fdarlar\u0131 Assosiasiyas\u0131n\u0131n s\u0259dri<br \/>\nMasakazu Yoshio, 2-ci Divizion T\u0259r\u0259fdarlar\u0131 Assosiasiyas\u0131n\u0131n s\u0259dri<br \/>\n2-ci Divizion T\u0259r\u0259fdarlar D\u0259rn\u0259yinin s\u0259dri Yuji Kamono<\/li>\n<p><\/ul><\/p>\n<figure class=\"wp-caption aligncenter\"><a href=\"https:\/\/photos.google.com\/share\/AF1QipNAOZNqO5stEeHrdAMZAxL--oEFxSnYmDPJy47sd2cqWcS-bG1FLW9z7NoymWU4Jw\/photo\/AF1QipMhVOjd5fkWAo1KQLZgitN3ZRwhicZnY_1Dk7w?key=SU42OEp1Z2tDSmF4emZEaEFLNjNnUTJfMy1zT21R\" target=\"_blank\" rel=\"noopener\"><img decoding=\"async\" src=\"https:\/\/lh3.googleusercontent.com\/pw\/AJFCJaVIa3snVot9IhCJup4QVc3JhYMTG2doAf671gYGGOQldUTI0yQCeHWTPDp18bhAkiES8v1wXFU9myq_PGfEy5pz9xawM7mYyCHnT43_bfepRdwnQGf41F2caeSqlrMBRMETivvECJFjJWgjsHuCA6vW=w2000-h1333-s-no?authuser=0\" width=\"2000\" height=\"1333\" alt=\"T\u0259\u015f\u0259kk\u00fcr m\u0259ktubu t\u0259qdimat\u0131\" class=\"size-full\" \/><\/a><figcaption class=\"wp-caption-text\">T\u0259\u015f\u0259kk\u00fcr m\u0259ktubu t\u0259qdimat\u0131<\/figcaption><\/figure>\n<figure class=\"wp-caption aligncenter\"><a href=\"https:\/\/photos.google.com\/share\/AF1QipNAOZNqO5stEeHrdAMZAxL--oEFxSnYmDPJy47sd2cqWcS-bG1FLW9z7NoymWU4Jw\/photo\/AF1QipNo1Vec9ZOao6PV7pHWTm6YV8x9q2e9Xr2P4cc?key=SU42OEp1Z2tDSmF4emZEaEFLNjNnUTJfMy1zT21R\" target=\"_blank\" rel=\"noopener\"><img decoding=\"async\" src=\"https:\/\/lh3.googleusercontent.com\/pw\/AJFCJaVDHn8qt4_Hsg9nU1EI3BpTbcqIRUGEuyT_4viCEQtQ-IelQ9N1EOapcCKTmwhXjIEok61TOnp7H3BFod0n8caAWq_cFGWYXwMH52rLbQWFgLeW6qAYJeKKXa0NL5a3fmhUQb6CHgV6wp0FAeDdvXp3=w2000-h1333-s-no?authuser=0\" width=\"2000\" height=\"1333\" alt=\"T\u0259\u015f\u0259kk\u00fcr m\u0259ktubu t\u0259qdimat\u0131\" class=\"size-full\" \/><\/a><figcaption class=\"wp-caption-text\">T\u0259\u015f\u0259kk\u00fcr m\u0259ktubu t\u0259qdimat\u0131<\/figcaption><\/figure>\n<figure class=\"wp-caption aligncenter\"><a href=\"https:\/\/photos.google.com\/share\/AF1QipNAOZNqO5stEeHrdAMZAxL--oEFxSnYmDPJy47sd2cqWcS-bG1FLW9z7NoymWU4Jw\/photo\/AF1QipPxLP6OlohT6OBkavl8ixFp6EVoLN98Q-mekrM?key=SU42OEp1Z2tDSmF4emZEaEFLNjNnUTJfMy1zT21R\" target=\"_blank\" rel=\"noopener\"><img decoding=\"async\" src=\"https:\/\/lh3.googleusercontent.com\/pw\/AJFCJaWbMTqawQDOpcMb6RCBBoda72aNnPq13D7qYLFBid3Ef3V--Krw8rRTNou8ZP1vrDE0zBFx37e4ZRpHqQ5_jRpR3Ypec5ZyUWOhC-qvcTmCFnefTgrABJ1QeIaIDRjCKs4c7tEd6M4w_G_Zeq0wRdex=w2000-h1333-s-no?authuser=0\" width=\"2000\" height=\"1333\" alt=\"T\u0259\u015f\u0259kk\u00fcr m\u0259ktubu t\u0259qdimat\u0131\" class=\"size-full\" \/><\/a><figcaption class=\"wp-caption-text\">T\u0259\u015f\u0259kk\u00fcr m\u0259ktubu t\u0259qdimat\u0131<\/figcaption><\/figure>\n<h3>Hokuryu \u015e\u0259h\u0259r B\u0259l\u0259diyy\u0259 Ba\u015f\u00e7\u0131s\u0131 M\u00fckafat\u0131<\/h3>\n<ul>\n<li>C\u0259nab \u015eigeyuki Nakayama, Qrupun R\u0259hb\u0259ri, 30 ild\u0259n art\u0131q staj\u0131 il\u0259<br \/>\nVitse-Lider Takashi Ukai<br \/>\nC\u0259nab Hiroki Tsuzuki, 1-ci Divizionun r\u0259isi<\/li>\n<\/ul>\n<figure class=\"wp-caption aligncenter\"><a href=\"https:\/\/photos.google.com\/share\/AF1QipNAOZNqO5stEeHrdAMZAxL--oEFxSnYmDPJy47sd2cqWcS-bG1FLW9z7NoymWU4Jw\/photo\/AF1QipOGhfYDdqXnQYqnTLGgJMnJHI0uNh3QDFd5JTY?key=SU42OEp1Z2tDSmF4emZEaEFLNjNnUTJfMy1zT21R\" target=\"_blank\" rel=\"noopener\"><img decoding=\"async\" src=\"https:\/\/lh3.googleusercontent.com\/pw\/AJFCJaXNl2j0xJ_CGAO4KANZO_ONoFoLrMComvPDE9t6I8V5q_hoZo5WajmsRwKJT9v7WDKH69BM2n7Fj0AbaDuqkblRPyQIrD0RoEHAJTE6zGOklanNANkoV5wyp14NcHmTff3cnOqmHEM-UHivKhXptRMy=w2000-h1333-s-no?authuser=0\" width=\"2000\" height=\"1333\" alt=\"M\u00fckafatland\u0131rma m\u0259rasimi\" class=\"size-full\" \/><\/a><figcaption class=\"wp-caption-text\">M\u00fckafatland\u0131rma m\u0259rasimi<\/figcaption><\/figure>\n<h2>T\u0259brik nitqi<\/h2>\n<ul>\n<li>Hokuryu \u015e\u0259h\u0259r \u015euras\u0131n\u0131n s\u0259dri c\u0259nab Yasuhiro Sasaki (s\u0259dr m\u00fcavini c\u0259nab \u015eoi\u00e7i Nakamura oxuyur)<\/li>\n<li>C\u0259nab Katsunori Konishi, Hokkaydo Yan\u011f\u0131ns\u00f6nd\u00fcr\u0259nl\u0259r Assosiasiyas\u0131n\u0131n Sora\u00e7i Regional \u015e\u00f6b\u0259sinin R\u0259isi (Numata Yan\u011f\u0131ns\u00f6nd\u00fcrm\u0259 Qrupunun R\u0259isi)<\/li>\n<li>C\u0259nab Tadashi Kimoto, Fukaqava Polis B\u00f6lm\u0259sinin r\u0259isi, Asahikawa Rayonu, Hokkaydo Prefekturas\u0131n\u0131n Polisi<\/li>\n<\/ul>\n<h3>Hokuryu \u015e\u0259h\u0259r \u015euras\u0131n\u0131n s\u0259dri c\u0259nab Yasuhiro Sasaki (s\u0259dr m\u00fcavini c\u0259nab \u015eoi\u00e7i Nakamura oxuyur)<\/h3>\n<figure class=\"wp-caption aligncenter\"><a href=\"https:\/\/photos.google.com\/share\/AF1QipNAOZNqO5stEeHrdAMZAxL--oEFxSnYmDPJy47sd2cqWcS-bG1FLW9z7NoymWU4Jw\/photo\/AF1QipNTuGKLVRQSf5jjqM9qlmiqc8Ug9MOvOv_44OE?key=SU42OEp1Z2tDSmF4emZEaEFLNjNnUTJfMy1zT21R\" target=\"_blank\" rel=\"noopener\"><img decoding=\"async\" src=\"https:\/\/lh3.googleusercontent.com\/pw\/AJFCJaVhQYITQ3xq39yI8DIbft7NL1fmULeFoZmpH9SwGHxXjSdFMVTOaMYpiG-VXehJM5frLNnB8n77egUm_NiRZk-fCDAzE9igaS96l-6P4UD1CTvTxfqyqWzv_MD3v9Bs259W-xuIAe06C-U0xgKCEnJG=w2000-h1333-s-no?authuser=0\" width=\"2000\" height=\"1333\" alt=\"T\u0259brik m\u0259ktubu oxudu: S\u0259dr m\u00fcavini \u015eoi\u00e7i Nakamura\" class=\"size-full\" \/><\/a><figcaption class=\"wp-caption-text\">T\u0259brik m\u0259ktubu oxudu: S\u0259dr m\u00fcavini \u015eoi\u00e7i Nakamura<\/figcaption><\/figure>\n<p>&quot;H\u00f6kuryu Yan\u011f\u0131ns\u00f6nd\u00fcrm\u0259 Briqadas\u0131n\u0131n yaranmas\u0131n\u0131n 110-cu ild\u00f6n\u00fcm\u00fcn\u0259 h\u0259sr olunmu\u015f bug\u00fcnk\u00fc Hokuryu Yan\u011f\u0131n T\u0259limi ya\u011f\u0131\u015fla ba\u011fl\u0131 narahatl\u0131qlara baxmayaraq problemsiz ke\u00e7di. B\u00fct\u00fcn t\u0259dbiri problemsiz ba\u015fa vurdu\u011fu \u00fc\u00e7\u00fcn komandan\u0131 t\u0259brik etm\u0259k ist\u0259rdim. B\u0259l\u0259diyy\u0259 Ba\u015f\u00e7\u0131s\u0131 Sanodan da t\u0259\u015f\u0259kk\u00fcr m\u0259ktubu ald\u0131q. \u00c7ox sa\u011f olun.<\/p>\n<p>M\u00fcxt\u0259lif v\u0259ziyy\u0259tl\u0259r\u0259 g\u00f6r\u0259 s\u0259dr Sasaki i\u015ftirak ed\u0259 bilm\u0259yib. M\u0259n ondan t\u0259brik alm\u0131\u015fam, onun ad\u0131ndan oxuyacam.<\/p>\n<h4>T\u0259brik nitqi: Yasuhiro Sasaki, Hokuryu \u015e\u0259h\u0259r \u015euras\u0131n\u0131n s\u0259dri<\/h4>\n<p>Kitaryu yan\u011f\u0131ns\u00f6nd\u00fcrm\u0259 briqadas\u0131n\u0131 110 illik yubileyi m\u00fcnasib\u0259til\u0259 \u00fcr\u0259kd\u0259n t\u0259brik etm\u0259k ist\u0259rdik.<\/p>\n<p>Kitaryu yan\u011f\u0131ns\u00f6nd\u00fcrm\u0259 briqadas\u0131 bir anda can v\u0259 mal ala bil\u0259n yan\u011f\u0131nlara qar\u015f\u0131 \u00f6z\u00fcn\u00fcm\u00fcdafi\u0259 vasit\u0259si olaraq Meiji 040 \u0259traf\u0131nda quruldu v\u0259 daha sonra Taisho 2 (1913) \u015f\u0259h\u0259rind\u0259 t\u0259\u015fkil edildi v\u0259 bu g\u00fcn\u0259 q\u0259d\u0259r varl\u0131\u011f\u0131n\u0131 davam etdirdi.<\/p>\n<p>Yan\u011f\u0131ndan M\u00fchafiz\u0259 Xidm\u0259ti Qanunu 1947-ci ild\u0259 q\u0259bul edildi v\u0259 bug\u00fcnk\u00fc b\u0259l\u0259diyy\u0259 yan\u011f\u0131ns\u00f6nd\u00fcrm\u0259 xidm\u0259tl\u0259rini qurdu. 1972-ci ilin aprelind\u0259 Fukaqava Rayon Yan\u011f\u0131ndan M\u00fchafiz\u0259 \u0130dar\u0259si Kita Sora\u00e7id\u0259 bir \u015f\u0259h\u0259r v\u0259 be\u015f \u015f\u0259h\u0259ri \u0259hat\u0259 ed\u0259n geni\u015f \u0259razili yan\u011f\u0131ns\u00f6nd\u00fcrm\u0259 xidm\u0259ti kimi yarad\u0131lm\u0131\u015fd\u0131r ki, bu da Kitaryu \u015f\u0259h\u0259rinin bug\u00fcnk\u00fc t\u0259hl\u00fck\u0259sizliyinin v\u0259 t\u0259hl\u00fck\u0259sizliyinin t\u0259m\u0259lini qoyma\u011fa k\u00f6m\u0259k etdiyin\u0259 inan\u0131ram.<\/p>\n<p>D\u00f6vrl\u0259r Heiseid\u0259n Reyvaya d\u0259yi\u015fdikc\u0259 diqq\u0259t \u00f6z\u00fcn\u00fc yan\u011f\u0131nlardan qorumaqdan v\u0259 yan\u011f\u0131nlar\u0131n qar\u015f\u0131s\u0131n\u0131 almaqdan, g\u00f6zl\u0259nilm\u0259z z\u0259lz\u0259l\u0259l\u0259r, tayfunlar, g\u00fccl\u00fc ya\u011f\u0131\u015flar v\u0259 g\u00fccl\u00fc qar ya\u011f\u0131\u015f\u0131 kimi tez-tez ba\u015f ver\u0259n da\u011f\u0131d\u0131c\u0131 f\u0259lak\u0259tl\u0259r\u0259 cavab verm\u0259y\u0259 y\u00f6n\u0259ldi.<\/p>\n<p>G\u00fcnd\u0259lik i\u015fl\u0259rind\u0259n \u0259lav\u0259, n\u0259cib m\u0259h\u0259lli q\u00fcrur v\u0259 y\u00fcks\u0259k m\u0259suliyy\u0259t hissi il\u0259 h\u0259r\u0259k\u0259t ed\u0259n yan\u011f\u0131ns\u00f6nd\u00fcrm\u0259 briqadas\u0131n\u0131n b\u00fct\u00fcn \u00fczvl\u0259rin\u0259 f\u0259dakar \u0259m\u0259yin\u0259 g\u00f6r\u0259 d\u0259rin h\u00f6rm\u0259timizi bildiririk.<\/p>\n<p>\u00dcmid edirik ki, siz bu \u015fanl\u0131 110 illik yubileyi yerli sakinl\u0259rin \u0259min-amanl\u0131\u011f\u0131n\u0131 v\u0259 h\u0259yat\u0131n\u0131n asayi\u015fini qorumaq, sosial v\u0259 ictimai rifah\u0131 y\u00fcks\u0259ltm\u0259k \u00fc\u00e7\u00fcn daha da s\u0259y v\u0259 s\u0259y g\u00f6st\u0259rm\u0259k \u00fc\u00e7\u00fcn bir f\u00fcrs\u0259t kimi q\u0259bul ed\u0259c\u0259ksiniz. Sizi t\u0259brik edir v\u0259 \u00fcmid edirik ki, bundan sonra da bu istiqam\u0259td\u0259 s\u0259yl\u0259r g\u00f6st\u0259r\u0259c\u0259ksiniz.<\/p>\n<p>Sonda m\u0259n yan\u011f\u0131ns\u00f6nd\u00fcrm\u0259 funksiyalar\u0131m\u0131z\u0131 t\u0259kmill\u0259\u015fdirm\u0259k, obyekt v\u0259 avadanl\u0131qlar\u0131m\u0131z\u0131 t\u0259kmill\u0259\u015fdirm\u0259k s\u0259yl\u0259rin\u0259, bu g\u00fcn\u0259 q\u0259d\u0259r yan\u011f\u0131ns\u00f6nd\u00fcrm\u0259 xidm\u0259tl\u0259rimizin inki\u015faf\u0131 v\u0259 modernl\u0259\u015fdirilm\u0259sin\u0259 g\u00f6r\u0259 b\u00fct\u00fcn aidiyyat\u0131 qurumlara v\u0259 b\u00fct\u00fcn \u015f\u0259h\u0259r sakinl\u0259rinin \u0259m\u0259kda\u015fl\u0131\u011f\u0131na d\u0259rin minn\u0259tdarl\u0131\u011f\u0131m\u0131 bildirm\u0259k ist\u0259yir\u0259m. Bug\u00fcnk\u00fc u\u011furunuz m\u00fcnasib\u0259til\u0259 sizi t\u0259brik edir\u0259m.<\/p>\n<p>29 iyun 2023-c\u00fc il, Hokuryu \u015e\u0259h\u0259r \u015euras\u0131n\u0131n s\u0259dri Sasaki Yasuhiro.<\/p>\n<h3>C\u0259nab Katsunori Konishi, Hokkaydo Yan\u011f\u0131ns\u00f6nd\u00fcr\u0259nl\u0259r Assosiasiyas\u0131n\u0131n Sora\u00e7i Regional \u015e\u00f6b\u0259sinin R\u0259isi (Numata Yan\u011f\u0131ns\u00f6nd\u00fcrm\u0259 Qrupunun R\u0259isi)<\/h3>\n<figure class=\"wp-caption aligncenter\"><a href=\"https:\/\/photos.google.com\/share\/AF1QipNAOZNqO5stEeHrdAMZAxL--oEFxSnYmDPJy47sd2cqWcS-bG1FLW9z7NoymWU4Jw\/photo\/AF1QipMx2PR5cMAx9fN9OjId0F6JuJB6MfOZe4VSOeo?key=SU42OEp1Z2tDSmF4emZEaEFLNjNnUTJfMy1zT21R\" target=\"_blank\" rel=\"noopener\"><img decoding=\"async\" src=\"https:\/\/lh3.googleusercontent.com\/pw\/AJFCJaVaY5Vu0LjODNMGePduvP6RL-qf_ibd9u-bD3tiHeho-_HJohUXsdhL1Oc49eKIEhBYQZuJvNAK37XNpt9rq-Yyr-hiQMBJkRz_Jmon756Jyo-qapKOn1xlkynYSoMgjfQS9z3y7AxccXPcOc5Jk1Yb=w2000-h1333-s-no?authuser=0\" width=\"2000\" height=\"1333\" alt=\"C\u0259nab Katsunori Konishi, Hokkaydo Yan\u011f\u0131ns\u00f6nd\u00fcr\u0259nl\u0259r Assosiasiyas\u0131n\u0131n Sora\u00e7i Regional \u015e\u00f6b\u0259sinin R\u0259hb\u0259ri (Numata Yan\u011f\u0131ns\u00f6nd\u00fcrm\u0259 Qrupunun R\u0259isi)\" class=\"size-full\" \/><\/a><figcaption class=\"wp-caption-text\">C\u0259nab Katsunori Konishi, Hokkaydo Yan\u011f\u0131ns\u00f6nd\u00fcr\u0259nl\u0259r Assosiasiyas\u0131n\u0131n Sora\u00e7i Regional \u015e\u00f6b\u0259sinin R\u0259hb\u0259ri (Numata Yan\u011f\u0131ns\u00f6nd\u00fcrm\u0259 Qrupunun R\u0259isi)<\/figcaption><\/figure>\n<p>\u201cFukaqava Rayon Yan\u011f\u0131ndan M\u00fchafiz\u0259 \u0130dar\u0259sinin Hokuryu Yan\u011f\u0131ns\u00f6nd\u00fcrm\u0259 Briqadas\u0131n\u0131 110 illik yubileyinin \u0259sas m\u0259rh\u0259l\u0259sin\u0259 \u00e7atmas\u0131 v\u0259 bu \u0259lam\u0259tdar hadis\u0259ni qeyd etm\u0259k \u00fc\u00e7\u00fcn an\u0131m m\u0259rasimi ke\u00e7irm\u0259si m\u00fcnasib\u0259til\u0259 \u00fcr\u0259kd\u0259n t\u0259brikl\u0259rimi \u00e7atd\u0131rmaq ist\u0259rdim.<\/p>\n<p>Kitaryu Yan\u011f\u0131ndan M\u00fchafiz\u0259 Briqadas\u0131 1913-c\u00fc ild\u0259 \u00f6z\u0259l yan\u011f\u0131n\u0131n qar\u015f\u0131s\u0131n\u0131n al\u0131nmas\u0131 birliyi kimi yarad\u0131landan b\u0259ri ard\u0131c\u0131l yan\u011f\u0131ns\u00f6nd\u00fcrm\u0259 briqadalar\u0131n\u0131n r\u0259isl\u0259ri, i\u015f\u00e7il\u0259ri v\u0259 k\u00f6m\u0259k\u00e7i \u00fczvl\u0259ri zamanla yan\u011f\u0131n idar\u0259sini \u0259hat\u0259 ed\u0259n m\u00fchit d\u0259yi\u015fdikc\u0259 bir \u00e7ox probleml\u0259rl\u0259 \u00fczl\u0259\u015fmi\u015fl\u0259r, lakin onlar \u00f6z bilik v\u0259 s\u0259yl\u0259rini birl\u0259\u015fdir\u0259r\u0259k \u00e7oxsayl\u0131 \u00e7\u0259tinlikl\u0259rin \u00f6hd\u0259sind\u0259n g\u0259lm\u0259y\u0259 m\u00fcv\u0259ff\u0259q olmu\u015flar. v\u0259 \u015f\u0259h\u0259r \u0259halisinin t\u0259hl\u00fck\u0259sizliyi. Biz bu s\u0259yl\u0259r\u0259 d\u0259rin h\u00f6rm\u0259timizi bildirm\u0259k ist\u0259rdik.<\/p>\n<p>Bug\u00fcnk\u00fc xatir\u0259 m\u0259\u015fqi nizam-intizaml\u0131 m\u0259\u015fql\u0259 ba\u015flay\u0131b, daha sonra koordinasiyal\u0131 nasos istismar\u0131 t\u0259limi, eyni vaxtda su \u00e7il\u0259m\u0259 v\u0259 m\u00f6ht\u0259\u015f\u0259m formada y\u00fcr\u00fc\u015fl\u0259 davam edib. Bu, ruhlu m\u0259\u015fq idi v\u0259 m\u0259n \u0259min\u0259m ki, f\u0259lak\u0259tl\u0259rin qar\u015f\u0131s\u0131n\u0131n al\u0131nmas\u0131 v\u0259 qar\u015f\u0131s\u0131n\u0131n al\u0131nmas\u0131 sistemini \u0259sasl\u0131 \u015f\u0259kild\u0259 i\u015f\u0259 salmaqla biz \u015f\u0259h\u0259r \u0259halisinin ist\u0259kl\u0259rin\u0259 tam cavab verdik v\u0259 onlar\u0131n biz\u0259 olan inam\u0131n\u0131 daha da art\u0131rd\u0131q.<\/p>\n<p>Son ill\u0259rd\u0259 rekord q\u0131ran qar v\u0259 leysan ya\u011f\u0131\u015flar\u0131 kimi t\u0259bii f\u0259lak\u0259tl\u0259r bir \u00e7ox \u0259razil\u0259rd\u0259 daha tez-tez v\u0259 \u015fidd\u0259tl\u0259nir. N\u0259tic\u0259d\u0259 yan\u011f\u0131ns\u00f6nd\u00fcrm\u0259 briqadam\u0131zdan g\u00f6zl\u0259ntil\u0259r b\u00f6y\u00fckd\u00fcr v\u0259 oynad\u0131\u011f\u0131m\u0131z rol daha da vacib olur.<\/p>\n<p>\u00dcmid edirik ki, bug\u00fcnk\u00fc 110 illik yubiley m\u0259rasimi siz\u0259 g\u00f6z\u0259l yan\u011f\u0131ns\u00f6nd\u00fcrm\u0259 \u0259n\u0259n\u0259l\u0259rinizl\u0259 inam v\u0259 q\u00fcrur hissi il\u0259 m\u0259\u015fql\u0259rinizd\u0259 \u0259zml\u0259 \u00e7al\u0131\u015fmaq v\u0259 g\u0259l\u0259c\u0259kd\u0259 daha da \u0259zml\u0259 \u00e7al\u0131\u015fmaq \u00fc\u00e7\u00fcn bir f\u00fcrs\u0259t olacaqd\u0131r.<\/p>\n<p>Yekun olaraq, Fukaqava Rayon Yan\u011f\u0131ndan M\u00fchafiz\u0259 \u0130dar\u0259sinin Kitaryu Yan\u011f\u0131ns\u00f6nd\u00fcrm\u0259 Briqadas\u0131n\u0131n davaml\u0131 u\u011furlar\u0131 \u00fc\u00e7\u00fcn \u0259n xo\u015f arzular\u0131m\u0131 v\u0259 bu g\u00fcn i\u015ftirak ed\u0259nl\u0259rin ham\u0131s\u0131na cansa\u011fl\u0131\u011f\u0131 v\u0259 xo\u015fb\u0259xtlik arzulay\u0131ram. Bununla da \u00e7\u0131x\u0131\u015f\u0131m\u0131 yekunla\u015fd\u0131r\u0131ram\u201d.<\/p>\n<h3>C\u0259nab Tadashi Kimoto, Fukaqava Polis B\u00f6lm\u0259sinin r\u0259isi, Asahikawa Rayonu, Hokkaydo Prefekturas\u0131n\u0131n Polisi<\/h3>\n<figure class=\"wp-caption aligncenter\"><a href=\"https:\/\/photos.google.com\/share\/AF1QipNAOZNqO5stEeHrdAMZAxL--oEFxSnYmDPJy47sd2cqWcS-bG1FLW9z7NoymWU4Jw\/photo\/AF1QipOyXO6NOLocLdAVfLuVTXWNtNI8_CozJYdetK8?key=SU42OEp1Z2tDSmF4emZEaEFLNjNnUTJfMy1zT21R\" target=\"_blank\" rel=\"noopener\"><img decoding=\"async\" src=\"https:\/\/lh3.googleusercontent.com\/pw\/AJFCJaVgppm9OapvEaldS7FoSNDA0pVPoYd1bjrBGTUZ9hJBfbWQn7h27pXKYKgGB00J-MIC8dI1LvePujmX7hzVQpRJgcROb5KvzD4ORliCRpDNv38MwKS9BzW-GDJECL9gJNoN-k-W8pDTyr7JrZMZHLbZ=w2000-h1333-s-no?authuser=0\" width=\"2000\" height=\"1333\" alt=\"C\u0259nab Tadashi Kimoto, Fukaqava Polis B\u00f6lm\u0259sinin r\u0259isi, Asahikawa Rayonu, Hokkaydo Prefekturas\u0131n\u0131n Polisi\" class=\"size-full\" \/><\/a><figcaption class=\"wp-caption-text\">C\u0259nab Tadashi Kimoto, Fukaqava Polis B\u00f6lm\u0259sinin r\u0259isi, Asahikawa Rayonu, Hokkaydo Prefekturas\u0131n\u0131n Polisi<\/figcaption><\/figure>\n<p>\u201cBu g\u00fcn Hokuryu Yan\u011f\u0131ns\u00f6nd\u00fcrm\u0259 Briqadas\u0131n\u0131n yarad\u0131lmas\u0131n\u0131n 110-cu ild\u00f6n\u00fcm\u00fcn\u00fcn m\u00f6ht\u0259\u015f\u0259m qeyd olunmas\u0131 m\u00fcnasib\u0259til\u0259 \u00fcr\u0259kd\u0259n t\u0259brikl\u0259rimi \u00e7atd\u0131rmaq ist\u0259rdim.<\/p>\n<p>Polis idar\u0259\u00e7iliyinin b\u00fct\u00fcn sah\u0259l\u0259rind\u0259 davaml\u0131 anlay\u0131\u015f\u0131n\u0131za v\u0259 \u0259m\u0259kda\u015fl\u0131\u011f\u0131n\u0131za g\u00f6r\u0259 Siz\u0259 s\u0259mimi minn\u0259tdarl\u0131\u011f\u0131m\u0131z\u0131 bildirm\u0259k ist\u0259rdik.<\/p>\n<p>\u015eanl\u0131 \u0259n\u0259n\u0259 v\u0259 tarix\u0259 malik olan Kitaryu Yan\u011f\u0131ndan M\u00fchafiz\u0259 Briqadas\u0131n\u0131n \u00fczvl\u0259ri g\u0259rgin \u0259sas i\u015fl\u0259ri il\u0259 yana\u015f\u0131, d\u0259rin m\u0259h\u0259lli q\u00fcrur v\u0259 m\u0259suliyy\u0259t hissi il\u0259 sakinl\u0259rin can\u0131n\u0131 v\u0259 \u0259mlak\u0131n\u0131 yan\u011f\u0131nlardan v\u0259 f\u0259lak\u0259tl\u0259rd\u0259n qorumaq kimi n\u0259cib borcunu layiqinc\u0259 yerin\u0259 yetirir, onlar\u0131n z\u0259hm\u0259tin\u0259 d\u0259rin ehtiramlar\u0131m\u0131z\u0131 bildiririk.<\/p>\n<p>Bu g\u00fcn s\u0259h\u0259r saatlar\u0131nda komandirin komandanl\u0131\u011f\u0131 il\u0259 t\u0259\u015fkil olunan d\u0259st\u0259nin y\u00fcr\u00fc\u015f\u00fcn\u00fc v\u0259 t\u0259liml\u0259rini m\u00fc\u015fahid\u0259 etm\u0259k imkan\u0131m oldu v\u0259 sizin y\u00fcks\u0259k \u0259hval-ruhiyy\u0259niz, l\u0259yaq\u0259tli v\u0259 nizam-intizaml\u0131 g\u00f6rk\u0259miniz\u0259 heyran oldum v\u0259 bu, m\u0259nd\u0259 h\u0259m etibarl\u0131, h\u0259m d\u0259 g\u00fccl\u00fc oldu\u011funuz t\u0259\u0259ss\u00fcrat\u0131n\u0131 yaratd\u0131.<\/p>\n<p>Son ill\u0259rd\u0259 \u00f6lk\u0259 daxilind\u0259 geni\u015fmiqyasl\u0131 t\u0259bii f\u0259lak\u0259tl\u0259r v\u0259 q\u0259zalar tez-tez ba\u015f verir v\u0259 Hokkaydoda da anomal hava \u015f\u0259raitinin yaratd\u0131\u011f\u0131 f\u0259lak\u0259tl\u0259r v\u0259 q\u0259zalar artmaqdad\u0131r.<\/p>\n<p>Burada, Kitaryu q\u0259s\u0259b\u0259sind\u0259 biz h\u0259r k\u0259sin f\u0259dakar s\u0259yl\u0259ri say\u0259sind\u0259 dinc h\u0259yat\u0131 qoruya bilirik, lakin biz narahat\u0131q ki, g\u0259l\u0259c\u0259kd\u0259 yan\u011f\u0131ns\u00f6nd\u00fcrm\u0259, t\u0259cili tibbi yard\u0131m \u0259m\u0259liyyatlar\u0131, t\u0259bii f\u0259lak\u0259t yerl\u0259rind\u0259 axtar\u0131\u015f-xilasetm\u0259 \u0259m\u0259liyyatlar\u0131 kimi \u00e7\u0259tin f\u0259aliyy\u0259tl\u0259ri yerin\u0259 yetirm\u0259yimiz t\u0259l\u0259b olunacaq v\u0259ziyy\u0259tl\u0259rin say\u0131 artacaq.<\/p>\n<p>Kitaryu Yan\u011f\u0131ns\u00f6nd\u00fcrm\u0259 \u0130dar\u0259sinin b\u00fct\u00fcn \u00fczvl\u0259rind\u0259n y\u00fcks\u0259k m\u0259lumatl\u0131l\u0131q s\u0259viyy\u0259sini davam etdirm\u0259l\u0259rini, \u00f6z bacar\u0131qlar\u0131n\u0131 daha da t\u0259kmill\u0259\u015fdirm\u0259y\u0259 \u00e7al\u0131\u015fmalar\u0131n\u0131 v\u0259 \u015f\u0259h\u0259r sakinl\u0259rinin onlara olan \u00fcmidl\u0259rini v\u0259 etimad\u0131 do\u011frultmalar\u0131n\u0131 s\u0259mimi q\u0259lbd\u0259n xahi\u015f edir\u0259m.<\/p>\n<p>Polis g\u00fcc\u00fcm\u00fcz Hokuriku Yan\u011f\u0131n Departamenti il\u0259 eyni missiyan\u0131 b\u00f6l\u00fc\u015f\u00fcr, ona g\u00f6r\u0259 d\u0259 biz Hokuriku-nu t\u0259hl\u00fck\u0259siz v\u0259 t\u0259hl\u00fck\u0259siz \u015f\u0259h\u0259r\u0259 \u00e7evirm\u0259k \u00fc\u00e7\u00fcn ke\u00e7mi\u015fd\u0259 etdiyimiz kimi sizinl\u0259 birlikd\u0259 i\u015fl\u0259m\u0259y\u0259 davam etm\u0259k niyy\u0259tind\u0259yik.<\/p>\n<p>Yekun olaraq b\u00fct\u00fcn yan\u011f\u0131ns\u00f6nd\u00fcrm\u0259 briqadas\u0131n\u0131n \u00fczvl\u0259rin\u0259 v\u0259 yan\u011f\u0131ns\u00f6nd\u00fcrm\u0259 idar\u0259sinin \u0259m\u0259kda\u015flar\u0131na v\u0259 bu g\u00fcn burada i\u015ftirak ed\u0259nl\u0259rin ham\u0131s\u0131na m\u00f6hk\u0259m cansa\u011fl\u0131\u011f\u0131 v\u0259 xo\u015fb\u0259xtlik arzulay\u0131ram\u201d.<\/p>\n<figure class=\"wp-caption aligncenter\"><a href=\"https:\/\/photos.google.com\/share\/AF1QipNAOZNqO5stEeHrdAMZAxL--oEFxSnYmDPJy47sd2cqWcS-bG1FLW9z7NoymWU4Jw\/photo\/AF1QipMnANAPNPNR9FfC2mdksbnMl-NQoGjNEqvN3-k?key=SU42OEp1Z2tDSmF4emZEaEFLNjNnUTJfMy1zT21R\" target=\"_blank\" rel=\"noopener\"><img decoding=\"async\" src=\"https:\/\/lh3.googleusercontent.com\/pw\/AJFCJaU46hrzuRSrcsYpoDr8QtJu6u4IpzJcf1aO67FU5Q7CX1i5OixY4DyUXD0OgjoE2h9JPqk1hGIX-ow8z8fyCPkv7Vz_Nhwq0UP9gKsS6t35kLvppWtG1iaRUjjWhq6-LoVRviSRgkDlX_xqFMDM4X9V=w2000-h1333-s-no?authuser=0\" width=\"2000\" height=\"1333\" alt=\"\u00dczvl\u0259r aya\u011fa qalx\u0131r\" class=\"size-full\" \/><\/a><figcaption class=\"wp-caption-text\">\u00dczvl\u0259r aya\u011fa qalx\u0131r<\/figcaption><\/figure>\n<h2>T\u0259brik teleqram\u0131 t\u0259qdimat\u0131<\/h2>\n<h3>Oxuyan: Takayoshi Kazuma, Fukagawa Yan\u011f\u0131n Departamentinin Kitatatsu \u015e\u00f6b\u0259sinin r\u0259isi, Fukaqava Rayon Yan\u011f\u0131n \u0130dar\u0259si Assosiasiyas\u0131<\/h3>\n<figure class=\"wp-caption aligncenter\"><a href=\"https:\/\/photos.google.com\/share\/AF1QipNAOZNqO5stEeHrdAMZAxL--oEFxSnYmDPJy47sd2cqWcS-bG1FLW9z7NoymWU4Jw\/photo\/AF1QipMsmYPNNapQZINsq_6-AieajYPzBj5dTR_Ir_Q?key=SU42OEp1Z2tDSmF4emZEaEFLNjNnUTJfMy1zT21R\" target=\"_blank\" rel=\"noopener\"><img decoding=\"async\" src=\"https:\/\/lh3.googleusercontent.com\/pw\/AJFCJaXRVasCY71T63ZFSYYQdnwoOeBVqJG1MIl_VVL5UrlmISxnZnxjD331adPNmKR_CQXs4lHsqU8Gups7q4k-04H9i3WLYQgkbCcLUDqwG4tL5muMlHprc1cNeXPEToJUKy1d-t40Fb062iL7P0s6KIAJ=w2000-h1333-s-no?authuser=0https:\/\/lh3.googleusercontent.com\/pw\/AJFCJaU46hrzuRSrcsYpoDr8QtJu6u4IpzJcf1aO67FU5Q7CX1i5OixY4DyUXD0OgjoE2h9JPqk1hGIX-ow8z8fyCPkv7Vz_Nhwq0UP9gKsS6t35kLvppWtG1iaRUjjWhq6-LoVRviSRgkDlX_xqFMDM4X9V=w2000-h1333-s-no?authuser=0\" width=\"2000\" height=\"1333\" alt=\"T\u0259brik teleqram\u0131n\u0131 oxudu: Fukaqava Rayon Yan\u011f\u0131ndan M\u00fchafiz\u0259 \u0130dar\u0259sinin Hokuryu \u015f\u00f6b\u0259sinin r\u0259isi Kazuma Takayoshi\" class=\"size-full\" \/><\/a><figcaption class=\"wp-caption-text\">T\u0259brik teleqram\u0131n\u0131n t\u0259qdimat\u0131 v\u0259 oxunmas\u0131: Fukagawa Rayon Yan\u011f\u0131n Departamentinin Hokuryu \u015e\u00f6b\u0259sinin r\u0259isi Kazuma Takayoshi<\/figcaption><\/figure>\n<h4>T\u0259brik teleqram\u0131: Kenichi Suzuki, Sorachi Regional \u0130nki\u015faf B\u00fcrosunun direktoru<\/h4>\n<p>Biz Kitaryu Yan\u011f\u0131ns\u00f6nd\u00fcrm\u0259 Briqadas\u0131n\u0131 110 illik yubileyinin \u0259sas m\u0259rh\u0259l\u0259sin\u0259 \u00e7atmas\u0131 v\u0259 ke\u00e7iril\u0259c\u0259k m\u00f6ht\u0259\u015f\u0259m xatir\u0259 yan\u011f\u0131ns\u00f6nd\u00fcrm\u0259 t\u0259limi m\u00fcnasib\u0259til\u0259 \u00fcr\u0259kd\u0259n t\u0259brik etm\u0259k ist\u0259rdik.<\/p>\n<p>Kitaryu Yan\u011f\u0131ns\u00f6nd\u00fcrm\u0259 Briqadas\u0131 1913-c\u00fc ilin aprelind\u0259 x\u00fcsusi yan\u011f\u0131n\u0131n qar\u015f\u0131s\u0131n\u0131n al\u0131nmas\u0131 birliyi yaradan k\u00f6n\u00fcll\u00fcl\u0259r t\u0259r\u0259find\u0259n yarad\u0131lm\u0131\u015f v\u0259 o vaxtdan b\u0259ri \u00e7oxsayl\u0131 yan\u011f\u0131nlar\u0131n v\u0259 f\u0259lak\u0259tl\u0259rin qar\u015f\u0131s\u0131n\u0131 alaraq Kitaryu \u015f\u0259h\u0259rinin sakinl\u0259rinin t\u0259hl\u00fck\u0259siz v\u0259 t\u0259hl\u00fck\u0259siz h\u0259yat\u0131n\u0131 d\u0259st\u0259kl\u0259mi\u015fdir.<\/p>\n<p>\u00c7oxillik f\u0259dakar z\u0259hm\u0259t\u0259, o c\u00fcml\u0259d\u0259n bu \u0259n\u0259n\u0259ni bu g\u00fcn\u0259 q\u0259d\u0259r davam etdir\u0259n s\u0259l\u0259fl\u0259rimiz\u0259 d\u0259rin ehtiram\u0131m\u0131 bildirm\u0259k ist\u0259yir\u0259m.<\/p>\n<p>Ham\u0131n\u0131z\u0131n \u00f6z m\u00fcnt\u0259z\u0259m i\u015f yerl\u0259riniz olmas\u0131na baxmayaraq, yan\u011f\u0131ns\u00f6nd\u00fcrm\u0259 briqadas\u0131n\u0131n \u00fczvl\u0259ri \u00f6z icman\u0131z\u0131 qorumaq kimi n\u0259cib ruha \u0259saslanan yan\u011f\u0131ns\u00f6nd\u00fcrm\u0259 f\u0259aliyy\u0259tl\u0259rind\u0259 var g\u00fcc\u00fc il\u0259 \u00e7al\u0131\u015f\u0131rlar v\u0259 n\u0259cib f\u0259aliyy\u0259tiniz\u0259 g\u00f6r\u0259 \u00fcr\u0259kd\u0259n minn\u0259tdarl\u0131\u011f\u0131m\u0131z\u0131 bildiririk. H\u0259m\u00e7inin \u00fcmid edirik ki, yan\u011f\u0131n\u0131n s\u00f6nd\u00fcr\u00fclm\u0259sinin b\u00f6hran\u0131n idar\u0259 edilm\u0259si bax\u0131m\u0131ndan getdikc\u0259 daha m\u00fch\u00fcm rolunu \u00f6hd\u0259sin\u0259 g\u00f6t\u00fcrm\u0259k \u00fc\u00e7\u00fcn \u00f6z\u00fcn\u00fcz\u00fc m\u0259\u015fq etm\u0259y\u0259 davam ed\u0259c\u0259ksiniz v\u0259 sakinl\u0259rin t\u0259hl\u00fck\u0259sizliyinin ke\u015fiyind\u0259 dayanan \u0259zmkarl\u0131qla qar\u015f\u0131lama\u011fa davam ed\u0259c\u0259ksiniz. v\u0259 c\u0259miyy\u0259tin t\u0259hl\u00fck\u0259sizliyi.<\/p>\n<p>Sorachi \u00dcmumi \u0130nki\u015faf B\u00fcrosu sakinl\u0259rin s\u00fclh i\u00e7ind\u0259 ya\u015faya bil\u0259c\u0259yi bir icma yaratmaq \u00fc\u00e7\u00fcn sizinl\u0259 s\u0131x i\u015fl\u0259m\u0259y\u0259 davam ed\u0259c\u0259k v\u0259 davaml\u0131 d\u0259st\u0259yinizi v\u0259 \u0259m\u0259kda\u015fl\u0131\u011f\u0131n\u0131z\u0131 y\u00fcks\u0259k qiym\u0259tl\u0259ndiririk.<\/p>\n<p>Sonda m\u0259n bu g\u00fcn buraya topla\u015fan h\u0259r k\u0259s\u0259 cansa\u011fl\u0131\u011f\u0131 v\u0259 Kitaryu Yan\u011f\u0131ns\u00f6nd\u00fcrm\u0259 Briqadas\u0131n\u0131n davaml\u0131 u\u011furlar\u0131 \u00fc\u00e7\u00fcn \u0259n xo\u015f arzular\u0131m\u0131 bildirm\u0259k ist\u0259rdim.<\/p>\n<p>29 iyun 2023. Kenichi Suzuki, Sorachi Regional \u0130nki\u015faf B\u00fcrosunun direktoru.<\/p>\n<h2>Hokuryu Yan\u011f\u0131ndan M\u00fchafiz\u0259 \u0130dar\u0259sinin 110-cu Yubileyi Anma Komit\u0259sinin s\u0259dri v\u0259 Fukaqava Rayon Yan\u011f\u0131n Departamenti Birliyinin Hokuryu Yan\u011f\u0131ndan M\u00fchafiz\u0259 \u0130dar\u0259sinin r\u0259isi c\u0259nab \u015eigeyuki Nakayama t\u0259\u015f\u0259kk\u00fcr edirik<\/h2>\n<figure class=\"wp-caption aligncenter\"><a href=\"https:\/\/photos.google.com\/share\/AF1QipNAOZNqO5stEeHrdAMZAxL--oEFxSnYmDPJy47sd2cqWcS-bG1FLW9z7NoymWU4Jw\/photo\/AF1QipMcff0pRJHeM5bNJakHAVAzKAohhH8mPpJ-hQY?key=SU42OEp1Z2tDSmF4emZEaEFLNjNnUTJfMy1zT21R\" target=\"_blank\" rel=\"noopener\"><img decoding=\"async\" src=\"https:\/\/lh3.googleusercontent.com\/pw\/AJFCJaWGafMkoOclGjcF7B0mKPep0V1E2TauOme60HJ_naRAi1Ql4kWAPGxSQdUTwX6g1M-iLCDnYYj0-ZLUR7R-_DzIJ9OIhVl9-VWlA3TGTv_1Hqwz-Iz0AjpbGnLjCxTfHYCRiYvfukVwwNN2UaMczcdG=w2000-h1333-s-no?authuser=0\" width=\"2000\" height=\"1333\" alt=\"Hokuryu Yan\u011f\u0131ndan M\u00fchafiz\u0259 \u0130dar\u0259sinin 110-cu Yubileyi Anma Layih\u0259 Komit\u0259sinin s\u0259dri v\u0259 Fukaqava rayonundak\u0131 Hokuryu Yan\u011f\u0131ns\u00f6nd\u00fcrm\u0259 \u0130dar\u0259sinin r\u0259isi c\u0259nab \u015eigeyuki Nakayama t\u0259\u015f\u0259kk\u00fcr edirik\" class=\"size-full\" \/><\/a><figcaption class=\"wp-caption-text\">Hokuryu Yan\u011f\u0131ndan M\u00fchafiz\u0259 \u0130dar\u0259sinin 110-cu Yubileyi Anma Layih\u0259 Komit\u0259sinin s\u0259drin\u0259 t\u0259\u015f\u0259kk\u00fcr edirik<br \/>\nFukaqava Rayon Yan\u011f\u0131ndan M\u00fchafiz\u0259 \u0130dar\u0259sinin Hokuryu Yan\u011f\u0131ndan M\u00fchafiz\u0259 Briqadas\u0131n\u0131n r\u0259isi c\u0259nab \u015eigeyuki Nakayama<\/figcaption><\/figure>\n<p>\u201cYan\u011f\u0131ns\u00f6nd\u00fcrm\u0259 briqadas\u0131n\u0131n yaranmas\u0131n\u0131n 110-cu ild\u00f6n\u00fcm\u00fcnd\u0259 an\u0131m m\u0259\u015fqi v\u0259 m\u0259rasimi ke\u00e7ir\u0259 bilm\u0259k H\u00f6k\u00fcr\u00fcy\u00fcn\u00fcn Yan\u011f\u0131ndan M\u00fchafiz\u0259 Briqadas\u0131n\u0131n \u00fczvl\u0259ri \u00fc\u00e7\u00fcn b\u00f6y\u00fck xo\u015fb\u0259xtlikdir.<\/p>\n<p>Anlay\u0131\u015f v\u0259 \u0259m\u0259kda\u015fl\u0131\u011fa g\u00f6r\u0259 b\u00fct\u00fcn maraql\u0131 t\u0259r\u0259fl\u0259r\u0259 s\u0259mimi minn\u0259tdarl\u0131\u011f\u0131m\u0131z\u0131 bildirm\u0259k ist\u0259rdik.<\/p>\n<p>Bu il h\u0259m d\u0259 Hokuryu \u015f\u0259h\u0259rinin yaranmas\u0131n\u0131n 130 illiyi qeyd olunur, \u00e7\u00fcnki \u00c7iba prefekturas\u0131ndan ilk k\u00f6\u00e7k\u00fcnl\u0259r 1893-c\u00fc ild\u0259 k\u00fcr\u0259yi yer\u0259 endirmi\u015fl\u0259r.<\/p>\n<p>Pioner g\u00fcnl\u0259rind\u0259 t\u0259bii f\u0259lak\u0259tl\u0259rin tez-tez da\u011f\u0131d\u0131lmas\u0131 v\u0259 me\u015f\u0259 yan\u011f\u0131nlar\u0131n\u0131n ba\u015f verm\u0259si sakinl\u0259r\u0259 yan\u011f\u0131ns\u00f6nd\u00fcrm\u0259 t\u0259\u015fkilat\u0131na ehtiyac oldu\u011funu d\u0259rind\u0259n d\u0259rk etdi v\u0259 \u00c7iba qrupu \u0259razid\u0259 m\u0259skunla\u015fd\u0131qdan on il sonra Wa Yan\u011f\u0131ndan M\u00fchafiz\u0259 Assosiasiyas\u0131 yarad\u0131ld\u0131.<\/p>\n<p>Daha sonra 1913-c\u00fc ild\u0259 \u00d6z\u0259l \u015einryu Yan\u011f\u0131ndan M\u00fcbariz\u0259 D\u0259rn\u0259yi olaraq yenid\u0259n t\u0259\u015fkil edildi v\u0259 bu il Kitaryu Yan\u011f\u0131n Briqadas\u0131n\u0131n m\u0259n\u015f\u0259yi hesab olunur.<\/p>\n<p>\u0130ll\u0259r ke\u00e7dikc\u0259 \u00f6z\u0259l yan\u011f\u0131ns\u00f6nd\u00fcrm\u0259 briqadas\u0131na, daha sonra d\u00f6vl\u0259t yan\u011f\u0131ns\u00f6nd\u00fcrm\u0259 briqadas\u0131na, daha sonra is\u0259 m\u00fclki m\u00fcdafi\u0259 korpusuna \u00e7evrildi v\u0259 1947-ci ild\u0259 m\u00fcharib\u0259 bitdikd\u0259n sonra b\u0259l\u0259diyy\u0259 yan\u011f\u0131ns\u00f6nd\u00fcrm\u0259 briqadas\u0131na ke\u00e7di v\u0259 Kitaryu K\u0259nd Yan\u011f\u0131ndan M\u00fchafiz\u0259 Briqadas\u0131 yarad\u0131ld\u0131.<\/p>\n<p>Bundan \u0259lav\u0259, yan\u011f\u0131ns\u00f6nd\u00fcrm\u0259 t\u0259\u015fkilat\u0131n\u0131n g\u00fccl\u0259ndirilm\u0259si v\u0259 obyektl\u0259rin m\u00fcasirl\u0259\u015fdirilm\u0259si m\u0259qs\u0259dil\u0259 1972-ci ild\u0259 Sora\u00e7i Rayon Yan\u011f\u0131ndan M\u00fchafiz\u0259 \u0130dar\u0259si birliyi geni\u015f \u0259razi yan\u011f\u0131ns\u00f6nd\u00fcrm\u0259 idar\u0259si kimi yarad\u0131lm\u0131\u015f v\u0259 aidiyy\u0259ti \u015f\u0259h\u0259r v\u0259 q\u0259s\u0259b\u0259l\u0259rin \u0259m\u0259kda\u015fl\u0131\u011f\u0131 il\u0259 \u00f6z\u0259l yan\u011f\u0131ns\u00f6nd\u00fcrm\u0259 i\u015fl\u0259rinin g\u00fccl\u0259ndirilm\u0259si \u00fc\u00e7\u00fcn s\u0259yl\u0259r g\u00f6st\u0259rilmi\u015fdir.<\/p>\n<p>Bu uzun tarix boyu g\u00fccl\u00fc yerli q\u00fcrur hissi il\u0259 yan\u011f\u0131ns\u00f6nd\u00fcr\u0259nl\u0259r kimi yorulmadan f\u0259aliyy\u0259tl\u0259rini davam etdir\u0259n s\u0259l\u0259fl\u0259rimiz\u0259 d\u0259rin h\u00f6rm\u0259timizi bildirm\u0259k ist\u0259rdik.<\/p>\n<p>\u018fn\u0259n\u0259vi Kitaryu Yan\u011f\u0131n Departamenti 110 illik yubileyini qeyd ed\u0259rk\u0259n, o, ill\u0259r \u0259rzind\u0259 yeti\u015fdirilmi\u015f Kitaryu yan\u011f\u0131ns\u00f6nd\u00fcrm\u0259 ruhunu qorumaq, d\u0259yi\u015f\u0259n zamanlar\u0131 v\u0259 sosial transformasiyalar\u0131 d\u0259qiq d\u0259rk etm\u0259k v\u0259 f\u0259lak\u0259tl\u0259rl\u0259 \u00fczl\u0259\u015f\u0259n sakinl\u0259rin g\u00f6zl\u0259ntil\u0259rini qar\u015f\u0131lamaq \u00fc\u00e7\u00fcn daha \u00e7ox \u00e7al\u0131\u015fmaq \u0259zmind\u0259dir.<\/p>\n<p>Hokuryu Yan\u011f\u0131n Departamentin\u0259 davaml\u0131 r\u0259hb\u0259rlik, t\u0259\u015fviq v\u0259 d\u0259st\u0259y\u0259 g\u00f6r\u0259 ham\u0131n\u0131za t\u0259\u015f\u0259kk\u00fcr etm\u0259k ist\u0259rdik.&quot;<\/p>\n<h2>Bayram<\/h2>\n<p>D\u0259bd\u0259b\u0259li yem\u0259k (G\u00fcn\u0259baxan Park\u0131ndan Hokuryu Onsen), o c\u00fcml\u0259d\u0259n bayram q\u0131rm\u0131z\u0131 d\u00fcy\u00fc verildi v\u0259 Soba \u015eokuraku Klubunun \u00fczvl\u0259ri Hokuryu (N\u00fcmay\u0259nd\u0259: Nakamura Naoichi) \u00fcr\u0259kd\u0259n haz\u0131rlanm\u0131\u015f \u0259l istehsal\u0131 soba \u0259ri\u015ft\u0259l\u0259ri t\u0259qdim etdil\u0259r.<\/p>\n<figure class=\"wp-caption aligncenter\"><a href=\"https:\/\/photos.google.com\/share\/AF1QipNAOZNqO5stEeHrdAMZAxL--oEFxSnYmDPJy47sd2cqWcS-bG1FLW9z7NoymWU4Jw\/photo\/AF1QipPsGASq1QM5m-hfSwzPY5_-Q0GX4_H9ymdhI-0?key=SU42OEp1Z2tDSmF4emZEaEFLNjNnUTJfMy1zT21R\" target=\"_blank\" rel=\"noopener\"><img decoding=\"async\" src=\"https:\/\/lh3.googleusercontent.com\/pw\/AJFCJaUqUpVRydfUw6UxvPQnqw9EAeXXQ2bwmVAUKelY2Ifcw4Dhgqkp6-ABL1yPONkv8lA-SK0NdnHCeMoyczTKWROg24MrtTWxT-WXpwX9WG6iuSdCaBnhZAtzFMPjCTVnYx9MQMoVw-HRn23gN5Wrnr8Z=w2000-h1500-s-no?authuser=0\" width=\"2000\" height=\"1500\" alt=\"Bayram bento v\u0259 q\u0131rm\u0131z\u0131 d\u00fcy\u00fc\" class=\"size-full\" \/><\/a><figcaption class=\"wp-caption-text\">Bayram bento v\u0259 q\u0131rm\u0131z\u0131 d\u00fcy\u00fc<\/figcaption><\/figure>\n<figure class=\"wp-caption aligncenter\"><a href=\"https:\/\/photos.google.com\/share\/AF1QipNAOZNqO5stEeHrdAMZAxL--oEFxSnYmDPJy47sd2cqWcS-bG1FLW9z7NoymWU4Jw\/photo\/AF1QipNyehdHZHGwgbTOPAegJfJV-FnYs01wm3Tjig4?key=SU42OEp1Z2tDSmF4emZEaEFLNjNnUTJfMy1zT21R\" target=\"_blank\" rel=\"noopener\"><img decoding=\"async\" src=\"https:\/\/lh3.googleusercontent.com\/pw\/AJFCJaWFCxhI9_h2jL44j0eogDmkqlwbip5vIvjKM08yZSXDnuy_42xiSvF1eXuEozjjPrjo4Dv19NRmFzk63ymg3i-l8o_ZwhAe4gk_yfiyXg6eaYqurne8_NlLu5A_naBfZPv9fm7x_B4a6SMrCEUpwwoP=w2000-h1500-s-no?authuser=0\" width=\"2000\" height=\"1500\" alt=\"D\u0259bd\u0259b\u0259li m\u0259tb\u0259x (Sunflower Park Hokuryu Onsen)\" class=\"size-full\" \/><\/a><figcaption class=\"wp-caption-text\">D\u0259bd\u0259b\u0259li m\u0259tb\u0259x (Sunflower Park Hokuryu Onsen)<\/figcaption><\/figure>\n<figure class=\"wp-caption aligncenter\"><a href=\"https:\/\/photos.google.com\/share\/AF1QipNAOZNqO5stEeHrdAMZAxL--oEFxSnYmDPJy47sd2cqWcS-bG1FLW9z7NoymWU4Jw\/photo\/AF1QipOllhD9G6pyH8tDO_4tECFMFTaLh1FiW2pWDk4?key=SU42OEp1Z2tDSmF4emZEaEFLNjNnUTJfMy1zT21R\" target=\"_blank\" rel=\"noopener\"><img decoding=\"async\" src=\"https:\/\/lh3.googleusercontent.com\/pw\/AJFCJaXVriMktCMsWY77h5IhF8V5-gWF2FaHI0zKYG5E8nz7MJikHw5l_scLPefqXHQE61JPCWYaCC8AIaig6o_C6AtvxXY2jXo5xXWAYJNcJQ4rcEovlU4xX2oND-9bSk3wC_VtQ2ia42NaA1E0rskEoOZ1=w2000-h1333-s-no?authuser=0\" width=\"2000\" height=\"1333\" alt=\"&quot;Soba \u015eokurakubu Hokuryu (N\u00fcmay\u0259nd\u0259: Naoichi Nakamura)&quot; t\u0259r\u0259find\u0259n \u0259l istehsal\u0131 soba \u0259ri\u015ft\u0259l\u0259ri\" class=\"size-full\" \/><\/a><figcaption class=\"wp-caption-text\">&quot;Soba \u015eokurakubu Hokuryu (N\u00fcmay\u0259nd\u0259: Naoichi Nakamura)&quot; t\u0259r\u0259find\u0259n \u0259l istehsal\u0131 soba \u0259ri\u015ft\u0259l\u0259ri<\/figcaption><\/figure>\n<figure class=\"wp-caption aligncenter\"><a href=\"https:\/\/photos.google.com\/share\/AF1QipNAOZNqO5stEeHrdAMZAxL--oEFxSnYmDPJy47sd2cqWcS-bG1FLW9z7NoymWU4Jw\/photo\/AF1QipMBFCAUlWK2chG9vZmY9MwQnGRnIogDYmFqIc0?key=SU42OEp1Z2tDSmF4emZEaEFLNjNnUTJfMy1zT21R\" target=\"_blank\" rel=\"noopener\"><img decoding=\"async\" src=\"https:\/\/lh3.googleusercontent.com\/pw\/AJFCJaVEMvQ3xMmr9tp-oS3Zmk7L-TCfIi0--pqsqbDzghcM-jseg-bRALsVx7-vAqMdTR8S0oC0pHJy0m_AAupmw6xFSCc5EVtlDwpMBeN_LG0OZA0siblyXoHHJTRXlKM0Wi_x2Z3RneNhawdK8WfYqfPg=w2000-h1333-s-no?authuser=0\" width=\"2000\" height=\"1333\" alt=\"Sevgi il\u0259 haz\u0131rlanm\u0131\u015f \u0259l istehsal\u0131 soba \u0259ri\u015ft\u0259l\u0259rinin n\u00fcmayi\u015fi!\" class=\"size-full\" \/><\/a><figcaption class=\"wp-caption-text\">Sevgi il\u0259 haz\u0131rlanm\u0131\u015f \u0259l istehsal\u0131 soba \u0259ri\u015ft\u0259l\u0259rinin n\u00fcmayi\u015fi!<\/figcaption><\/figure>\n<h3>A\u00e7\u0131l\u0131\u015f nitqi: Hokuryu Yan\u011f\u0131ns\u00f6nd\u00fcrm\u0259 Briqadalar\u0131 D\u0259rn\u0259yinin D\u0259st\u0259k Qrupunun s\u0259dri c\u0259nab Satoshi Joja<\/h3>\n<figure class=\"wp-caption aligncenter\"><a href=\"https:\/\/photos.google.com\/share\/AF1QipNAOZNqO5stEeHrdAMZAxL--oEFxSnYmDPJy47sd2cqWcS-bG1FLW9z7NoymWU4Jw\/photo\/AF1QipNx5ArrkhHqJev6ry_DinlrzRiagZRP1qFiS4w?key=SU42OEp1Z2tDSmF4emZEaEFLNjNnUTJfMy1zT21R\" target=\"_blank\" rel=\"noopener\"><img decoding=\"async\" src=\"https:\/\/lh3.googleusercontent.com\/pw\/AJFCJaUEz46GLi_ruya9kKiCBeBj1r6iYD2QByeNa-FEjp3raWe3UhPTQ5FYcwVtmWxbQWwdcEGViu7944cJGG0OdCzKAw__QaTYLFn80uk4dTah2uxbfAbJ5mdti5zBDs7MRV2R8DGH9v8Pr9T21M836GKH=w2000-h1333-s-no?authuser=0\" width=\"2000\" height=\"1333\" alt=\"Hokuryu Yan\u011f\u0131ns\u00f6nd\u00fcrm\u0259 Briqadalar\u0131 D\u0259rn\u0259yinin D\u0259st\u0259k Qrupunun s\u0259dri c\u0259nab Satoshi Joja\" class=\"size-full\" \/><\/a><figcaption class=\"wp-caption-text\">Hokuryu Yan\u011f\u0131ns\u00f6nd\u00fcrm\u0259 Briqadalar\u0131 D\u0259rn\u0259yinin D\u0259st\u0259k Qrupunun s\u0259dri c\u0259nab Satoshi Joja<\/figcaption><\/figure>\n<p>\u201c\u0130lin bu vaxt\u0131nda g\u0259rgin i\u015f qrafikiniz\u0259 baxmayaraq, Hokuryu Yan\u011f\u0131ns\u00f6nd\u00fcrm\u0259 Briqadas\u0131n\u0131n 110 illik yubiley t\u0259dbirind\u0259 i\u015ftirak etdiyiniz \u00fc\u00e7\u00fcn \u00e7ox sa\u011f olun.<\/p>\n<p>Yerli f\u0259lak\u0259tl\u0259rin qar\u015f\u0131s\u0131n\u0131n al\u0131nmas\u0131 \u00fczr\u0259 m\u00fcdafi\u0259\u00e7i kimi \u00f6z v\u0259zif\u0259l\u0259rind\u0259 uzunm\u00fcdd\u0259tli xidm\u0259tl\u0259rin\u0259 g\u00f6r\u0259 bu g\u00fcn t\u0259\u015f\u0259kk\u00fcrnam\u0259 v\u0259 m\u00fckafatlar\u0131 alan insanlara bir daha \u00fcr\u0259kd\u0259n h\u00f6rm\u0259t v\u0259 minn\u0259tdarl\u0131\u011f\u0131m\u0131z\u0131 bildirm\u0259k ist\u0259rdik.<\/p>\n<p>Xatir\u0259 m\u0259\u015fqi zaman\u0131 110 ildir davam ed\u0259n nizam-intizam v\u0259 manevr t\u0259limi t\u0259limin \u0259n\u0259n\u0259vi y\u00fcks\u0259k keyfiyy\u0259tini n\u00fcmayi\u015f etdirdi v\u0259 biz t\u0259lim\u0259 ged\u0259n g\u00fccl\u00fc h\u0259v\u0259si bir daha hiss ed\u0259 bildik.<\/p>\n<p>Sonda \u00fcmid edir\u0259m ki, bu il yan\u011f\u0131n olmayacaq v\u0259 Hokuryu Yan\u011f\u0131ns\u00f6nd\u00fcrm\u0259 briqadas\u0131na u\u011furlar\u0131n davaml\u0131 olmas\u0131n\u0131 v\u0259 b\u00fct\u00fcn i\u015ftirak ed\u0259nl\u0259r\u0259 can sa\u011fl\u0131\u011f\u0131 arzulay\u0131ram. Bug\u00fcnk\u00fc z\u0259hm\u0259tiniz\u0259 g\u00f6r\u0259 siz\u0259 t\u0259\u015f\u0259kk\u00fcr edir\u0259m\u201d.<\/p>\n<h3>Tost: F\u0259xri yan\u011f\u0131ns\u00f6nd\u00fcr\u0259n Hiroaki \u0130to<\/h3>\n<p>&quot;H\u00f6k\u00fcr\u00fcy\u00fcn\u00fcn Yan\u011f\u0131ns\u00f6nd\u00fcrm\u0259 Briqadas\u0131n\u0131n yaranmas\u0131n\u0131n 110 illiyi m\u00fcnasib\u0259til\u0259 t\u0259brik edir\u0259m. Yenic\u0259 m\u00fckafat v\u0259 t\u0259\u015f\u0259kk\u00fcrnam\u0259 alm\u0131\u015f ham\u0131n\u0131za uzunm\u00fcdd\u0259tli f\u0259aliyy\u0259tiniz\u0259 g\u00f6r\u0259 h\u00f6rm\u0259t v\u0259 minn\u0259tdarl\u0131\u011f\u0131m\u0131 bildirir\u0259m.<\/p>\n<p>&quot;Bundan \u0259lav\u0259, \u00fc\u00e7 qad\u0131n \u00fczv yan\u011f\u0131ns\u00f6nd\u00fcrm\u0259 briqadas\u0131na qo\u015fuldu v\u0259 biz onlar\u0131n b\u00f6y\u00fck nailiyy\u0259tl\u0259r \u0259ld\u0259 etm\u0259sini s\u0259birsizlikl\u0259 g\u00f6zl\u0259yirik. G\u0259lin, Hokuryu Yan\u011f\u0131ndan M\u00fchafiz\u0259 \u0130dar\u0259sin\u0259 bir tost qald\u0131raq&quot;.<\/p>\n<p><b style=\"font-size:18pt;\">sa\u011fol!<\/b>Q\u0131\u015fq\u0131r\u0131qla ham\u0131 eyni vaxtda \u015f\u0259nlik xatirin\u0259 i\u00e7di.<\/p>\n<figure class=\"wp-caption aligncenter\"><a href=\"https:\/\/photos.google.com\/share\/AF1QipNAOZNqO5stEeHrdAMZAxL--oEFxSnYmDPJy47sd2cqWcS-bG1FLW9z7NoymWU4Jw\/photo\/AF1QipO3XsbTMVk5lqlPX1tWbXx84JTEeFON0j0ToOI?key=SU42OEp1Z2tDSmF4emZEaEFLNjNnUTJfMy1zT21R\" target=\"_blank\" rel=\"noopener\"><img decoding=\"async\" src=\"https:\/\/lh3.googleusercontent.com\/pw\/AJFCJaVRV7KYrJ2SkwGRcjvuXVW1qcUIXF1KtExYZxfsjikW6QCsqRMvg0BVQH2ysJmfWmWuYTr5oSvfkd6YFHd_e26Y8Rl_tPtpyeSxQ3RTgn3GvsVaOsQVWL542zke8vy0-Y_ahkKbvr9haMBNSXwHFvWB=w2000-h1333-s-no?authuser=0\" width=\"2000\" height=\"1333\" alt=\"sa\u011fol!\" class=\"size-full\" \/><\/a><figcaption class=\"wp-caption-text\">sa\u011fol!<\/figcaption><\/figure>\n<h3>Sakitl\u0259\u015fdirici ziyaf\u0259t<\/h3>\n<figure class=\"wp-caption aligncenter\"><a href=\"https:\/\/photos.google.com\/share\/AF1QipNAOZNqO5stEeHrdAMZAxL--oEFxSnYmDPJy47sd2cqWcS-bG1FLW9z7NoymWU4Jw\/photo\/AF1QipOf0HPBQ5V988ecQaFQzc_PCentr5EDj09790E?key=SU42OEp1Z2tDSmF4emZEaEFLNjNnUTJfMy1zT21R\" target=\"_blank\" rel=\"noopener\"><img decoding=\"async\" src=\"https:\/\/lh3.googleusercontent.com\/pw\/AJFCJaVKs5wN9AwjUufuLPGC0OjbBklKieGPbm2vw-Ffghke68qgg5P9oBSuAnOBu7Hd6XfbhISGMGsVmByhO1ZCtm3dAAAYYGfUPmKZ9Qh1Xtp4G84gJbNf14v4IkPorVGZV1bpr63JLg5Ul6JoD9rkBKkB=w2000-h1333-s-no?authuser=0\" width=\"2000\" height=\"1333\" alt=\"D\u0259bd\u0259b\u0259li m\u0259tb\u0259xd\u0259n h\u0259zz al\u0131n!\" class=\"size-full\" \/><\/a><figcaption class=\"wp-caption-text\">D\u0259bd\u0259b\u0259li m\u0259tb\u0259xd\u0259n h\u0259zz al\u0131n!<\/figcaption><\/figure>\n<figure class=\"wp-caption aligncenter\"><a href=\"https:\/\/photos.google.com\/share\/AF1QipNAOZNqO5stEeHrdAMZAxL--oEFxSnYmDPJy47sd2cqWcS-bG1FLW9z7NoymWU4Jw\/photo\/AF1QipO8ztaA1Z_G_vn_wVx4HXc263xEmsGl4TYcIbM?key=SU42OEp1Z2tDSmF4emZEaEFLNjNnUTJfMy1zT21R\" target=\"_blank\" rel=\"noopener\"><img decoding=\"async\" src=\"https:\/\/lh3.googleusercontent.com\/pw\/AJFCJaWC5m7NxCzmIXgggw3o2jeTZcIpYOZZiL9ejR83FxRe704PK2gYEXmaKlndYAJuKG-Pju36cfjMaRYpg__f5v4IxOfe5TliDnFNFxQHlHBksRf21xhvarkUpZwytV1ZQaY_OxFQPgqe_mUw5F5Uz1q1=w2000-h1333-s-no?authuser=0\" width=\"2000\" height=\"1333\" alt=\"Qrup \u00fczvl\u0259ri\" class=\"size-full\" \/><\/a><figcaption class=\"wp-caption-text\">Qrup \u00fczvl\u0259ri<\/figcaption><\/figure>\n<figure class=\"wp-caption aligncenter\"><a href=\"https:\/\/photos.google.com\/share\/AF1QipNAOZNqO5stEeHrdAMZAxL--oEFxSnYmDPJy47sd2cqWcS-bG1FLW9z7NoymWU4Jw\/photo\/AF1QipPvAQHPOFHZwX0uTaDHNDrv1Wf8z7dR0OshFPA?key=SU42OEp1Z2tDSmF4emZEaEFLNjNnUTJfMy1zT21R\" target=\"_blank\" rel=\"noopener\"><img decoding=\"async\" src=\"https:\/\/lh3.googleusercontent.com\/pw\/AJFCJaVEvXEIO11eKHVlEgbEWTnEexwwPg9ts33qf0c5Ay9Mp-5o6yPlvuQ_ofvTfxTxl032m_2lcJf9eHhWKrGdzu8Vihw9NwIlSITgi0PmMquwMznlf1MDdYotxl5X9SYaY4scfE9MilF8VcpJCwtUubWp=w2000-h1333-s-no?authuser=0https:\/\/lh3.googleusercontent.com\/pw\/AJFCJaWC5m7NxCzmIXgggw3o2jeTZcIpYOZZiL9ejR83FxRe704PK2gYEXmaKlndYAJuKG-Pju36cfjMaRYpg__f5v4IxOfe5TliDnFNFxQHlHBksRf21xhvarkUpZwytV1ZQaY_OxFQPgqe_mUw5F5Uz1q1=w2000-h1333-s-no?authuser=0\" width=\"2000\" height=\"1333\" alt=\"B\u0259l\u0259diyy\u0259 Ba\u015f\u00e7\u0131s\u0131 Sano il\u0259 s\u00f6hb\u0259t d\u0259 daxil olmaqla...\" class=\"size-full\" \/><\/a><figcaption class=\"wp-caption-text\">B\u0259l\u0259diyy\u0259 Ba\u015f\u00e7\u0131s\u0131 Sano il\u0259 s\u00f6hb\u0259t d\u0259 daxil olmaqla...<\/figcaption><\/figure>\n<h3>Nostalji yan\u011f\u0131ns\u00f6nd\u00fcrm\u0259 f\u0259aliyy\u0259tl\u0259rinin video n\u00fcmayi\u015fi: Hiroyuki Takimoto, 8-ci filial r\u0259isi<\/h3>\n<figure class=\"wp-caption aligncenter\"><a href=\"https:\/\/photos.google.com\/share\/AF1QipNAOZNqO5stEeHrdAMZAxL--oEFxSnYmDPJy47sd2cqWcS-bG1FLW9z7NoymWU4Jw\/photo\/AF1QipPQnU5xyala4JclkzjrzPNjZ8bJk59mmk_oNeA?key=SU42OEp1Z2tDSmF4emZEaEFLNjNnUTJfMy1zT21R\" target=\"_blank\" rel=\"noopener\"><img decoding=\"async\" src=\"https:\/\/lh3.googleusercontent.com\/pw\/AJFCJaXMDtLtiC_jWz3gswnwqa9SrHkj61Fzr0B2N96OZVPNOR3vb2m6tu0f1GMNvSOg-dg8-BleK2M2z0dtT4FtU1S93shnSTRb5mpLE358GGV7BJpraV-hujUnCzMajAy8kfJlnwhu3SfPyb79rz7h0AQu=w2000-h1333-s-no?authuser=0\" width=\"2000\" height=\"1333\" alt=\"Nostaljik yan\u011f\u0131ns\u00f6nd\u00fcrm\u0259 f\u0259aliyy\u0259tl\u0259rini g\u00f6st\u0259r\u0259n video.\" class=\"size-full\" \/><\/a><figcaption class=\"wp-caption-text\">Nostaljik yan\u011f\u0131ns\u00f6nd\u00fcrm\u0259 f\u0259aliyy\u0259tl\u0259rini g\u00f6st\u0259r\u0259n video.<\/figcaption><\/figure>\n<figure class=\"wp-caption aligncenter\"><a href=\"https:\/\/photos.google.com\/share\/AF1QipNAOZNqO5stEeHrdAMZAxL--oEFxSnYmDPJy47sd2cqWcS-bG1FLW9z7NoymWU4Jw\/photo\/AF1QipOEZIhJoeWgcpVra2rzsGDjtJTqnwTErsKF5QI?key=SU42OEp1Z2tDSmF4emZEaEFLNjNnUTJfMy1zT21R\" target=\"_blank\" rel=\"noopener\"><img decoding=\"async\" src=\"https:\/\/lh3.googleusercontent.com\/pw\/AJFCJaUL1moLiqnU5-gevc3IrKexGWyHRsY0s1kkUaF8Pp-2mm8umyVd2sCqzklGMC58z_C4nTT858qPGtJElCz7-VmNtwqbmgyiRzf7BbNmJdDrGc-8sQ_4_1axBqe0a_6Y_RsTjd3CfUeZM7QFA2rb4UWd=w2000-h1333-s-no?authuser=0\" width=\"2000\" height=\"1333\" alt=\"C\u0259nab Hiroyuki Takimoto t\u0259r\u0259find\u0259n izahat (Hokuryu Filial\u0131n\u0131n 8-ci R\u0259hb\u0259ri)\" class=\"size-full\" \/><\/a><figcaption class=\"wp-caption-text\">C\u0259nab Hiroyuki Takimoto t\u0259r\u0259find\u0259n izahat (Hokuryu Filial\u0131n\u0131n 8-ci R\u0259hb\u0259ri)<\/figcaption><\/figure>\n<h2>Uzun\u00f6m\u00fcrl\u00fcl\u00fck \u00fc\u00e7\u00fcn \u00fc\u00e7 alq\u0131\u015f<\/h2>\n<p>T\u0259dbir Fukagawa Rayon Yan\u011f\u0131ns\u00f6nd\u00fcrm\u0259 \u0130dar\u0259sinin f\u0259xri \u00fczv\u00fc Masatoshi Yamaqi\u015finin \u00fc\u00e7 alq\u0131\u015flar\u0131 il\u0259 ba\u015fa \u00e7atd\u0131!<\/p>\n<figure class=\"wp-caption aligncenter\"><a href=\"https:\/\/photos.google.com\/share\/AF1QipNAOZNqO5stEeHrdAMZAxL--oEFxSnYmDPJy47sd2cqWcS-bG1FLW9z7NoymWU4Jw\/photo\/AF1QipN4KUYNavijJ3XN1q-mk3erh9Y1f8r7bWyI648?key=SU42OEp1Z2tDSmF4emZEaEFLNjNnUTJfMy1zT21R\" target=\"_blank\" rel=\"noopener\"><img decoding=\"async\" src=\"https:\/\/lh3.googleusercontent.com\/pw\/AJFCJaVOzBjT9Q1yXfsLJEE1YzvkGCZGXHRePxEB4uXu-3G2y9iJh3AEhfD0bEh43OvC15um79NLHNky9woP6ZfxhdtaeXnBO2Xr0c9yT3A1WIo4EOSzAE9z9Qg4JRRl7AyZ-tQAxIWGpycQ-DpjpUG2k7rK=w2000-h1128-s-no?authuser=0\" width=\"2000\" height=\"1128\" alt=\"\u00dc\u00e7 alq\u0131\u015f!!!\" class=\"size-full\" \/><\/a><figcaption class=\"wp-caption-text\">\u00dc\u00e7 alq\u0131\u015f!!!<\/figcaption><\/figure>\n<p>T\u0259dbir Fukagawa Rayon Yan\u011f\u0131ns\u00f6nd\u00fcrm\u0259 \u0130dar\u0259sinin f\u0259xri \u00fczv\u00fc Yamaqi\u015fi Masato\u015finin \u00fc\u00e7 alq\u0131\u015flar\u0131 il\u0259 ba\u015fa \u00e7atd\u0131!<\/p>\n<p>\u201c\u00c7ox nostalji film\u0259 baxark\u0259n m\u0259n\u0259 \u00f6t\u0259n 110 ilin bir hiss\u0259sini xat\u0131rlatd\u0131m.<\/p>\n<p>1913-c\u00fc ild\u0259 yarand\u0131\u011f\u0131 g\u00fcnd\u0259n 110 il ke\u00e7ir (Taisho 2). 1947-ci ild\u0259 (Showa 22) b\u0259l\u0259diyy\u0259 yan\u011f\u0131ns\u00f6nd\u00fcrm\u0259 idar\u0259sin\u0259 \u00e7evrildi.<\/p>\n<p>M\u0259n yan\u011f\u0131ns\u00f6nd\u00fcrm\u0259 briqadas\u0131na 1969-cu ild\u0259 qo\u015fulmu\u015fam v\u0259 indi ke\u00e7mi\u015f\u0259 baxanda g\u00f6r\u00fcr\u0259m ki, o b\u00f6y\u00fck d\u0259yi\u015fiklikl\u0259r zaman\u0131 minn\u0259tdarl\u0131\u011f\u0131m\u0131 bildir\u0259n bir \u015fey d\u0259 yan\u011f\u0131ns\u00f6nd\u00fcrm\u0259 idar\u0259sinin binas\u0131n\u0131n tikintisi v\u0259 daimi yan\u011f\u0131ns\u00f6nd\u00fcrm\u0259 sistemimizin g\u00fccl\u0259ndirilm\u0259si, \u015f\u0259xsi hey\u0259tin say\u0131n\u0131n art\u0131r\u0131lmas\u0131 olub.<\/p>\n<p>Ba\u015fqa bir \u015fey odur ki, vaqon-sisternl\u0259rin t\u0259tbiqi yan\u011f\u0131nlar\u0131n ilkin m\u0259rh\u0259l\u0259sind\u0259 s\u00f6nd\u00fcr\u00fclm\u0259sin\u0259 \u00e7ox b\u00f6y\u00fck t\u0259sir g\u00f6st\u0259rmi\u015fdir.<\/p>\n<p>Ancaq h\u0259r \u015feyd\u0259n \u0259vv\u0259l t\u0259m\u0259l insanlard\u0131r. \u018fvv\u0259ll\u0259r m\u00fckafat alm\u0131\u015f insanlar kimi, g\u0259ncl\u0259rin d\u0259 do\u011fma \u015f\u0259h\u0259rl\u0259rini qorumaq h\u0259v\u0259si onlar\u0131 birl\u0259\u015fdirir v\u0259 \u0259sl yan\u011f\u0131ns\u00f6nd\u00fcrm\u0259ni m\u00fcmk\u00fcn ed\u0259n d\u0259 budur. \u0130nan\u0131ram ki, bunu d\u0259st\u0259kl\u0259y\u0259n d\u0259st\u0259k qruplar\u0131 var v\u0259 bunu ba\u015fa d\u00fc\u015f\u0259n yan\u011f\u0131ns\u00f6nd\u00fcrm\u0259 idar\u0259si var.<\/p>\n<p>Bu ilin may ay\u0131nda iki tayfun olub. Bildirilir ki, bu il Sakit v\u0259 Hind okeanlar\u0131nda d\u0259niz s\u0259viyy\u0259sinin qalxmas\u0131 2015-ci ill\u0259 eynidir.<\/p>\n<p>S\u0259kkiz il \u0259vv\u0259l Naqano v\u0259 Kumamoto prefekturalar\u0131 b\u00f6y\u00fck da\u015fq\u0131nlarla \u00fczl\u0259\u015fmi\u015fdi. \u00dcmid edir\u0259m ki, b\u00fct\u00fcn yan\u011f\u0131ns\u00f6nd\u00fcr\u0259nl\u0259r ay\u0131q-say\u0131q qalacaqlar v\u0259 m\u0259\u015fq etm\u0259y\u0259 v\u0259 t\u0259kmill\u0259\u015fm\u0259y\u0259 davam ed\u0259c\u0259kl\u0259r.<\/p>\n<p>M\u0259n bu g\u00fcn buradak\u0131 yan\u011f\u0131ns\u00f6nd\u00fcrm\u0259 briqadas\u0131n\u0131n b\u00fct\u00fcn \u00fczvl\u0259rin\u0259 \u00fcr\u0259kd\u0259n t\u0259\u015f\u0259kk\u00fcr\u00fcm\u00fc bildirir\u0259m v\u0259 110 illik yubileyind\u0259n istifad\u0259 ed\u0259r\u0259k, Hokuryu Yan\u011f\u0131ns\u00f6nd\u00fcrm\u0259 Briqadas\u0131n\u0131n davaml\u0131 inki\u015faf\u0131, yan\u011f\u0131nlar\u0131n v\u0259 f\u0259lak\u0259tl\u0259rin olmamas\u0131 v\u0259 bu g\u00fcn burada i\u015ftirak ed\u0259n h\u0259r k\u0259sin sa\u011flaml\u0131\u011f\u0131 \u00fc\u00e7\u00fcn dua etm\u0259k f\u00fcrs\u0259ti olaraq istifad\u0259 etm\u0259k ist\u0259rdim. M\u0259n d\u0259 110 illiyi qeyd etm\u0259k \u00fc\u00e7\u00fcn \u00fc\u00e7 d\u0259f\u0259 \u201cBanzai\u201d q\u0131\u015fq\u0131rmaq ist\u0259rdim.<\/p>\n<p><b style=\"font-size:18pt\">Hokuryu Yan\u011f\u0131ns\u00f6nd\u00fcrm\u0259 Briqadas\u0131n\u0131n 110 illiyi! Ya\u015fas\u0131n! Ya\u015fas\u0131n!<\/b><\/p>\n<figure class=\"wp-caption aligncenter\"><a href=\"https:\/\/photos.google.com\/share\/AF1QipNAOZNqO5stEeHrdAMZAxL--oEFxSnYmDPJy47sd2cqWcS-bG1FLW9z7NoymWU4Jw\/photo\/AF1QipPpezz_ASODuGd44OTg8wwkJwBCvZhv8cu0G60?key=SU42OEp1Z2tDSmF4emZEaEFLNjNnUTJfMy1zT21R\" target=\"_blank\" rel=\"noopener\"><img decoding=\"async\" src=\"https:\/\/lh3.googleusercontent.com\/pw\/AJFCJaXnbYoQ0et1Rr6bQ6ayROI6lgjPq-veKs9lJQfSGVaTs-oANOQoRnrSq6u6daJhJfwfdjKUA68zJALxwuHaIATKE8_-2pN8_FrVoIf4WEvAV_bHofRoG1ie7uqZqkEev02dhSoxAYpks5ZnRJrm5DPz=w1272-h1882-s-no?authuser=0\" width=\"1272\" height=\"1882\" alt=\"Hokuryu \u015e\u0259h\u0259r Emblemi, Fukaqava Rayon Yan\u011f\u0131n Departamentinin Emblemi, Hokuryu Yan\u011f\u0131ns\u00f6nd\u00fcrm\u0259 Briqadas\u0131 Bayra\u011f\u0131 (110-cu Yubiley Xatir\u0259 Jurnal\u0131ndan)\" class=\"size-full\" \/><\/a><figcaption class=\"wp-caption-text\">Hokuryu \u015e\u0259h\u0259r Emblemi, Fukaqava Rayon Yan\u011f\u0131n Departamentinin Emblemi, Hokuryu Yan\u011f\u0131ns\u00f6nd\u00fcrm\u0259 Briqadas\u0131 Bayra\u011f\u0131 (110-cu Yubiley Xatir\u0259 Jurnal\u0131ndan)<\/figcaption><\/figure>\n<figure class=\"wp-caption aligncenter\"><a href=\"https:\/\/photos.google.com\/share\/AF1QipNAOZNqO5stEeHrdAMZAxL--oEFxSnYmDPJy47sd2cqWcS-bG1FLW9z7NoymWU4Jw\/photo\/AF1QipOis-Bsn0fCrcNZ0ncdcSLUpdHMvXje7dab8MQ?key=SU42OEp1Z2tDSmF4emZEaEFLNjNnUTJfMy1zT21R\" target=\"_blank\" rel=\"noopener\"><img decoding=\"async\" src=\"https:\/\/lh3.googleusercontent.com\/pw\/AJFCJaXIcBUZKLzOWVMps-kIpUXvyibgetf52nH2DgonrrImMztPj7Ril10zlepEUiVaV-BoBdsj9QzSf7YzAL6x0kjh4ZNx_m7SOWDCptg60BAs5ih2lNBza_i5s2asLA7Y0nM_W6ULY5pBJKuOk0Yw7Zsv=w1282-h1882-s-no?authuser=0\" width=\"1282\" height=\"1882\" alt=\"Hokuryu Yan\u011f\u0131n \u0130dar\u0259sinin Binas\u0131 (110 illik yubiley jurnal\u0131ndan)\" class=\"size-full\" \/><\/a><figcaption class=\"wp-caption-text\">Hokuryu Yan\u011f\u0131n \u0130dar\u0259sinin Binas\u0131 (110 illik yubiley jurnal\u0131ndan)<\/figcaption><\/figure>\n<figure class=\"wp-caption aligncenter\"><a href=\"https:\/\/photos.google.com\/share\/AF1QipNAOZNqO5stEeHrdAMZAxL--oEFxSnYmDPJy47sd2cqWcS-bG1FLW9z7NoymWU4Jw\/photo\/AF1QipMjbPlaQxozxf7qx2eIWRJm-uWWLoXueS6STls?key=SU42OEp1Z2tDSmF4emZEaEFLNjNnUTJfMy1zT21R\" target=\"_blank\" rel=\"noopener\"><img decoding=\"async\" src=\"https:\/\/lh3.googleusercontent.com\/pw\/AJFCJaVSH4DLmApB8z-knz76ofzDNackc0EX2zBPo6MNFPfUJs-F5YfHbaiirgtFEWym2J1xHwYROEFEu81x0s_LyYpj1jPPmx-geH5r1RF4B32j1qD4W-WLtf5bXIGLf7T370SWEcE_WavXOddP4MWnMdBZ=w1292-h1882-s-no?authuser=0\" width=\"1292\" height=\"1882\" alt=\"M\u00fckafat bayra\u011f\u0131 v\u0259 sertifikat (110 illik yubiley jurnal\u0131ndan)\" class=\"size-full\" \/><\/a><figcaption class=\"wp-caption-text\">M\u00fckafat bayra\u011f\u0131 v\u0259 sertifikat (110 illik yubiley jurnal\u0131ndan)<\/figcaption><\/figure>\n<figure class=\"wp-caption aligncenter\"><a href=\"https:\/\/photos.google.com\/share\/AF1QipNAOZNqO5stEeHrdAMZAxL--oEFxSnYmDPJy47sd2cqWcS-bG1FLW9z7NoymWU4Jw\/photo\/AF1QipMLm5OIfSP2aDB0YGWBq-J4-uGId1H1gJm4C1E?key=SU42OEp1Z2tDSmF4emZEaEFLNjNnUTJfMy1zT21R\" target=\"_blank\" rel=\"noopener\"><img decoding=\"async\" src=\"https:\/\/lh3.googleusercontent.com\/pw\/AJFCJaWvN1r3AurJqCoBsEWsdEmqrrz9VFWZ3NFRzphcAo3o5UG6D33QJrpWULs7BBpQEJZjOQNPzyyN953zWCO5VWRRPpLclg4mHeGSe_m2rqUhBvo5mLIzqyaBoK9xMoyKS1dubtslL16zP9jn2SmkaHSp=w1242-h1882-s-no?authuser=0\" width=\"1242\" height=\"1882\" alt=\"Qalxan v\u0259 sertifikat (110 illik yubiley jurnal\u0131ndan)\" class=\"size-full\" \/><\/a><figcaption class=\"wp-caption-text\">Qalxan v\u0259 sertifikat (110 illik yubiley jurnal\u0131ndan)<\/figcaption><\/figure>\n<p>H\u0259ddind\u0259n art\u0131q sevgi, minn\u0259tdarl\u0131q v\u0259 dualarla, 110 illik \u0259n\u0259n\u0259si olan Hokuryu xalq\u0131n\u0131n t\u0259hl\u00fck\u0259siz v\u0259 t\u0259hl\u00fck\u0259siz h\u0259yat\u0131n\u0131 do\u011fma \u015f\u0259h\u0259r q\u00fcrurunun l\u0259yaq\u0259tli ruhu, q\u00fcrurlu inam v\u0259 m\u0259suliyy\u0259t hissi il\u0259 qoruyan Hokuryu Yan\u011f\u0131ns\u00f6nd\u00fcrm\u0259 briqadas\u0131na \u00fcr\u0259kd\u0259n t\u0259\u015f\u0259kk\u00fcr\u00fcm\u00fc bildirir\u0259m.<\/p>\n<h2>Youtube videolar\u0131<\/h2>\n<div class=\"youtube\"><iframe title=\"T\u0259brik edirik! Hokuryu Yan\u011f\u0131ns\u00f6nd\u00fcrm\u0259 Briqadas\u0131n\u0131n 110-cu Yubileyi Anma M\u0259rasimi v\u0259 \u015e\u0259nliyi 2023\" src=\"https:\/\/www.youtube.com\/embed\/fvkiH7wQcG8?feature=oembed\" frameborder=\"0\" allow=\"accelerometer; autoplay; clipboard-write; encrypted-media; gyroscope; picture-in-picture; web-share\" allowfullscreen><\/iframe><\/div>\n<h2>Dig\u0259r foto\u015f\u0259kill\u0259r<\/h2>\n<div class=\"img-move\">\n<img decoding=\"async\" src=\"https:\/\/ehokkaido.net\/wp-content\/uploads\/2021\/12\/2021-12-06-11.41.12.png\" style=\"vertical-align:middle;\"> <a href=\"https:\/\/photos.app.goo.gl\/k1Couzkv55CayAS6A\" target=\"_blank\" rel=\"noopener noreferrer\">\u015e\u0259kill\u0259r (243 \u015f\u0259kil) Hokuryu \u015e\u0259h\u0259r Yan\u011f\u0131ndan M\u00fchafiz\u0259 \u0130dar\u0259sinin 110-cu Yubiley Anma T\u0259dbiri 2023 burada &gt;&gt;<\/a><\/a><\/div>\n<h2>\u018flaq\u0259dar m\u0259qal\u0259l\u0259r<\/h2>\n\n        <div class=\"site-blogcard-premium\">\n            <div class=\"bc-label-custom\">\u018flaq\u0259dar m\u0259qal\u0259l\u0259r<\/div>\n            <div class=\"bc-flex-container\">\n                <div class=\"bc-main-text\">\n                    <div class=\"bc-title-link-box\">\n                        <a href=\"https:\/\/portal.hokuryu.info\/az\/34183\/\" target=\"_blank\">https:\/\/portal.hokuryu.info\/34183<\/a>\n                    <\/div>\n                    <div class=\"bc-excerpt-box\">S\u0259hif\u0259 m\u0259lumatlar\u0131n\u0131 \u0259ld\u0259 etm\u0259k m\u00fcmk\u00fcn deyil.<\/div>\n                <\/div>\n                <div class=\"bc-thumbnail-box\">\n                    <a href=\"https:\/\/portal.hokuryu.info\/az\/34183\/\" target=\"_blank\">\n                        <div class=\"bc-img-zoom-wrap\">\n                            <img decoding=\"async\" src=\"https:\/\/portal.hokuryu.info\/wp\/wp-content\/uploads\/2026\/02\/20230802DSC06445_1.jpg\" alt=\"https:\/\/portal.hokuryu.info\/34183\">\n                        <\/div>\n                    <\/a>\n                <\/div>\n            <\/div>\n        <\/div>\n\u3000<br \/>\n\n        <div class=\"site-blogcard-premium\">\n            <div class=\"bc-label-custom\">\u018flaq\u0259dar m\u0259qal\u0259l\u0259r<\/div>\n            <div class=\"bc-flex-container\">\n                <div class=\"bc-main-text\">\n                    <div class=\"bc-title-link-box\">\n                        <a href=\"https:\/\/portal.hokuryu.info\/az\/topics\/culture\/20190723.html\/\" target=\"_blank\">71-ci Kita Sorachi Yan\u011f\u0131ns\u00f6nd\u00fcrm\u0259 T\u0259limi Hokuryu \u015f\u0259h\u0259rinin Himawari no Sato - Hokuryu \u015e\u0259h\u0259r Portal\u0131 (Hokkaydo) - Yaponiyan\u0131n 1 n\u00f6mr\u0259li G\u00fcn\u0259baxan K\u0259ndinin dayanaca\u011f\u0131nda ke\u00e7iril\u0259c\u0259k.<\/a>\n                    <\/div>\n                    <div class=\"bc-excerpt-box\">71-ci Kita-Sorachi Birg\u0259 Yan\u011f\u0131ns\u00f6nd\u00fcrm\u0259 T\u0259limi 5 iyul 2019-cu il, c\u00fcm\u0259 g\u00fcn\u00fc, saat 13:00-da Hokuryu \u015f\u0259h\u0259rind\u0259ki Himawari-no-Sato dayanaca\u011f\u0131nda ke\u00e7irildi...<\/div>\n                <\/div>\n                <div class=\"bc-thumbnail-box\">\n                    <a href=\"https:\/\/portal.hokuryu.info\/az\/topics\/culture\/20190723.html\/\" target=\"_blank\">\n                        <div class=\"bc-img-zoom-wrap\">\n                            <img decoding=\"async\" src=\"https:\/\/lh3.googleusercontent.com\/a-7dFJ9m5Qqrt1a53WvKplpJp3P2Ne8HEQWWHBW3uxkhmGkeQ6H98wf03w-ekJ39r_SRQ3QYEKnaY5xqgSJqXN-vWEw5jST5WVpE6ba3ybQjW2Xjln_ytL_tO6veemzQkgsZGROh5v5n9WDn-DoSUqfcGPro5J_ZPVxhn3oNN4sWjfaSB_NIVd373QspmYZ84zt5o0cB-PZKfD2F70gzAYOFVvOq2LzUL2BJ0W5rPhzSyI1EtDjZ3eaCPcdNgHxYt2CbmHJ8DFUSAT11ZAOH0jv2wIJhkySvVpBfEudGFaXODlp288tj26wq6J0cQ4H5kpx_7O-eYlK4a_9ArD0jzJc9LNxQmfkUY9w3JXpjfQftYDetTk3HX7Gauuf9yqVjNyV2AAKa6umeewVaICTGSgDxe9Nz9JAD2r2GAomIn1b9YHPn9qszrDIr7_Bo_OhH1gTipJRZLs23-Ux0zhktPSoiEM6f-xxQu9QoN8I9-akQ2Xge4L4vkhmSOElr1IbUxk3IvTYVBiF7lXshHn19MWLWcmvA5AwF43kMiGXEnxmLnVjCJlCwHy7hQQvnlfK0EJlW9dO_AHsMGSC7V7faFU9soDqdpxurJTxOMJHF61O4ZWZGrBWyNPGppCcm_BjC18eRM-Tha2mN4LoCBjb6-8l2bxmjpOjcAgwv5HQk8B6G7wyCuNLDzmGo1aRVJLflvEtfOK6FeMBkBLZkcTJxNMoU=w1346-h897-no\" alt=\"71-ci Kita Sorachi Yan\u011f\u0131ns\u00f6nd\u00fcrm\u0259 T\u0259limi Hokuryu \u015f\u0259h\u0259rinin Himawari no Sato - Hokuryu \u015e\u0259h\u0259r Portal\u0131 (Hokkaydo) - Yaponiyan\u0131n 1 n\u00f6mr\u0259li G\u00fcn\u0259baxan K\u0259ndinin dayanaca\u011f\u0131nda ke\u00e7iril\u0259c\u0259k.\">\n                        <\/div>\n                    <\/a>\n                <\/div>\n            <\/div>\n        <\/div>\n\n        <div class=\"site-blogcard-premium\">\n            <div class=\"bc-label-custom\">\u018flaq\u0259dar m\u0259qal\u0259l\u0259r<\/div>\n            <div class=\"bc-flex-container\">\n                <div class=\"bc-main-text\">\n                    <div class=\"bc-title-link-box\">\n                        <a href=\"https:\/\/portal.hokuryu.info\/az\/topics\/culture\/20171031.html\/\" target=\"_blank\">Hokkaydo Prefektural Polisinin Asahikawa Regional Q\u0259rargah\u0131 v\u0259 Hokuryu \u015e\u0259h\u0259ri F\u0259lak\u0259t T\u0259hl\u00fck\u0259sizliyi \u00fczr\u0259 Birg\u0259 T\u0259lim (G\u00fccl\u00fc Ya\u011f\u0131\u015flar zaman\u0131 Da\u015fq\u0131nlar v\u0259 Torpaq s\u00fcr\u00fc\u015fm\u0259l\u0259rinin evakuasiyas\u0131 \u00fczr\u0259 T\u0259lim v\u0259 F\u0259lak\u0259t T\u0259hl\u00fck\u0259sizliyi T\u0259limi) - Hokuryu \u015e\u0259h\u0259r Portal\u0131 (Hokkaydo) - Yaponiyan\u0131n 1 n\u00f6mr\u0259li G\u00fcn\u0259baxan K\u0259ndi<\/a>\n                    <\/div>\n                    <div class=\"bc-excerpt-box\">30 oktyabr Bazar ert\u0259si g\u00fcn\u00fc, saat 9:30-dan etibar\u0259n Hokkaydo Prefektura Polisi Asahikava Regional Q\u0259rargah\u0131 v\u0259 Hokuryu \u015f\u0259h\u0259ri birg\u0259 f\u0259lak\u0259tl\u0259rin (g\u00fccl\u00fc ya\u011f\u0131\u015f, da\u015fq\u0131n, torpaq s\u00fcr\u00fc\u015fm\u0259si v\u0259 s.) n\u0259tic\u0259l\u0259rinin aradan qald\u0131r\u0131lmas\u0131 t\u0259limi ke\u00e7ir\u0259c\u0259k.<\/div>\n                <\/div>\n                <div class=\"bc-thumbnail-box\">\n                    <a href=\"https:\/\/portal.hokuryu.info\/az\/topics\/culture\/20171031.html\/\" target=\"_blank\">\n                        <div class=\"bc-img-zoom-wrap\">\n                            <img decoding=\"async\" src=\"https:\/\/lh3.googleusercontent.com\/LnCbybPuYQ8kykA3o6RDrd6EjrOb5oNT9oMliHJN2VbVSHgMYSod3kg6D3JH1Acm_pnvNQW25GBV94QqGb3jcC10sT0PHpD8M0mEHf-tc4FHZB6mPl7OgZKdPhinRt-1dHA2GDTtwqCClqg1XOMI-RWkh96tEvzhanTKb3MAKwM_9c2k7l2rGW5Djr6fmBo4GWwqfFLBZ7PlM1opOWueuId35tAzRFP_8e2qUPz8LzzQUuV9aCt1eZzoEg4oYLRNUPnW-k_ewzEW2EmIbMFY_IbHkq7WjXm33bneptCy2DNpLjfx-fFB9hnKBqtj7kNz02_oYVechihwUtzH2i1BkwSFfRriFzD3oARmFq1LCzJ6a6KQBQNH_SRU1zi4tVqO759FzYMSSls0NG2XWAWBS2qqGusdyuG0vrPFVDoiB-Vjk7CIRCI0hPCvBOvwOxqt7kYI9GfC85bvRFbo2yuSM5dkeqeb5t7FjV-Wu2d_1voKSrx6zvrf-57L6lSWsPKEtuWspWFPKLuq98iNnAaYqo0YJzPBAxdPtP4KISQw0b6KCYkiD8jTFFUDfNSHZksBZR7ten8zuThkxUaCCFcQislyi5LL-pyjIHies-rpkkU9PMX_R7B0KGsOsukYOkiY4ixNOOVN4b0jOWBBKizjWoPyxPovOPgBtSY=w1370-h914-no\" alt=\"Hokkaydo Prefektural Polisinin Asahikawa Regional Q\u0259rargah\u0131 v\u0259 Hokuryu \u015e\u0259h\u0259ri F\u0259lak\u0259t T\u0259hl\u00fck\u0259sizliyi \u00fczr\u0259 Birg\u0259 T\u0259lim (G\u00fccl\u00fc Ya\u011f\u0131\u015flar zaman\u0131 Da\u015fq\u0131nlar v\u0259 Torpaq s\u00fcr\u00fc\u015fm\u0259l\u0259rinin evakuasiyas\u0131 \u00fczr\u0259 T\u0259lim v\u0259 F\u0259lak\u0259t T\u0259hl\u00fck\u0259sizliyi T\u0259limi) - Hokuryu \u015e\u0259h\u0259r Portal\u0131 (Hokkaydo) - Yaponiyan\u0131n 1 n\u00f6mr\u0259li G\u00fcn\u0259baxan K\u0259ndi\">\n                        <\/div>\n                    <\/a>\n                <\/div>\n            <\/div>\n        <\/div>\n\n        <div class=\"site-blogcard-premium\">\n            <div class=\"bc-label-custom\">\u018flaq\u0259dar m\u0259qal\u0259l\u0259r<\/div>\n            <div class=\"bc-flex-container\">\n                <div class=\"bc-main-text\">\n                    <div class=\"bc-title-link-box\">\n                        <a href=\"https:\/\/portal.hokuryu.info\/az\/topics\/culture\/20130830.html\/\" target=\"_blank\">\u018flaq\u0259dar t\u0259\u015fkilatlar birg\u0259 h\u0259rt\u0259r\u0259fli f\u0259lak\u0259t t\u0259hl\u00fck\u0259sizliyi t\u0259limi h\u0259yata ke\u00e7irmi\u015fl\u0259r (Hokkaydo Prefekturas\u0131n\u0131n Polis \u0130dar\u0259si, Asahikava Rayon Q\u0259rargah\u0131, Fukaqava Rayon Yan\u011f\u0131n Departamenti Assosiasiyas\u0131, Hokuryu q\u0259s\u0259b\u0259si, Numata q\u0259s\u0259b\u0259si) - Hokuryu \u015e\u0259h\u0259r Portal\u0131 (Hokkaydo) - Yaponiyan\u0131n 1 n\u00f6mr\u0259li G\u00fcn\u0259baxan K\u0259ndi<\/a>\n                    <\/div>\n                    <div class=\"bc-excerpt-box\">Siz\u0259 2100 \u0259halisi v\u0259 40% ya\u015flanma nisb\u0259ti olan canl\u0131 bir \u015f\u0259h\u0259rin &quot;indiki&quot;ni t\u0259qdim edirik. G\u00fcn\u0259baxanlar kimi, ail\u0259l\u0259r d\u0259 harmoniya i\u00e7ind\u0259 ya\u015fay\u0131rlar...<\/div>\n                <\/div>\n                <div class=\"bc-thumbnail-box\">\n                    <a href=\"https:\/\/portal.hokuryu.info\/az\/topics\/culture\/20130830.html\/\" target=\"_blank\">\n                        <div class=\"bc-img-zoom-wrap\">\n                            <img decoding=\"async\" src=\"https:\/\/lh4.googleusercontent.com\/-sSjyYwrWZ8o\/Uh_AFDGVFnI\/AAAAAAAAx20\/u6A8o3kNT3g\/w433-h378-no\/kunren.jpg\" alt=\"\u018flaq\u0259dar t\u0259\u015fkilatlar birg\u0259 h\u0259rt\u0259r\u0259fli f\u0259lak\u0259t t\u0259hl\u00fck\u0259sizliyi t\u0259limi h\u0259yata ke\u00e7irmi\u015fl\u0259r (Hokkaydo Prefekturas\u0131n\u0131n Polis \u0130dar\u0259si, Asahikava Rayon Q\u0259rargah\u0131, Fukaqava Rayon Yan\u011f\u0131n Departamenti Assosiasiyas\u0131, Hokuryu q\u0259s\u0259b\u0259si, Numata q\u0259s\u0259b\u0259si) - Hokuryu \u015e\u0259h\u0259r Portal\u0131 (Hokkaydo) - Yaponiyan\u0131n 1 n\u00f6mr\u0259li G\u00fcn\u0259baxan K\u0259ndi\">\n                        <\/div>\n                    <\/a>\n                <\/div>\n            <\/div>\n        <\/div>\n\n        <div class=\"site-blogcard-premium\">\n            <div class=\"bc-label-custom\">\u018flaq\u0259dar m\u0259qal\u0259l\u0259r<\/div>\n            <div class=\"bc-flex-container\">\n                <div class=\"bc-main-text\">\n                    <div class=\"bc-title-link-box\">\n                        <a href=\"https:\/\/portal.hokuryu.info\/az\/topics\/culture\/20130709.html\/\" target=\"_blank\">Hokuryu Yan\u011f\u0131ns\u00f6nd\u00fcrm\u0259 Briqadas\u0131n\u0131n 100-c\u00fc Yubileyi Anma M\u0259rasimi v\u0259 M\u00fckafatlar 2013 - Hokuryu \u015e\u0259h\u0259r Portal\u0131 (Hokkaydo) - Yaponiyan\u0131n 1 n\u00f6mr\u0259li G\u00fcn\u0259baxan K\u0259ndi<\/a>\n                    <\/div>\n                    <div class=\"bc-excerpt-box\">Siz\u0259 2100 \u0259halisi v\u0259 40% ya\u015flanma nisb\u0259ti olan canl\u0131 bir \u015f\u0259h\u0259rin &quot;indiki&quot;ni t\u0259qdim edirik. G\u00fcn\u0259baxanlar kimi, ail\u0259l\u0259r d\u0259 harmoniya i\u00e7ind\u0259 ya\u015fay\u0131rlar...<\/div>\n                <\/div>\n                <div class=\"bc-thumbnail-box\">\n                    <a href=\"https:\/\/portal.hokuryu.info\/az\/topics\/culture\/20130709.html\/\" target=\"_blank\">\n                        <div class=\"bc-img-zoom-wrap\">\n                            <img decoding=\"async\" src=\"https:\/\/lh5.googleusercontent.com\/-FpVozKeIc9w\/UdPvbAvHb0I\/AAAAAAAAtcM\/tbSIaNsP9Io\/w1046-h693-no\/K5+10608\" alt=\"Hokuryu Yan\u011f\u0131ns\u00f6nd\u00fcrm\u0259 Briqadas\u0131n\u0131n 100-c\u00fc Yubileyi Anma M\u0259rasimi v\u0259 M\u00fckafatlar 2013 - Hokuryu \u015e\u0259h\u0259r Portal\u0131 (Hokkaydo) - Yaponiyan\u0131n 1 n\u00f6mr\u0259li G\u00fcn\u0259baxan K\u0259ndi\">\n                        <\/div>\n                    <\/a>\n                <\/div>\n            <\/div>\n        <\/div>\n\n        <div class=\"site-blogcard-premium\">\n            <div class=\"bc-label-custom\">\u018flaq\u0259dar m\u0259qal\u0259l\u0259r<\/div>\n            <div class=\"bc-flex-container\">\n                <div class=\"bc-main-text\">\n                    <div class=\"bc-title-link-box\">\n                        <a href=\"https:\/\/portal.hokuryu.info\/az\/topics\/culture\/20130708.html\/\" target=\"_blank\">Hokuryu Yan\u011f\u0131ns\u00f6nd\u00fcrm\u0259 Briqadas\u0131n\u0131n 100-c\u00fc Yubiley M\u0259rasimi v\u0259 T\u0259lim 2013 - Hokuryu \u015e\u0259h\u0259r Portal\u0131 (Hokkaydo) - Yaponiyan\u0131n 1 n\u00f6mr\u0259li G\u00fcn\u0259baxan K\u0259ndi<\/a>\n                    <\/div>\n                    <div class=\"bc-excerpt-box\">Siz\u0259 2100 \u0259halisi v\u0259 40% ya\u015flanma nisb\u0259ti olan canl\u0131 bir \u015f\u0259h\u0259rin &quot;indiki&quot;ni t\u0259qdim edirik. G\u00fcn\u0259baxanlar kimi, ail\u0259l\u0259r d\u0259 harmoniya i\u00e7ind\u0259 ya\u015fay\u0131rlar...<\/div>\n                <\/div>\n                <div class=\"bc-thumbnail-box\">\n                    <a href=\"https:\/\/portal.hokuryu.info\/az\/topics\/culture\/20130708.html\/\" target=\"_blank\">\n                        <div class=\"bc-img-zoom-wrap\">\n                            <img decoding=\"async\" src=\"https:\/\/lh6.googleusercontent.com\/-rHol1cSBURE\/UdO8_ujtHeI\/AAAAAAAAr8k\/5nDozCTAZbw\/w1024-h678-no\/K5+10063\" alt=\"Hokuryu Yan\u011f\u0131ns\u00f6nd\u00fcrm\u0259 Briqadas\u0131n\u0131n 100-c\u00fc Yubiley M\u0259rasimi v\u0259 T\u0259lim 2013 - Hokuryu \u015e\u0259h\u0259r Portal\u0131 (Hokkaydo) - Yaponiyan\u0131n 1 n\u00f6mr\u0259li G\u00fcn\u0259baxan K\u0259ndi\">\n                        <\/div>\n                    <\/a>\n                <\/div>\n            <\/div>\n        <\/div>\n\u3000\u3000<br \/>\n\n        <div class=\"site-blogcard-premium\">\n            <div class=\"bc-label-custom\">\u018flaq\u0259dar m\u0259qal\u0259l\u0259r<\/div>\n            <div class=\"bc-flex-container\">\n                <div class=\"bc-main-text\">\n                    <div class=\"bc-title-link-box\">\n                        <a href=\"http:\/\/www.town.hokuryu.hokkaido.jp\/shobo\/main.html\" target=\"_blank\">Hokuryu Yan\u011f\u0131n Departamentin\u0259 xo\u015f g\u0259lmisiniz<\/a>\n                    <\/div>\n                    <div class=\"bc-excerpt-box\">Hokuryu Yan\u011f\u0131ndan M\u00fchafiz\u0259 \u0130dar\u0259sinin Ana S\u0259hif\u0259si<\/div>\n                <\/div>\n                <div class=\"bc-thumbnail-box\">\n                    <a href=\"http:\/\/www.town.hokuryu.hokkaido.jp\/shobo\/main.html\" target=\"_blank\">\n                        <div class=\"bc-img-zoom-wrap\">\n                            <img decoding=\"async\" src=\"http:\/\/www.town.hokuryu.hokkaido.jp\/shobo\/get_adobe_reader1.png\" alt=\"Hokuryu Yan\u011f\u0131n Departamentin\u0259 xo\u015f g\u0259lmisiniz\">\n                        <\/div>\n                    <\/a>\n                <\/div>\n            <\/div>\n        <\/div>\n\u3000<\/p>\n<p>\u25c7 M\u00fcsahib\u0259 v\u0259 m\u0259tn: Ikuko Terauchi (foto\u015f\u0259kil v\u0259 redakt\u0259 yard\u0131m\u0131: Noboru Terauchi)<\/p>","protected":false},"excerpt":{"rendered":"<p>\uff12\uff10\uff12\uff13\u5e74\uff17\u6708\uff13\u65e5\uff08\u6708\uff09 \uff16\u6708\uff12\uff19\u65e5\uff08\u6728\uff09\uff11\uff16\uff1a\uff10\uff10\u301c\u3001\u6d88\u9632\u6f14\u7fd2\u306b\u5f15\u304d\u7d9a\u304d\u3001\u5317\u7adc\u6d88\u9632\u56e3\u5275\u7acb\uff11\uff11\uff10\u5468\u5e74\u8a18\u5ff5\u5f0f\u5178\u4e26\u3073\u306b\u795d\u8cc0\u4f1a\u304c\u3001\u5317\u7adc\u753a\u516c\u6c11\u9928\uff12\u968e\u5927\u30db\u30fc\u30eb\u306b\u3066\u884c\u308f\u308c\u307e\u3057\u305f\u3002 \u56e3\u54e1\u3092\u542b\u3081\u6d88\u9632\u95a2\u4fc2\u8005\u306e\u65b9\u3005\u7dcf\u52e2\u7d04 [&hellip;]<\/p>\n","protected":false},"author":1,"featured_media":34304,"comment_status":"open","ping_status":"open","sticky":false,"template":"","format":"standard","meta":{"footnotes":""},"categories":[4,29],"tags":[],"class_list":["post-34186","post","type-post","status-publish","format-standard","has-post-thumbnail","hentry","category-cover-story","category-firestation"],"_links":{"self":[{"href":"https:\/\/portal.hokuryu.info\/az\/wp-json\/wp\/v2\/posts\/34186","targetHints":{"allow":["GET"]}}],"collection":[{"href":"https:\/\/portal.hokuryu.info\/az\/wp-json\/wp\/v2\/posts"}],"about":[{"href":"https:\/\/portal.hokuryu.info\/az\/wp-json\/wp\/v2\/types\/post"}],"author":[{"embeddable":true,"href":"https:\/\/portal.hokuryu.info\/az\/wp-json\/wp\/v2\/users\/1"}],"replies":[{"embeddable":true,"href":"https:\/\/portal.hokuryu.info\/az\/wp-json\/wp\/v2\/comments?post=34186"}],"version-history":[{"count":0,"href":"https:\/\/portal.hokuryu.info\/az\/wp-json\/wp\/v2\/posts\/34186\/revisions"}],"wp:featuredmedia":[{"embeddable":true,"href":"https:\/\/portal.hokuryu.info\/az\/wp-json\/wp\/v2\/media\/34304"}],"wp:attachment":[{"href":"https:\/\/portal.hokuryu.info\/az\/wp-json\/wp\/v2\/media?parent=34186"}],"wp:term":[{"taxonomy":"category","embeddable":true,"href":"https:\/\/portal.hokuryu.info\/az\/wp-json\/wp\/v2\/categories?post=34186"},{"taxonomy":"post_tag","embeddable":true,"href":"https:\/\/portal.hokuryu.info\/az\/wp-json\/wp\/v2\/tags?post=34186"}],"curies":[{"name":"wp","href":"https:\/\/api.w.org\/{rel}","templated":true}]}}