{"id":33825,"date":"2023-06-22T09:35:15","date_gmt":"2023-06-22T00:35:15","guid":{"rendered":"https:\/\/portal.hokuryu.info\/?p=33825"},"modified":"2023-06-22T05:01:10","modified_gmt":"2023-06-21T20:01:10","slug":"hokuryu-s%c9%99h%c9%99rinin-meri-yutaka-sano-f%c9%99aliyy%c9%99t-hesabati-c%c9%99rs%c9%99nb%c9%99-21-iyun-hokkaydo-prefekturasi","status":"publish","type":"post","link":"https:\/\/portal.hokuryu.info\/az\/33825\/","title":{"rendered":"Hokuryu \u015f\u0259h\u0259rinin meri Yutaka Sanonun f\u0259aliyy\u0259t hesabat\u0131; \u0130yunun 21-d\u0259 (\u00e7\u0259r\u015f\u0259nb\u0259) y\u00fcks\u0259k v\u0259zif\u0259li Hokkaydo r\u0259smil\u0259rin\u0259 s\u0259f\u0259r; \u0130mai, \u0130qtisadiyyat Departamentind\u0259 S\u0131f\u0131r Karbon T\u0259\u015fviqi Direktoru; \u015eirai\u015fi, Tikinti Departamentinin direktoru; Mito, K\u0259nd T\u0259s\u0259rr\u00fcfat\u0131 Siyas\u0259ti Departamentinin direktoru; Hokkaydo K\u0259nd T\u0259s\u0259rr\u00fcfat\u0131 \u015euras\u0131n\u0131n m\u00fcnt\u0259z\u0259m Ba\u015f Assambleyas\u0131; v\u0259 Hokkaydo K\u0259nd T\u0259s\u0259rr\u00fcfat\u0131 \u015euras\u0131n\u0131n f\u00f6vq\u0259lad\u0259 \u015eura iclas\u0131."},"content":{"rendered":"<p>C\u00fcm\u0259 ax\u015fam\u0131, 22 iyun 2023-c\u00fc il<\/p>\n<p><center><iframe src=\"https:\/\/www.facebook.com\/plugins\/post.php?href=https%3A%2F%2Fwww.facebook.com%2Fpermalink.php%3Fstory_fbid%3Dpfbid0Pp9KCQWupiwG5pvpee3pTwTpj3RCv9Fo6wQ1dtCWMCU38EKGvzKyfms5yyhzxuVjl%26id%3D100071715884260&#038;show_text=true&#038;width=650\" width=\"650\" height=\"922\" style=\"border:none;overflow:hidden\" scrolling=\"no\" frameborder=\"0\" allowfullscreen=\"true\" allow=\"autoplay; clipboard-write; encrypted-media; picture-in-picture; web-share\"><\/iframe><\/iframe><\/center><\/p>","protected":false},"excerpt":{"rendered":"<p>C\u00fcm\u0259 ax\u015fam\u0131, 22 iyun 2023-c\u00fc il<\/p>","protected":false},"author":1,"featured_media":33814,"comment_status":"open","ping_status":"open","sticky":false,"template":"","format":"standard","meta":{"footnotes":""},"categories":[5],"tags":[],"class_list":["post-33825","post","type-post","status-publish","format-standard","has-post-thumbnail","hentry","category-sano-yutaka-formermayor"],"_links":{"self":[{"href":"https:\/\/portal.hokuryu.info\/az\/wp-json\/wp\/v2\/posts\/33825","targetHints":{"allow":["GET"]}}],"collection":[{"href":"https:\/\/portal.hokuryu.info\/az\/wp-json\/wp\/v2\/posts"}],"about":[{"href":"https:\/\/portal.hokuryu.info\/az\/wp-json\/wp\/v2\/types\/post"}],"author":[{"embeddable":true,"href":"https:\/\/portal.hokuryu.info\/az\/wp-json\/wp\/v2\/users\/1"}],"replies":[{"embeddable":true,"href":"https:\/\/portal.hokuryu.info\/az\/wp-json\/wp\/v2\/comments?post=33825"}],"version-history":[{"count":0,"href":"https:\/\/portal.hokuryu.info\/az\/wp-json\/wp\/v2\/posts\/33825\/revisions"}],"wp:featuredmedia":[{"embeddable":true,"href":"https:\/\/portal.hokuryu.info\/az\/wp-json\/wp\/v2\/media\/33814"}],"wp:attachment":[{"href":"https:\/\/portal.hokuryu.info\/az\/wp-json\/wp\/v2\/media?parent=33825"}],"wp:term":[{"taxonomy":"category","embeddable":true,"href":"https:\/\/portal.hokuryu.info\/az\/wp-json\/wp\/v2\/categories?post=33825"},{"taxonomy":"post_tag","embeddable":true,"href":"https:\/\/portal.hokuryu.info\/az\/wp-json\/wp\/v2\/tags?post=33825"}],"curies":[{"name":"wp","href":"https:\/\/api.w.org\/{rel}","templated":true}]}}