{"id":33560,"date":"2023-06-15T09:35:20","date_gmt":"2023-06-15T00:35:20","guid":{"rendered":"https:\/\/portal.hokuryu.info\/?p=33560"},"modified":"2023-06-15T05:37:53","modified_gmt":"2023-06-14T20:37:53","slug":"hokuryu-s%c9%99h%c9%99rinin-meri-yutaka-sano-f%c9%99aliyy%c9%99t-hesabati-c%c9%99rs%c9%99nb%c9%99-14-iyun-%e2%9c%a6-torpaq-birliyi","status":"publish","type":"post","link":"https:\/\/portal.hokuryu.info\/az\/33560\/","title":{"rendered":"Hokuryu \u015f\u0259h\u0259rinin meri Yutaka Sanonun f\u0259aliyy\u0259t hesabat\u0131, \u00c7\u0259r\u015f\u0259nb\u0259, 14 \u0130yun \u2726 Sora\u00e7i Torpaq Federasiyas\u0131n\u0131n K\u0259nd T\u0259s\u0259rr\u00fcfat\u0131 v\u0259 K\u0259nd \u0130nki\u015faf\u0131 Layih\u0259si \u00fc\u00e7\u00fcn m\u0259rk\u0259zi h\u00f6kum\u0259t d\u0259st\u0259yi t\u0259l\u0259bi, N\u00fcmay\u0259nd\u0259l\u0259r Palatas\u0131n\u0131n 1 n\u00f6mr\u0259li Zal\u0131 (icra iclas\u0131), Hokkaydo Palatas\u0131nda se\u00e7ilmi\u015f N\u00fcmay\u0259nd\u0259l\u0259r Palatas\u0131n\u0131n \u00fczvl\u0259rin\u0259 m\u00fcraci\u0259t v\u0259 Vaa\u015f\u00e7itan Palatas\u0131n\u0131n \u00fczvl\u0259ri il\u0259 m\u00fcsahib\u0259. Inatsu"},"content":{"rendered":"<p>C\u00fcm\u0259 ax\u015fam\u0131, 15 iyun 2023-c\u00fc il<\/p>\n<p><center><iframe src=\"https:\/\/www.facebook.com\/plugins\/post.php?href=https%3A%2F%2Fwww.facebook.com%2Fpermalink.php%3Fstory_fbid%3Dpfbid0UYhDDZXKMJx4jcJHEdLkV7oDTcqcyfwv229TYuaJYC1NPPHyF3Fd7vQzDHpcGRmKl%26id%3D100071715884260&#038;show_text=true&#038;width=650\" width=\"650\" height=\"905\" style=\"border:none;overflow:hidden\" scrolling=\"no\" frameborder=\"0\" allowfullscreen=\"true\" allow=\"autoplay; clipboard-write; encrypted-media; picture-in-picture; web-share\"><\/iframe><\/center><\/p>","protected":false},"excerpt":{"rendered":"<p>C\u00fcm\u0259 ax\u015fam\u0131, 15 iyun 2023-c\u00fc il<\/p>","protected":false},"author":1,"featured_media":33561,"comment_status":"open","ping_status":"open","sticky":false,"template":"","format":"standard","meta":{"footnotes":""},"categories":[5],"tags":[],"class_list":["post-33560","post","type-post","status-publish","format-standard","has-post-thumbnail","hentry","category-sano-yutaka-formermayor"],"_links":{"self":[{"href":"https:\/\/portal.hokuryu.info\/az\/wp-json\/wp\/v2\/posts\/33560","targetHints":{"allow":["GET"]}}],"collection":[{"href":"https:\/\/portal.hokuryu.info\/az\/wp-json\/wp\/v2\/posts"}],"about":[{"href":"https:\/\/portal.hokuryu.info\/az\/wp-json\/wp\/v2\/types\/post"}],"author":[{"embeddable":true,"href":"https:\/\/portal.hokuryu.info\/az\/wp-json\/wp\/v2\/users\/1"}],"replies":[{"embeddable":true,"href":"https:\/\/portal.hokuryu.info\/az\/wp-json\/wp\/v2\/comments?post=33560"}],"version-history":[{"count":0,"href":"https:\/\/portal.hokuryu.info\/az\/wp-json\/wp\/v2\/posts\/33560\/revisions"}],"wp:featuredmedia":[{"embeddable":true,"href":"https:\/\/portal.hokuryu.info\/az\/wp-json\/wp\/v2\/media\/33561"}],"wp:attachment":[{"href":"https:\/\/portal.hokuryu.info\/az\/wp-json\/wp\/v2\/media?parent=33560"}],"wp:term":[{"taxonomy":"category","embeddable":true,"href":"https:\/\/portal.hokuryu.info\/az\/wp-json\/wp\/v2\/categories?post=33560"},{"taxonomy":"post_tag","embeddable":true,"href":"https:\/\/portal.hokuryu.info\/az\/wp-json\/wp\/v2\/tags?post=33560"}],"curies":[{"name":"wp","href":"https:\/\/api.w.org\/{rel}","templated":true}]}}