{"id":32799,"date":"2023-05-23T09:35:51","date_gmt":"2023-05-23T00:35:51","guid":{"rendered":"https:\/\/portal.hokuryu.info\/?p=32799"},"modified":"2023-05-23T08:45:58","modified_gmt":"2023-05-22T23:45:58","slug":"hokuryu-s%c9%99h%c9%99rinin-meri-yutaka-sano-f%c9%99aliyy%c9%99t-hesabati-22-may-bazar-ert%c9%99si-meriya","status":"publish","type":"post","link":"https:\/\/portal.hokuryu.info\/az\/32799\/","title":{"rendered":"Hokuryu \u015f\u0259h\u0259rinin meri Yutaka Sanonun f\u0259aliyy\u0259t hesabat\u0131: B\u0259l\u0259diyy\u0259 s\u0259drinin v\u0259 \u015f\u00f6b\u0259 m\u00fcdirl\u0259rinin iclas\u0131, M\u0259rk\u0259zi v\u0259 Kita Sora\u00e7i Tullant\u0131lar\u0131n Utilizasiyas\u0131 Regional Assosiasiyas\u0131n\u0131n inzibati iclas\u0131, Kita Sora\u00e7i \u015e\u0259h\u0259r Me\u015f\u0259 \u0130dar\u0259etm\u0259 \u0130dar\u0259sinin r\u0259isi il\u0259 m\u00fczakir\u0259, T\u0259\u015fviq Korporasiyas\u0131n\u0131n idar\u0259 hey\u0259tinin may\u0131n 22-d\u0259 (Bazar ert\u0259si) iclas\u0131ndan \u00f6nc\u0259ki iclas."},"content":{"rendered":"<p>\u00c7\u0259r\u015f\u0259nb\u0259 ax\u015fam\u0131, 23 may 2023-c\u00fc il<\/p>\n<p><center><iframe src=\"https:\/\/www.facebook.com\/plugins\/post.php?href=https%3A%2F%2Fwww.facebook.com%2Fpermalink.php%3Fstory_fbid%3Dpfbid02WCTVR2LUuufmaqBs2AiD5HE4okThci9CWTn7wsJrGzb6HHhbbi75SGWDQrtfafNBl%26id%3D100071715884260&#038;show_text=true&#038;width=650\" width=\"650\" height=\"922\" style=\"border:none;overflow:hidden\" scrolling=\"no\" frameborder=\"0\" allowfullscreen=\"true\" allow=\"autoplay; clipboard-write; encrypted-media; picture-in-picture; web-share\"><\/iframe><\/center><\/p>","protected":false},"excerpt":{"rendered":"<p>\u00c7\u0259r\u015f\u0259nb\u0259 ax\u015fam\u0131, 23 may 2023-c\u00fc il<\/p>","protected":false},"author":1,"featured_media":32801,"comment_status":"open","ping_status":"open","sticky":false,"template":"","format":"standard","meta":{"footnotes":""},"categories":[5],"tags":[],"class_list":["post-32799","post","type-post","status-publish","format-standard","has-post-thumbnail","hentry","category-sano-yutaka-formermayor"],"_links":{"self":[{"href":"https:\/\/portal.hokuryu.info\/az\/wp-json\/wp\/v2\/posts\/32799","targetHints":{"allow":["GET"]}}],"collection":[{"href":"https:\/\/portal.hokuryu.info\/az\/wp-json\/wp\/v2\/posts"}],"about":[{"href":"https:\/\/portal.hokuryu.info\/az\/wp-json\/wp\/v2\/types\/post"}],"author":[{"embeddable":true,"href":"https:\/\/portal.hokuryu.info\/az\/wp-json\/wp\/v2\/users\/1"}],"replies":[{"embeddable":true,"href":"https:\/\/portal.hokuryu.info\/az\/wp-json\/wp\/v2\/comments?post=32799"}],"version-history":[{"count":0,"href":"https:\/\/portal.hokuryu.info\/az\/wp-json\/wp\/v2\/posts\/32799\/revisions"}],"wp:featuredmedia":[{"embeddable":true,"href":"https:\/\/portal.hokuryu.info\/az\/wp-json\/wp\/v2\/media\/32801"}],"wp:attachment":[{"href":"https:\/\/portal.hokuryu.info\/az\/wp-json\/wp\/v2\/media?parent=32799"}],"wp:term":[{"taxonomy":"category","embeddable":true,"href":"https:\/\/portal.hokuryu.info\/az\/wp-json\/wp\/v2\/categories?post=32799"},{"taxonomy":"post_tag","embeddable":true,"href":"https:\/\/portal.hokuryu.info\/az\/wp-json\/wp\/v2\/tags?post=32799"}],"curies":[{"name":"wp","href":"https:\/\/api.w.org\/{rel}","templated":true}]}}