{"id":3277,"date":"2020-06-25T13:32:06","date_gmt":"2020-06-25T04:32:06","guid":{"rendered":"https:\/\/portal.hokuryu.info\/?p=3277"},"modified":"2023-05-16T20:22:03","modified_gmt":"2023-05-16T11:22:03","slug":"poct-3277","status":"publish","type":"post","link":"https:\/\/portal.hokuryu.info\/az\/3277\/","title":{"rendered":"Ke\u00e7mi\u015f K\u0259nd T\u0259s\u0259rr\u00fcfat\u0131, Me\u015f\u0259 v\u0259 Bal\u0131q\u00e7\u0131l\u0131q Naziri Masahiko Yamada v\u0259 kinorejissor Masaki Haramura \u201cOnlar Kimin Toxumlar\u0131d\u0131r?\u201d filmi \u00fc\u00e7\u00fcn Hokuryu q\u0259s\u0259b\u0259sin\u0259 s\u0259f\u0259r edibl\u0259r. S\u0259n\u0259dli film istehsal\u0131 v\u0259 Kurosengoku Biznes Kooperativ Assosiasiyas\u0131 \u00fc\u00e7\u00fcn \u00e7\u0259kili\u015f yeri"},"content":{"rendered":"<p>25 iyun 2020-ci il, c\u00fcm\u0259 ax\u015fam\u0131<\/p>\n<p>Yamada Masahiko (ke\u00e7mi\u015f K\u0259nd T\u0259s\u0259rr\u00fcfat\u0131, Me\u015f\u0259 T\u0259s\u0259rr\u00fcfat\u0131 v\u0259 Bal\u0131q\u00e7\u0131l\u0131q Naziri, h\u00fcquq\u015f\u00fcnas v\u0259 Yaponiya Toxumlar\u0131n\u0131 M\u00fchafiz\u0259 Assosiasiyas\u0131n\u0131n m\u00fc\u015faviri) v\u0259 kinorejissor Haramura Masaki il\u0259 iki g\u00fcn \u0259rzind\u0259 Hokuryu q\u0259s\u0259b\u0259sind\u0259 s\u0259n\u0259dli film \u00fc\u00e7\u00fcn \u00e7\u0259kili\u015f apar\u0131ld\u0131. Bu d\u0259f\u0259 istehsal olunan film \u201ctoxum v\u0259 qida t\u0259hl\u00fck\u0259sizliyi\u201d m\u00f6vzusunda s\u0259n\u0259dli filmdir.<\/p>\n<p>C\u0259nab Yamada, Direktor Haramura v\u0259 onlar\u0131n komandas\u0131 c\u00fcm\u0259 g\u00fcn\u00fc, iyunun 19-da Hokkaydoya g\u0259ldil\u0259r v\u0259 son g\u00fcn\u00fc Hokuryu q\u0259s\u0259b\u0259sini ziyar\u0259t etm\u0259zd\u0259n \u0259vv\u0259l Samani q\u0259s\u0259b\u0259sind\u0259 s\u0259rb\u0259st mal \u0259ti yeti\u015fdir\u0259n Jibeef fermas\u0131na v\u0259 Toma q\u0259s\u0259b\u0259sind\u0259 geni\u015f miqyasl\u0131 \u00fczvi ferman\u0131 idar\u0259 ed\u0259n k\u0259nd t\u0259s\u0259rr\u00fcfat\u0131 istehsal\u0131 korporasiyas\u0131 olan Toma Green Life Co., Ltd.-y\u0259 ba\u015f \u00e7\u0259kdil\u0259r. Bazar g\u00fcn\u00fc, iyunun 21-d\u0259 \u201cToxumlar v\u0259 fidanlar\u201d m\u00f6vzusunda m\u00fczakir\u0259 toplant\u0131s\u0131, ert\u0259si g\u00fcn s\u0259h\u0259r tezd\u0259n, 22 iyun bazar ert\u0259si, Kurosengoku soya sah\u0259sind\u0259 m\u00fcsahib\u0259 \u00e7\u0259kili\u015fi olacaq.<\/p>\n<h2>Toxum Qanunu v\u0259 Fidan Qanunu Haqq\u0131nda<\/h2>\n<h3>toxum \u00fcsulu<\/h3>\n<p>Toxum Akt\u0131 (\u018fsas K\u0259nd T\u0259s\u0259rr\u00fcfat\u0131 Bitki Toxumu Akt\u0131) 1 may 1952-ci ild\u0259 (Showa 27) q\u0259bul edilmi\u015f Yaponiya qanunudur (131 sayl\u0131 Qanun). Bu qanun \u0259sas k\u0259nd t\u0259s\u0259rr\u00fcfat\u0131 bitkil\u0259ri (\u00e7\u0259ltik, soya, bu\u011fda v\u0259 s.) \u00fc\u00e7\u00fcn toxum istehsal\u0131n\u0131n h\u00f6kum\u0259t t\u0259r\u0259find\u0259n idar\u0259 edilm\u0259sini, sah\u0259 yoxlamalar\u0131 v\u0259 dig\u0259r t\u0259dbirl\u0259rin h\u0259yata ke\u00e7irilm\u0259sini n\u0259z\u0259rd\u0259 tutur.<\/p>\n<h3>Toxum haqq\u0131nda qanunun l\u0259\u011fvi<\/h3>\n<p>Toxum Akt\u0131 2018-ci il aprelin 1-d\u0259 l\u0259\u011fv edil\u0259c\u0259k. Prefekturalara vahid milli r\u0259hb\u0259rlik sistemi l\u0259\u011fv edil\u0259c\u0259k v\u0259 t\u00f6vsiy\u0259 olunan sortlar \u00fcz\u0259rind\u0259 s\u0259lahiyy\u0259t \u015f\u0259h\u0259r v\u0259 ya q\u0259s\u0259b\u0259 kimi h\u0259r bir yerli h\u00f6kum\u0259t\u0259 veril\u0259c\u0259k. \u00d6z\u0259l sektorun i\u015ftirak\u0131 il\u0259 k\u0259nd t\u0259s\u0259rr\u00fcfat\u0131n\u0131n r\u0259qab\u0259t qabiliyy\u0259tinin g\u00fccl\u0259ndirilm\u0259si m\u0259qs\u0259di il\u0259 qanunun l\u0259\u011fvi bar\u0259d\u0259 q\u0259rar q\u0259bul edilib.<\/p>\n<p>Ortaq regional aktiv olan toxumlar\u0131n istehsal\u0131 \u00f6z\u0259l sektora h\u0259val\u0259 olunacaq v\u0259 bunun transmilli korporasiyalar v\u0259 dig\u0259r bu kimi qurumlar t\u0259r\u0259find\u0259n toxum inhisar\u0131na g\u0259tirib \u00e7\u0131xara bil\u0259c\u0259yi il\u0259 ba\u011fl\u0131 narahatl\u0131qlar yaranacaq, n\u0259tic\u0259d\u0259 qiym\u0259t art\u0131m\u0131 v\u0259 Yaponiyan\u0131n toxum bazar\u0131nda \u00f6z\u0259l \u015firk\u0259tl\u0259rin h\u00f6kmranl\u0131\u011f\u0131 il\u0259 n\u0259tic\u0259l\u0259n\u0259c\u0259k.<\/p>\n<h3>Toxum \u00fcsulu<\/h3>\n<p>Toxum v\u0259 Fidan Akt\u0131 29 may 1998-ci ild\u0259 q\u0259bul edilmi\u015f v\u0259 yeni bitki sortlar\u0131n\u0131n yarad\u0131lmas\u0131 il\u0259 ba\u011fl\u0131 h\u00fcquqlar\u0131n qorunmas\u0131n\u0131 n\u0259z\u0259rd\u0259 tutan Yaponiya qanunudur. M\u00fc\u0259yy\u0259n edilir ki, yeni bitki sortunu yaradan \u015f\u0259xs yeni sortu qeydiyyatdan ke\u00e7irm\u0259kl\u0259 yeni bitki sortunu yeti\u015fdirm\u0259k \u00fc\u00e7\u00fcn m\u00fcst\u0259sna h\u00fcquq \u0259ld\u0259 ed\u0259 bil\u0259r.<\/p>\n<h3>Toxumlar v\u0259 Fidanlar haqq\u0131nda Qanuna t\u0259klif olunan d\u00fcz\u0259li\u015fl\u0259r: \u0130ki \u0259sas m\u0259qam<\/h3>\n<p>1. Toxumlar\u0131n xaric\u0259 ixrac\u0131n\u0131n m\u0259hdudla\u015fd\u0131r\u0131lmas\u0131 v\u0259 m\u00fc\u0259yy\u0259n edilmi\u015f \u0259razil\u0259rd\u0259n k\u0259narda bec\u0259rilm\u0259sinin m\u0259hdudla\u015fd\u0131r\u0131lmas\u0131<br \/>\n2. Qeydiyyatdan ke\u00e7mi\u015f sortlar\u0131n \u00f6z-\u00f6z\u00fcn\u0259 \u00e7oxald\u0131lmas\u0131 icaz\u0259 sistemin\u0259 tabe olacaq.<\/p>\n<p>Bundan \u0259lav\u0259, yaln\u0131z qeydiyyatdan ke\u00e7mi\u015f n\u00f6vl\u0259r \u00f6z-\u00f6z\u00fcn\u0259 yay\u0131lma icaz\u0259sin\u0259 tabedir; yerli n\u00f6vl\u0259r, \u00fcmumi sortlar v\u0259 qeydiyyatdan ke\u00e7m\u0259mi\u015f sortlar \u00fc\u00e7\u00fcn icaz\u0259 \u0259riz\u0259l\u0259ri t\u0259l\u0259b olunmur v\u0259 \u00f6z-\u00f6z\u00fcn\u0259 \u00e7oxalma il\u0259 ba\u011fl\u0131 he\u00e7 bir m\u0259hdudiyy\u0259t yoxdur.<br \/>\n(\u0130stinadlar:<a href=\"https:\/\/www.maff.go.jp\/j\/shokusan\/shubyoho.html\" target=\"_blank\" rel=\"noopener noreferrer\">K\u0259nd T\u0259s\u0259rr\u00fcfat\u0131, Me\u015f\u0259 T\u0259s\u0259rr\u00fcfat\u0131 v\u0259 Bal\u0131q\u00e7\u0131l\u0131q Nazirliyinin internet sayt\u0131: \u201cToxum v\u0259 tinglik haqq\u0131nda\u201d qanuna d\u0259yi\u015fiklik edilm\u0259si haqq\u0131nda qanun layih\u0259si<\/a>)<\/p>\n<h4>Toxum v\u0259 Fidan Qanununa d\u00fcz\u0259li\u015f qanun layih\u0259sinin t\u0259xir\u0259 sal\u0131nmas\u0131 g\u00f6zl\u0259nilir (Yaponiya K\u0259nd T\u0259s\u0259rr\u00fcfat\u0131 X\u0259b\u0259rl\u0259ri, 21 May 2020)<\/h4>\n<p>G\u00f6zl\u0259nilir ki, Toxum v\u0259 Fidanlar Qanununa d\u0259yi\u015fiklik layih\u0259si haz\u0131rk\u0131 P\u0259hriz sessiyas\u0131nda q\u0259bul edilm\u0259y\u0259c\u0259k.<br \/>\n(\u0130stinadlar:<a href=\"https:\/\/www.agrinews.co.jp\/p50846.html\" target=\"_blank\" rel=\"noopener noreferrer\">Yaponiya K\u0259nd T\u0259s\u0259rr\u00fcfat\u0131 X\u0259b\u0259rl\u0259ri: Toxum v\u0259 Fidan Qanununa d\u0259yi\u015fiklik t\u0259xir\u0259 sal\u0131nd\u0131; fermerl\u0259rin maraqlar\u0131 \u00f6n planda olmal\u0131d\u0131r<\/a>)<\/p>\n<h2>konfrans<\/h2>\n<p>Bazar g\u00fcn\u00fc, iyunun 21-i ax\u015fam, G\u00fcn\u0259baxan Park\u0131 Kitaryu Onsend\u0259 c\u0259nab Yamada, K\u0259nd N\u0259zar\u0259ti Hara v\u0259 dig\u0259r aidiyy\u0259ti t\u0259r\u0259fl\u0259r, el\u0259c\u0259 d\u0259 B\u0259l\u0259diyy\u0259 Ba\u015f\u00e7\u0131s\u0131 Sano Yutaka, JA Kitasorachi Kitaryu filial\u0131n\u0131n meneceri, Kurosengoku Biznes Kooperativinin direktorlar\u0131 v\u0259 dig\u0259r Kitaryu \u015f\u0259h\u0259r r\u0259smil\u0259ri il\u0259 m\u00fczakir\u0259 g\u00f6r\u00fc\u015f\u00fc ke\u00e7irildi.<\/p>\n<figure class=\"wp-caption aligncenter\"><a href=\"https:\/\/photos.google.com\/share\/AF1QipMbTD3bknYfxG30wntrgaoLYZpMqZYv6hbGv0HhC6hSRdEnRzYk0YNB5UibQ2oQ_A\/photo\/AF1QipO04etJZtRHFLe7lBP8XkYGPxzzKNB0oU_cDnY?key=dUhLWEFzSDktX3g5dHpGMGNrTGtqc3pWeDVNUUpn\" target=\"_blank\" rel=\"noopener noreferrer\"><img decoding=\"async\" class=\"size-medium\" src=\"https:\/\/lh3.googleusercontent.com\/pw\/ACtC-3eJ2KNNtrKF8btzr5jMAAXczloGWq4lZikSzPHXHZfNLfR5gKUicjZ-HtdMHT7pxQVgsdBVNilfwv5SaZc5eZwsyw26FE-9J0p04DqdW9dcYyRxVlYc1_AM22MIe7_rkilq1rq9O5nEitRzK_Xuj92Q=w2000-h1332-no?authuser=0\" alt=\"Masahiko Yamada (ke\u00e7mi\u015f K\u0259nd T\u0259s\u0259rr\u00fcfat\u0131, Me\u015f\u0259 v\u0259 Bal\u0131q\u00e7\u0131l\u0131q Naziri) v\u0259 kinorejissor Masaki Haramura il\u0259 m\u00fczakir\u0259 g\u00f6r\u00fc\u015f\u00fc\" width=\"1998\" height=\"1332\" \/><\/a><figcaption class=\"wp-caption-text\">Masahiko Yamada (ke\u00e7mi\u015f K\u0259nd T\u0259s\u0259rr\u00fcfat\u0131, Me\u015f\u0259 v\u0259 Bal\u0131q\u00e7\u0131l\u0131q Naziri) v\u0259 kinorejissor Masaki Haramura il\u0259 m\u00fczakir\u0259 g\u00f6r\u00fc\u015f\u00fc<\/figcaption><\/figure>\n<p>\ufffc<\/p>\n<figure class=\"wp-caption aligncenter\"><a href=\"https:\/\/photos.google.com\/share\/AF1QipMbTD3bknYfxG30wntrgaoLYZpMqZYv6hbGv0HhC6hSRdEnRzYk0YNB5UibQ2oQ_A\/photo\/AF1QipMMjxMQGh1AFROzav41XWtORNGVl2bI-J0P7qc?key=dUhLWEFzSDktX3g5dHpGMGNrTGtqc3pWeDVNUUpn\" target=\"_blank\" rel=\"noopener noreferrer\"><img decoding=\"async\" class=\"size-medium\" src=\"https:\/\/lh3.googleusercontent.com\/pw\/ACtC-3cK2hIQxqoRTfy7A6WTet_bOM7peHvhQ4LozoKzWXbgGg799aThrgS3yZAYO-_hj1spGFH7yuG4A03jcCiLFMKxoNdiUzXDCpQ7cyiGd6sJIEuugvshtzQk9Kr68irZQDqSzlKrhYM_j8UTw73lbfvi=w2000-h1332-no?authuser=0\" alt=\"G\u00f6r\u00fc\u015fd\u0259n s\u0259hn\u0259\" width=\"1998\" height=\"1332\" \/><\/a><figcaption class=\"wp-caption-text\">G\u00f6r\u00fc\u015fd\u0259n s\u0259hn\u0259<\/figcaption><\/figure>\n<h3>C\u0259nab Yamada v\u0259 c\u0259nab Haramura<\/h3>\n<p>-Masahiko Yamada (ke\u00e7mi\u015f K\u0259nd T\u0259s\u0259rr\u00fcfat\u0131, Me\u015f\u0259 v\u0259 Bal\u0131q\u00e7\u0131l\u0131q Naziri, Yapon Toxumlar\u0131n\u0131n M\u00fchafiz\u0259si Assosiasiyas\u0131n\u0131n m\u00fc\u015faviri, h\u00fcquq\u015f\u00fcnas), Masaki Haramura (s\u0259n\u0259dli filmin rejissoru), Namie Endo (Yamada-n\u0131n katibi), Mamoru Seqava (k\u0259nd t\u0259s\u0259rr\u00fcfat\u0131 istehsal\u0131 korporasiyas\u0131n\u0131n ba\u015f direktoru Toma Green Life MMC-nin icra\u00e7\u0131 direktoru, Tashimi Naqai\u00e7ka), Masayu Naqai\u00e7i fermas\u0131 (icma \u00fcnsiyy\u0259t\u00e7isi)<\/p>\n<figure class=\"wp-caption aligncenter\"><a href=\"https:\/\/photos.google.com\/share\/AF1QipMbTD3bknYfxG30wntrgaoLYZpMqZYv6hbGv0HhC6hSRdEnRzYk0YNB5UibQ2oQ_A\/photo\/AF1QipOZmsUq7rvSep-1HdVu2J8iCNNeS_3SZ0T9_xY?key=dUhLWEFzSDktX3g5dHpGMGNrTGtqc3pWeDVNUUpn\" target=\"_blank\" rel=\"noopener noreferrer\"><img decoding=\"async\" class=\"size-medium\" src=\"https:\/\/lh3.googleusercontent.com\/pw\/ACtC-3egF2d8sba1Q4dsBaa9iQASaC3xFskB8SAhJc481qhktwrlpVsaN09Q2-bEZnrJm1FcyPj3NqyddE8Xsk_MMu8FOxT47hAk71uyxWo2m2OsEqG05gdbWxrjUKXhS48CsHdHk9ZvnnX4xtWiwyD4ljR9=w2000-h1332-no?authuser=0\" alt=\"H\u00f6rm\u0259tli i\u015ftirak\u00e7\u0131lar,\" width=\"1998\" height=\"1332\" \/><\/a><figcaption class=\"wp-caption-text\">H\u00f6rm\u0259tli i\u015ftirak\u00e7\u0131lar,<\/figcaption><\/figure>\n<h4>Masahiko Yamada (ke\u00e7mi\u015f K\u0259nd T\u0259s\u0259rr\u00fcfat\u0131, Me\u015f\u0259 v\u0259 Bal\u0131q\u00e7\u0131l\u0131q Naziri, Yapon Toxumlar\u0131n\u0131n M\u00fchafiz\u0259si Assosiasiyas\u0131n\u0131n m\u00fc\u015faviri v\u0259 h\u00fcquq\u015f\u00fcnas)<\/h4>\n<figure class=\"wp-caption aligncenter\"><a href=\"https:\/\/photos.google.com\/share\/AF1QipMbTD3bknYfxG30wntrgaoLYZpMqZYv6hbGv0HhC6hSRdEnRzYk0YNB5UibQ2oQ_A\/photo\/AF1QipNAZpt_ur3aR_kKdRlaZLHkhd3RJDfXOHLKXGA?key=dUhLWEFzSDktX3g5dHpGMGNrTGtqc3pWeDVNUUpn\" target=\"_blank\" rel=\"noopener noreferrer\"><img decoding=\"async\" class=\"size-medium\" src=\"https:\/\/lh3.googleusercontent.com\/pw\/ACtC-3dZIPlpeBQN1w1hBQ0CBetJ-J9NF4Sq-3xl6aXK0j-3gAvEO5-P9WKRZY1N_ZeGuNNA7DsjCykod_0ptffQpesUd-K4WMF0xN4_utvFxELr9mL7vlL-z-J9sSjTY05-0m5Crjhy7HsFQ8ltCNpyaeWq=w2000-h1332-no?authuser=0\" alt=\"C\u0259nab Masahiko Yamada\" width=\"1998\" height=\"1332\" \/><\/a><figcaption class=\"wp-caption-text\">C\u0259nab Masahiko Yamada<\/figcaption><\/figure>\n<h4>Masaki Haramura (s\u0259n\u0259dli film rejissoru)<\/h4>\n<figure class=\"wp-caption aligncenter\"><a href=\"https:\/\/photos.google.com\/share\/AF1QipMbTD3bknYfxG30wntrgaoLYZpMqZYv6hbGv0HhC6hSRdEnRzYk0YNB5UibQ2oQ_A\/photo\/AF1QipNlRcoZawr0SlhDYtSyZ69sxZLQXwG0Rf4A-RI?key=dUhLWEFzSDktX3g5dHpGMGNrTGtqc3pWeDVNUUpn\" target=\"_blank\" rel=\"noopener noreferrer\"><img decoding=\"async\" class=\"size-medium\" src=\"https:\/\/lh3.googleusercontent.com\/pw\/ACtC-3d6elGpJrXLA5aLUeHLWw0oj3tjFWG7BuEBJQfsiDV0Plsq0FpEhPdgBHsltky-ZOgZIxGk15MVI9ErOsd0NOT5obq72WCAIu2B97bgAQ0aEf6yBA1BTIS-HKZ_5Leunue9aRwovfTDVmqFJYECVfv3=w2000-h1332-no?authuser=0\" alt=\"C\u0259nab Masaki Haramura\" width=\"1998\" height=\"1332\" \/><\/a><figcaption class=\"wp-caption-text\">C\u0259nab Masaki Haramura<\/figcaption><\/figure>\n<h4>Namie Endo (Yamadan\u0131n katibi)<\/h4>\n<p>\ufffc<\/p>\n<figure class=\"wp-caption aligncenter\"><a href=\"https:\/\/photos.google.com\/share\/AF1QipMbTD3bknYfxG30wntrgaoLYZpMqZYv6hbGv0HhC6hSRdEnRzYk0YNB5UibQ2oQ_A\/photo\/AF1QipMtElW0p-BZHNI3IRgWDamS559CxJ15AMT50CU?key=dUhLWEFzSDktX3g5dHpGMGNrTGtqc3pWeDVNUUpn\" target=\"_blank\" rel=\"noopener noreferrer\"><img decoding=\"async\" class=\"size-medium\" src=\"https:\/\/lh3.googleusercontent.com\/pw\/ACtC-3fGvodqi4Clc3h4uXIg2exGhHzbF8RPxSPwIBF-R50HA0pQqpe6uG4TRnjfv8ctmnGTaBI8IBz_ZQ08q3s7G8FkoZEQh6hA5TQP7PWk4X5Mjctljb07MHutKy7eH3MqDz4MFUUy0MDiiz40SmuE6k1o=w2000-h1332-no?authuser=0\" alt=\"Xan\u0131m Namie Endo\" width=\"1998\" height=\"1332\" \/><\/a><figcaption class=\"wp-caption-text\">Xan\u0131m Namie Endo<\/figcaption><\/figure>\n<h4>C\u0259nab Mamoru Seqava (Toma Green Life, k\u0259nd t\u0259s\u0259rr\u00fcfat\u0131 istehsal\u0131 korporasiyas\u0131n\u0131n ba\u015f direktoru)<\/h4>\n<figure class=\"wp-caption aligncenter\"><a href=\"https:\/\/photos.google.com\/share\/AF1QipMbTD3bknYfxG30wntrgaoLYZpMqZYv6hbGv0HhC6hSRdEnRzYk0YNB5UibQ2oQ_A\/photo\/AF1QipO7IPSle4Er7rsVOJL9lN9-_cgB6GJhL8EibHU?key=dUhLWEFzSDktX3g5dHpGMGNrTGtqc3pWeDVNUUpn\" target=\"_blank\" rel=\"noopener noreferrer\"><img decoding=\"async\" class=\"size-medium\" src=\"https:\/\/lh3.googleusercontent.com\/pw\/ACtC-3cfZPIt6JAJvzkXoJbEfNspGpO3wgindKg8qhSk5DzatvFOouSVHwUYDsJC7hCPakjIOyJhrlcwa-zVhaW2ZMlweHxX2AqdKyIxUbKratBaHce_N0bZWOraNujKpUoUZj_FHV9WmbVORu_FWCdzgJQe=w2000-h1332-no?authuser=0\" alt=\"C\u0259nab Mamoru Seqava\" width=\"1998\" height=\"1332\" \/><\/a><figcaption class=\"wp-caption-text\">C\u0259nab Mamoru Seqava<\/figcaption><\/figure>\n<h4>Masayuki Naqasaka (\u00fczvi fermer)<\/h4>\n<p>\ufffc<\/p>\n<figure class=\"wp-caption aligncenter\"><a href=\"https:\/\/photos.google.com\/share\/AF1QipMbTD3bknYfxG30wntrgaoLYZpMqZYv6hbGv0HhC6hSRdEnRzYk0YNB5UibQ2oQ_A\/photo\/AF1QipPiUdsYFa_SA_O8kz0dPBkIjDOHM9ETmA5pQlc?key=dUhLWEFzSDktX3g5dHpGMGNrTGtqc3pWeDVNUUpn\" target=\"_blank\" rel=\"noopener noreferrer\"><img decoding=\"async\" class=\"size-medium\" src=\"https:\/\/lh3.googleusercontent.com\/pw\/ACtC-3c41Pcl1xw3TNxkyKMMTEpCJr5WGgQbS0rhrlA7qjfd6g8FfnX5IMiPqtaW1aQSaxD6aLaS4P_4KhYXCl7FbpSuxtRerVNL_5ztLBj0vnLZ5zsL_oam9Jhe6bj_nvwQoz2dhscHrGO3NVtObpF4P3dm=w2000-h1332-no?authuser=0\" alt=\"Masayuki Naqasaka\" width=\"1998\" height=\"1332\" \/><\/a><figcaption class=\"wp-caption-text\">Masayuki Naqasaka<\/figcaption><\/figure>\n<h4>Yoshimi Takashima (\u0130cma \u00dcnsiyy\u0259t\u00e7isi)<\/h4>\n<p>\ufffc<\/p>\n<figure class=\"wp-caption aligncenter\"><a href=\"https:\/\/photos.google.com\/share\/AF1QipMbTD3bknYfxG30wntrgaoLYZpMqZYv6hbGv0HhC6hSRdEnRzYk0YNB5UibQ2oQ_A\/photo\/AF1QipMCdWbBx4eFAisY0oD6cGXcmyaw8XSPNJ13KME?key=dUhLWEFzSDktX3g5dHpGMGNrTGtqc3pWeDVNUUpn\" target=\"_blank\" rel=\"noopener noreferrer\"><img decoding=\"async\" class=\"size-medium\" src=\"https:\/\/lh3.googleusercontent.com\/pw\/ACtC-3c9jP2hDmfaNLIQM1JzsFACHzdUvLQibgsXRXhWIcyuI0QmemvLZZgkN1PO0A-NwsWnRoU4yo0VsN4pseDblkxCP8VQJwomoTZwhGzM3SW96y3ljHapLrYP8Lvb6xW7sbZZWJafdLxVFlmZXSoNXgSz=w2000-h1332-no?authuser=0\" alt=\"Xan\u0131m Yoshimi Takashima\" width=\"1998\" height=\"1332\" \/><\/a><figcaption class=\"wp-caption-text\">Xan\u0131m Yoshimi Takashima<\/figcaption><\/figure>\n<h3>Hokuryu q\u0259s\u0259b\u0259sind\u0259n i\u015ftirak\u00e7\u0131lar<\/h3>\n<p>- B\u0259l\u0259diyy\u0259 Ba\u015f\u00e7\u0131s\u0131 Sano Yutaka, Hokuryu \u015e\u0259h\u0259r \u015euras\u0131n\u0131n \u00fczv\u00fc Ozaki Keiko, JA Kitasorachi Hokuryu Filial Meneceri Hoshino Tadao, Kurosengoku Biznes Kooperativ Assosiasiyas\u0131n\u0131n s\u0259dri Takada Yukio, \u0130cra\u00e7\u0131 Direktor Tsuji Masaaki, Direktor Kimura Kazuo, Hokuryu Biznes Kooperativi Assosiasiyas\u0131n\u0131n Direktoru, Kikura Ryoji v\u0259 Kikura Ryojinin s\u0259dri, Kikura Ryoji A.\u015e. Hokuryu Town k\u0259ndinin t\u0259r\u0259fdarlar\u0131 Terauchi Noboru v\u0259 Ikuko. Onlar\u0131n ham\u0131s\u0131 Hokkaydo Toxum Assosiasiyas\u0131n\u0131n \u00fczvl\u0259ridir (S\u0259dr: Tokuji Hisada).<br \/>\n\ufffc<\/p>\n<figure class=\"wp-caption aligncenter\"><a href=\"https:\/\/photos.google.com\/share\/AF1QipMbTD3bknYfxG30wntrgaoLYZpMqZYv6hbGv0HhC6hSRdEnRzYk0YNB5UibQ2oQ_A\/photo\/AF1QipPo3JCmHCDHgy9UYS3fRgz_hE2drTgZd71xb74?key=dUhLWEFzSDktX3g5dHpGMGNrTGtqc3pWeDVNUUpn\" target=\"_blank\" rel=\"noopener noreferrer\"><img decoding=\"async\" class=\"size-medium\" src=\"https:\/\/lh3.googleusercontent.com\/pw\/ACtC-3eawp8LeYqoRUUnrV2m4EMTs9DDtfVmvRwG5YymwdsXqhI15o08mmVzqUIuoZAPxbWyRfr3sMCACcmiuhRX9Om-7B7SXO8rr3XHSC9WEMwgAMK-Vk9cH-G3CmopyJwFUYluq6n6LhELMhfdoTHgf3_v=w2000-h1332-no?authuser=0\" alt=\"B\u0259l\u0259diyy\u0259 Ba\u015f\u00e7\u0131s\u0131 Sano v\u0259 dig\u0259r \u0259laq\u0259li t\u0259r\u0259fl\u0259r\" width=\"1998\" height=\"1332\" \/><\/a><figcaption class=\"wp-caption-text\">B\u0259l\u0259diyy\u0259 Ba\u015f\u00e7\u0131s\u0131 Sano v\u0259 dig\u0259r \u0259laq\u0259li t\u0259r\u0259fl\u0259r<\/figcaption><\/figure>\n<h3>\u018fsas MC: Ryoji Kikura<\/h3>\n<p>\ufffc<\/p>\n<figure class=\"wp-caption aligncenter\"><a href=\"https:\/\/photos.google.com\/share\/AF1QipMbTD3bknYfxG30wntrgaoLYZpMqZYv6hbGv0HhC6hSRdEnRzYk0YNB5UibQ2oQ_A\/photo\/AF1QipML8kv-AOKo6ttRHcNFtrRnR-VDr8ca6Omkl_Q?key=dUhLWEFzSDktX3g5dHpGMGNrTGtqc3pWeDVNUUpn\" target=\"_blank\" rel=\"noopener noreferrer\"><img decoding=\"async\" class=\"size-medium\" src=\"https:\/\/lh3.googleusercontent.com\/pw\/ACtC-3fHtJS4zWHRPWQqq9dgEPTj18RX6sMCUCpgmOTMh6yYPElwZklwUK7r4IO2qydsKY2bpp0MT1cr5itZUGTRQ3FrHMsGN4tkvsP3r0Pso5vyIgzBMB7V4dEINU_OXJGrahrKofLTcmLXcZDEYRK8iZ4o=w2000-h1332-no?authuser=0\" alt=\"C\u0259nab Ryoji Kikura\" width=\"1998\" height=\"1332\" \/><\/a><figcaption class=\"wp-caption-text\">C\u0259nab Ryoji Kikura<\/figcaption><\/figure>\n<h3>Mer Yutaka Sanodan salamlar<\/h3>\n<p>\ufffc<\/p>\n<figure class=\"wp-caption aligncenter\"><a href=\"https:\/\/photos.google.com\/share\/AF1QipMbTD3bknYfxG30wntrgaoLYZpMqZYv6hbGv0HhC6hSRdEnRzYk0YNB5UibQ2oQ_A\/photo\/AF1QipPz1botULaGAL23Y16BuAuZ8YyhQ86qP-0-A5A?key=dUhLWEFzSDktX3g5dHpGMGNrTGtqc3pWeDVNUUpn\" target=\"_blank\" rel=\"noopener noreferrer\"><img decoding=\"async\" class=\"size-medium\" src=\"https:\/\/lh3.googleusercontent.com\/pw\/ACtC-3eYaLPfYL6jYAtZCQqO2CIGYqTaLd4rMQeHH4q6HPmAjcCPZG9-Qe5ofZ4LmTg_wgBB-DWuRgpG7QO8TGeZHSAN1cQA1mXxzjEHUBEoFllAJbC9ylc7_P33fmgSIvf3fMlCxlxiGg3hpfIYI6EuRIfP=w2000-h1332-no?authuser=0\" alt=\"B\u0259l\u0259diyy\u0259 Ba\u015f\u00e7\u0131s\u0131 Yutaka Sano\" width=\"1998\" height=\"1332\" \/><\/a><figcaption class=\"wp-caption-text\">B\u0259l\u0259diyy\u0259 Ba\u015f\u00e7\u0131s\u0131 Yutaka Sano<\/figcaption><\/figure>\n<p>&quot;Rejissor Haramura \u0259sl\u0259n \u00c7iba prefekturas\u0131ndand\u0131r, lakin Hokuryu \u015f\u0259h\u0259ri 1893-c\u00fc ild\u0259 \u00c7iba prefekturas\u0131n\u0131n Motonomura k\u0259ndind\u0259n (indiki \u0130nzay \u015f\u0259h\u0259ri) bir qrup qabaqc\u0131l m\u00fchacir t\u0259r\u0259find\u0259n m\u0259skunla\u015fd\u0131r\u0131l\u0131b. Bu il bunun 128-ci ild\u00f6n\u00fcm\u00fcd\u00fcr.<\/p>\n<p>1 iyun 2020-ci il tarixin\u0259 \u0259halinin say\u0131 1,778 n\u0259f\u0259rdir ki, bu da onu h\u0259tta Hokkaydo standartlar\u0131na g\u00f6r\u0259 ki\u00e7ik bir \u015f\u0259h\u0259r\u0259 \u00e7evirir. \u018fhalisi 1960-c\u0131 ild\u0259 6317 n\u0259f\u0259rl\u0259 pik h\u0259dd\u0259 \u00e7atm\u0131\u015fd\u0131. T\u0259xmin\u0259n 60 il \u0259rzind\u0259 ilkin \u00f6l\u00e7\u00fcs\u00fcn\u00fcn \u00fc\u00e7d\u0259 ikisind\u0259n az\u0131na q\u0259d\u0259r ki\u00e7ilmi\u015f, \u0259halisi azalm\u0131\u015f bir \u015f\u0259h\u0259rdir. \u018fhali h\u0259l\u0259 d\u0259 azal\u0131r, lakin son d\u00f6vrl\u0259rd\u0259 bu nisb\u0259t bir q\u0259d\u0259r azal\u0131b. Problem h\u0259r \u015f\u0259h\u0259rd\u0259 eynidir, lakin \u0259halinin azalmas\u0131 \u0259sas problemdir.<\/p>\n<p>Bu il G\u00fcn\u0259baxan Festival\u0131 COVID-19-un t\u0259sirl\u0259rin\u0259 g\u00f6r\u0259 l\u0259\u011fv edilib. G\u00fcn\u0259baxan k\u0259ndind\u0259 g\u00fcn\u0259baxan \u00e7i\u00e7\u0259kl\u0259m\u0259s\u0259 d\u0259, biz G\u00fcn\u0259baxan k\u0259ndinin torpa\u011f\u0131n\u0131 haz\u0131rlayaca\u011f\u0131q. Yulaf \u0259km\u0259k, \u015fumlamaq, sonra bir az da yulaf \u0259kib \u015fumlamaq, sonra pay\u0131zl\u0131q bu\u011fda \u0259km\u0259yi planla\u015fd\u0131r\u0131r\u0131q. G\u0259l\u0259n il qar \u0259riy\u0259nd\u0259n sonra kompost \u0259lav\u0259 ed\u0259r\u0259k torpa\u011f\u0131 yax\u015f\u0131la\u015fd\u0131rma\u011fa davam ed\u0259c\u0259yik.<\/p>\n<p>34 il \u0259rzind\u0259 Himawari no Sato bir d\u0259f\u0259 d\u0259 olsun bo\u015f qalmad\u0131. Bu il biz bu b\u00f6hran\u0131 f\u00fcrs\u0259t\u0259 \u00e7evir\u0259c\u0259yik v\u0259 10-20 il\u0259 baxaraq yax\u015f\u0131 g\u00fcn\u0259baxanlar\u0131n \u00e7i\u00e7\u0259k a\u00e7mas\u0131 \u00fc\u00e7\u00fcn g\u00fcn\u0259baxan \u00fc\u00e7\u00fcn torpaq yaratma\u011fa diqq\u0259t yetir\u0259c\u0259yik.<\/p>\n<p>Hokuryu q\u0259s\u0259b\u0259si \u0259kin\u00e7ilik v\u0259 g\u00fcn\u0259baxan \u015f\u0259h\u0259ridir. 1990-c\u0131 ild\u0259 ke\u00e7mi\u015f h\u0259mkarlar ittifaq\u0131 prezidenti Kikura \u015f\u0259h\u0259rin &quot;insanlar\u0131n h\u0259yat\u0131n\u0131 v\u0259 sa\u011flaml\u0131\u011f\u0131n\u0131 qoruyan qida istehsal ed\u0259n bir \u015f\u0259h\u0259r\u0259&quot; \u00e7evrilm\u0259si il\u0259 ba\u011fl\u0131 b\u0259yannam\u0259y\u0259 r\u0259hb\u0259rlik etdi v\u0259 o vaxtdan t\u0259xmin\u0259n 30 il ke\u00e7di. Biz bu t\u0259hl\u00fck\u0259siz v\u0259 l\u0259zz\u0259tli yem\u0259yi istehlak\u00e7\u0131lara \u00e7atd\u0131rmaq b\u0259yannam\u0259si il\u0259 k\u0259nd t\u0259s\u0259rr\u00fcfat\u0131, d\u00fcy\u00fc yeti\u015fdirilm\u0259si il\u0259 m\u0259\u015f\u011fuluq.<\/p>\n<p>2017-ci ilin mart ay\u0131nda Hokuryu G\u00fcn\u0259baxan \u0130stehsal\u00e7\u0131lar\u0131 Assosiasiyas\u0131 Yaponiya K\u0259nd T\u0259s\u0259rr\u00fcfat\u0131 M\u00fckafat\u0131 B\u00f6y\u00fck M\u00fckafat\u0131na layiq g\u00f6r\u00fcl\u00fcb. H\u0259min vaxt m\u00fckafatland\u0131rma m\u0259rasimi \u015eibuyadak\u0131 NHK zal\u0131nda ke\u00e7irilib v\u0259 m\u00fckafat sertifikat\u0131n\u0131 K\u0259nd T\u0259s\u0259rr\u00fcfat\u0131, Me\u015f\u0259 v\u0259 Bal\u0131q\u00e7\u0131l\u0131q naziri Yuji Yamamoto v\u0259 NHK-n\u0131n s\u0259dri Ryoi\u00e7i Ueda t\u0259qdim edibl\u0259r.<\/p>\n<p>Bundan \u0259lav\u0259, 2018-ci ilin noyabr ay\u0131nda K\u0259nd T\u0259s\u0259rr\u00fcfat\u0131, Me\u015f\u0259 T\u0259s\u0259rr\u00fcfat\u0131 v\u0259 Bal\u0131q\u00e7\u0131l\u0131q Nazirliyinin 5-ci K\u0259nd X\u0259zin\u0259l\u0259rini K\u0259\u015ff Etm\u0259k M\u00fckafat\u0131nda Kurosengoku soyas\u0131 m\u00fck\u0259mm\u0259llik n\u00fcmun\u0259si olaraq se\u00e7ildi v\u0259 Ba\u015f Nazirlikd\u0259 m\u00fckafata layiq g\u00f6r\u00fcld\u00fc. O zaman ke\u00e7mi\u015f K\u0259nd T\u0259s\u0259rr\u00fcfat\u0131, Me\u015f\u0259 v\u0259 Bal\u0131q\u00e7\u0131l\u0131q Naziri Yo\u015fikava Takamori idi, lakin bu g\u00fcn biz ke\u00e7mi\u015f K\u0259nd T\u0259s\u0259rr\u00fcfat\u0131, Me\u015f\u0259 v\u0259 Bal\u0131q\u00e7\u0131l\u0131q Naziri Yamada Masahikonun i\u015ftirak etdiyin\u0259 g\u00f6r\u0259 minn\u0259tdar\u0131q v\u0259 bu f\u00fcrs\u0259t\u0259 g\u00f6r\u0259 \u00e7ox minn\u0259tdar\u0131q.<\/p>\n<p>\u0130caz\u0259 veril\u0259n vaxt daxilind\u0259 bu ax\u015fam sizinl\u0259, m\u00fc\u0259lliml\u0259r v\u0259 direktorlar, dey\u0259c\u0259kl\u0259riniz bar\u0259d\u0259 \u00e7oxdan g\u00f6zl\u0259nil\u0259n s\u00f6hb\u0259timizi etm\u0259k ist\u0259rdim. &quot;\u018fm\u0259kda\u015fl\u0131\u011f\u0131n\u0131z \u00fc\u00e7\u00fcn \u00e7ox sa\u011f olun&quot; dedi mer Sano.<\/p>\n<h3>Masahiko Yamadadan salamlar<\/h3>\n<p>\ufffc<\/p>\n<figure class=\"wp-caption aligncenter\"><a href=\"https:\/\/photos.google.com\/share\/AF1QipMbTD3bknYfxG30wntrgaoLYZpMqZYv6hbGv0HhC6hSRdEnRzYk0YNB5UibQ2oQ_A\/photo\/AF1QipM2i026JghvrdHg134jQgHkfvNx7NEcgg-O4Z4?key=dUhLWEFzSDktX3g5dHpGMGNrTGtqc3pWeDVNUUpn\" target=\"_blank\" rel=\"noopener noreferrer\"><img decoding=\"async\" class=\"size-medium\" src=\"https:\/\/lh3.googleusercontent.com\/pw\/ACtC-3fbrsSlVhB9vVD_WsJkNC9xZvilrCw1a-gGfNILzLFSM5CxPI43TOhmWKCu4k_8xM_mvrKcxYLsocZWHhEmj-44mqosT8fB3_TAm_H5thuKG4B3WOJ3Hv8xuiACtXzmamXqwch_r9OLVW21BrEaECe7=w2000-h1332-no?authuser=0\" alt=\"C\u0259nab Masahiko Yamada\" width=\"1998\" height=\"1332\" \/><\/a><figcaption class=\"wp-caption-text\">C\u0259nab Masahiko Yamada<\/figcaption><\/figure>\n<blockquote><p>C\u0259nab Masahiko Yamada<\/p>\n<p>1942-ci ild\u0259 Naqasaki prefekturas\u0131nda anadan olub (Showa 17). h\u00fcquq\u015f\u00fcnas. Vaseda Universitetinin H\u00fcquq fak\u00fclt\u0259sini bitirib. V\u0259kill\u0259r \u00fc\u00e7\u00fcn imtahan verdikd\u0259n sonra do\u011fma Qoto \u015f\u0259h\u0259rind\u0259 ferma a\u00e7\u0131r. Neft b\u00f6hran\u0131 s\u0259b\u0259bind\u0259n o, ferma biznesini ba\u011flad\u0131 v\u0259 \u00f6z\u00fcn\u00fc v\u0259killik karyeras\u0131na h\u0259sr etdi. Daha sonra o, N\u00fcmay\u0259nd\u0259l\u0259r Palatas\u0131na namiz\u0259dliyini ir\u0259li s\u00fcrd\u00fc v\u0259 2010-cu ilin iyununda K\u0259nd T\u0259s\u0259rr\u00fcfat\u0131, Me\u015f\u0259 v\u0259 Bal\u0131q\u00e7\u0131l\u0131q naziri oldu. Daha sonra o, be\u015f m\u00fcdd\u0259t N\u00fcmay\u0259nd\u0259l\u0259r Palatas\u0131n\u0131n \u00fczv\u00fc kimi f\u0259aliyy\u0259t g\u00f6st\u0259rdi.<br \/>\nO, h\u00fcquq\u015f\u00fcnas kimi f\u0259aliyy\u0259ti il\u0259 yana\u015f\u0131, hal-haz\u0131rda TPP v\u0259 Toxum Akt\u0131n\u0131n l\u0259\u011fvi kimi m\u0259s\u0259l\u0259l\u0259r \u00fcz\u0259rind\u0259 i\u015fl\u0259yir v\u0259 \u00f6lk\u0259 daxilind\u0259 m\u00fchazir\u0259l\u0259r v\u0259 t\u0259dris sessiyalar\u0131 verir.<\/p><\/blockquote>\n<p>\ufffc<\/p>\n<figure class=\"wp-caption aligncenter\"><a href=\"https:\/\/photos.google.com\/share\/AF1QipMbTD3bknYfxG30wntrgaoLYZpMqZYv6hbGv0HhC6hSRdEnRzYk0YNB5UibQ2oQ_A\/photo\/AF1QipN5W_YdCMef48b7SfTA8NjJOVx2ES6f58PU6g4?key=dUhLWEFzSDktX3g5dHpGMGNrTGtqc3pWeDVNUUpn\" target=\"_blank\" rel=\"noopener noreferrer\"><img decoding=\"async\" class=\"size-medium\" src=\"https:\/\/lh3.googleusercontent.com\/pw\/ACtC-3cI7tJYNvgxBy-LWeGq4t15-lCpEE3bnvxU1Sls7LmXaFFbyfD33BazVwb988YeKIDrooC3BUVcO3nUs1jP84jpohbicBRyYsP51CeF-AbONi15wpJym1wD8AkSbjbMqNoegftr81XhLxeRIWaGa7MQ=w2000-h1332-no?authuser=0\" alt=\"Toxum v\u0259 Fidan Akt\u0131 haqq\u0131nda\" width=\"1998\" height=\"1332\" \/><\/a><figcaption class=\"wp-caption-text\">Toxum v\u0259 Fidan Akt\u0131 haqq\u0131nda<\/figcaption><\/figure>\n<p>&quot;Bu d\u0259f\u0259 uzun m\u00fcdd\u0259td\u0259n sonra ilk d\u0259f\u0259 olaraq Hokkaydoya g\u0259ldim. C\u00fcm\u0259 g\u00fcn\u00fc, iyunun 19-da Hokkaydoya girdim v\u0259 Samani \u015f\u0259h\u0259rind\u0259 s\u0259rb\u0259st v\u0259h\u015fi mal \u0259ti yeti\u015fdir\u0259n ranchoya ba\u015f \u00e7\u0259kdim. Bu, h\u0259qiq\u0259t\u0259n g\u00f6z\u0259l yer idi v\u0259 anlad\u0131m ki, bu, ferman\u0131n \u0259sl yoludur v\u0259 bunu yaln\u0131z Hokkaydoda h\u0259yata ke\u00e7irm\u0259k olar.<\/p>\n<p>\u018fslind\u0259, K\u0259nd T\u0259s\u0259rr\u00fcfat\u0131, Me\u015f\u0259 T\u0259s\u0259rr\u00fcfat\u0131 v\u0259 Bal\u0131q T\u0259s\u0259rr\u00fcfat\u0131 Nazirliyi a\u00e7\u0131q otlaqlara (mal-qara, qoyun v\u0259 donuzlara) qada\u011fa qoyan siyas\u0259t \u00e7\u0131xar\u0131b. Ancaq qeyri-adi bir h\u0259r\u0259k\u0259tl\u0259, bu &quot;otlama qada\u011fand\u0131r&quot; m\u0259tni c\u00fcm\u0259 g\u00fcn\u00fc, iyunun 12-d\u0259 silindi.<br \/>\n\ufffc<\/p>\n<figure class=\"wp-caption aligncenter\"><a href=\"https:\/\/photos.google.com\/share\/AF1QipMbTD3bknYfxG30wntrgaoLYZpMqZYv6hbGv0HhC6hSRdEnRzYk0YNB5UibQ2oQ_A\/photo\/AF1QipPjLDujSQocVFRJwlCuLl1x8CE2N1UfEUVrbz8?key=dUhLWEFzSDktX3g5dHpGMGNrTGtqc3pWeDVNUUpn\" target=\"_blank\" rel=\"noopener noreferrer\"><img decoding=\"async\" class=\"size-medium\" src=\"https:\/\/lh3.googleusercontent.com\/pw\/ACtC-3dtAFmE__hiNbnAyGdyYH71MPA5yEAAoJBkB-MNFfhIMjf6EnGq4V9OwPH5h-Uxeb3t51eDdSswZmjG6nJlOTlr9u56w8knEelJ_hNXcQ2AL726nCNLr9lHmRAQOm8C2j5tn9yc3Z1afgI5uTI8tQWy=w2000-h1332-no?authuser=0\" alt=\"C\u0259nab Yamada n\u0259zak\u0259tl\u0259 dan\u0131\u015f\u0131r\" width=\"1998\" height=\"1332\" \/><\/a><figcaption class=\"wp-caption-text\">C\u0259nab Yamada n\u0259zak\u0259tl\u0259 dan\u0131\u015f\u0131r<\/figcaption><\/figure>\n<h4>Toxum v\u0259 Fidan Qanununa yenid\u0259n bax\u0131lmas\u0131: \u00d6z-\u00f6z\u00fcn\u0259 toxum \u0259kilm\u0259sinin qada\u011fan edilm\u0259si \u0259sas diqq\u0259t m\u0259rk\u0259zind\u0259dir<\/h4>\n<p>\u018fvv\u0259lc\u0259 \u201cToxum v\u0259 tinglik haqq\u0131nda\u201d qanuna yenid\u0259n bax\u0131lmas\u0131ndan dan\u0131\u015fmaq ist\u0259rdim. Soya, d\u00fcy\u00fc, bu\u011fda v\u0259 s. Yaponiyada \u0259sas qida m\u0259hsullar\u0131d\u0131r, lakin milli h\u00f6kum\u0259t\u0259 onlar\u0131 idar\u0259 etm\u0259y\u0259, prefekturalara \u00fcst\u00fcn n\u00f6vl\u0259r inki\u015faf etdirm\u0259y\u0259 v\u0259 fermerl\u0259rin sabit t\u0259chizat\u0131n\u0131 t\u0259min etm\u0259y\u0259 icaz\u0259 ver\u0259n qanun l\u0259\u011fv edil\u0259c\u0259k.<\/p>\n<p>O zaman h\u00f6kum\u0259t dedi ki, \u201c\u0130ctimai rol, bel\u0259 dem\u0259k m\u00fcmk\u00fcns\u0259, yerli h\u00f6kum\u0259t v\u0259 \u00f6lk\u0259 olaraq sona \u00e7atd\u0131. Bundan sonra biz \u00f6z\u0259l sektordan istifad\u0259 ed\u0259c\u0259yik v\u0259 b\u00fct\u00fcn toxum idar\u0259\u00e7iliyi il\u0259 \u00f6z\u0259l \u015firk\u0259tl\u0259r m\u0259\u015f\u011ful olacaq\u201d.<\/p>\n<p>\u018fslind\u0259, K\u0259nd T\u0259s\u0259rr\u00fcfat\u0131, Me\u015f\u0259 T\u0259s\u0259rr\u00fcfat\u0131 v\u0259 Bal\u0131q\u00e7\u0131l\u0131q Nazirliyi Mitsui Chemicals Agro Inc t\u0259r\u0259find\u0259n haz\u0131rlanm\u0131\u015f \u00f6z\u0259l olaraq haz\u0131rlanm\u0131\u015f d\u00fcy\u00fc \u00e7e\u015fidi olan &quot;Mitsuhikari&quot;-ni t\u0259\u015fviq edir. Mitsuhikari F1 sortudur (hibrid \u00e7e\u015fiddir) v\u0259 qiym\u0259ti Koshihikarinin qiym\u0259tind\u0259n 10 d\u0259f\u0259 bahad\u0131r. O bildirib ki, g\u0259l\u0259c\u0259k F1 n\u00f6vl\u0259rinin d\u00f6vr\u00fc olacaq.<\/p>\n<p>Eyni zamanda, K\u0259nd T\u0259s\u0259rr\u00fcfat\u0131n\u0131n R\u0259qab\u0259t Qabiliyy\u0259tinin Art\u0131r\u0131lmas\u0131na D\u0259st\u0259k Akt\u0131 (2017-ci il, 35 sayl\u0131 Qanun) q\u00fcvv\u0259y\u0259 minmi\u015fdir. Biz Milli K\u0259nd T\u0259s\u0259rr\u00fcfat\u0131 v\u0259 Qida T\u0259dqiqatlar\u0131 T\u0259\u015fkilat\u0131 (NARO) t\u0259r\u0259find\u0259n haz\u0131rlanm\u0131\u015f m\u00fck\u0259mm\u0259l damazl\u0131q bilikl\u0259rinin v\u0259 h\u0259r bir prefekturadan \u00f6z\u0259l sektora m\u00fck\u0259mm\u0259l damazl\u0131q bilikl\u0259rinin verilm\u0259sini t\u0259\u015fviq etm\u0259k \u00fc\u00e7\u00fcn qanun q\u0259bul etdik. Bunlar bar\u0259d\u0259 m\u0259lumat verilm\u0259yib.<\/p>\n<p>Hokkaydo, h\u0259m\u00e7inin prefekturan\u0131n toxum istehsal\u0131n\u0131 davam etdir\u0259 v\u0259 fermerl\u0259r\u0259 t\u0259qdim ed\u0259 bil\u0259c\u0259yini, lakin bu vaxt b\u00fct\u00fcn faydal\u0131 bilikl\u0259rin \u00f6z\u0259l sektora t\u0259qdim edilm\u0259li oldu\u011funu bildir\u0259n bir bildiri\u015f yay\u0131mlad\u0131. \u015eirk\u0259t Yaponiyan\u0131n &quot;Yumepirika&quot; d\u00fcy\u00fc sortunu Monsanto Japan Ltd.-y\u0259 t\u0259hvil verib v\u0259 son 10 ild\u0259 sat\u0131\u015f\u0131n\u0131 h\u0259yata ke\u00e7irdiyi yeni &quot;Tone no Megumi&quot; sortunu haz\u0131rlay\u0131b.<\/p>\n<p>Onlar\u0131n \u0259sas m\u0259qs\u0259di \u0259vv\u0259lc\u0259 m\u00f6vcud d\u00f6vl\u0259t toxum\u00e7uluq qanununu l\u0259\u011fv etm\u0259k, sonra h\u0259r bir prefekturan\u0131n m\u00fck\u0259mm\u0259l bilikl\u0259rini \u00f6z\u0259l v\u0259 b\u00f6y\u00fck \u015firk\u0259tl\u0259r\u0259 \u00f6t\u00fcrm\u0259k, sonra is\u0259 \u00f6z-\u00f6z\u00fcn\u0259 toxum \u0259km\u0259yi qada\u011fan etm\u0259k idi.<br \/>\n\ufffc<\/p>\n<figure class=\"wp-caption aligncenter\"><a href=\"https:\/\/photos.google.com\/share\/AF1QipMbTD3bknYfxG30wntrgaoLYZpMqZYv6hbGv0HhC6hSRdEnRzYk0YNB5UibQ2oQ_A\/photo\/AF1QipMDDb71hgzVmaq1iQfwQa-ONxOPmwcYisH8BOo?key=dUhLWEFzSDktX3g5dHpGMGNrTGtqc3pWeDVNUUpn\" target=\"_blank\" rel=\"noopener noreferrer\"><img decoding=\"async\" class=\"size-medium\" src=\"https:\/\/lh3.googleusercontent.com\/pw\/ACtC-3eShgUka9zabMpfdNsbHTA4LKOMAtVvAwzKwpnh_Ip8yDTeQDpzZOmqIxt1SDYneC4lRtL_aRhlD0h1yCLugnUd7t1rMfkjRhiMBEQchjjCG3lXxawxSW46aeJBwCArvN8iLSo3s9ZX_JYd2e2EVnvp=w2000-h1332-no?authuser=0\" alt=\"Direktor Haramura il\u0259 g\u00f6r\u00fc\u015f haqq\u0131nda\" width=\"1998\" height=\"1332\" \/><\/a><figcaption class=\"wp-caption-text\">Direktor Haramura il\u0259 g\u00f6r\u00fc\u015f haqq\u0131nda<\/figcaption><\/figure>\n<h4>Rejissor Masaki Haramuradan \u201cToxumlar v\u0259 fidanlar\u201d haqq\u0131nda film \u00e7\u0259km\u0259yi xahi\u015f etdik.<\/h4>\n<p>\u0130ki il \u0259vv\u0259l rejissor Haramura il\u0259 tan\u0131\u015f oldum. Toxum v\u0259 \u015fitil \u0259kin\u00e7il\u0259rin can damar\u0131d\u0131r. \u201cEvd\u0259 toxum y\u0131\u011f\u0131m\u0131na qada\u011fa qoyulmas\u0131\u201d il\u0259 ba\u011fl\u0131 m\u0259tbuatda \u00fcmumiyy\u0259tl\u0259 m\u0259lumat verilmir. Bel\u0259likl\u0259, m\u00fcmk\u00fcn q\u0259d\u0259r \u00e7ox insana Toxum Qanununun T\u0259dqiqi haqq\u0131nda m\u0259lumat verm\u0259k arzusu il\u0259 rejissor Haramuradan &quot;Toxumlar v\u0259 Fidanlar&quot; haqq\u0131nda film \u00e7\u0259kib-\u00e7\u0259km\u0259y\u0259c\u0259yini soru\u015fdum.<\/p>\n<p>Hokkaydoda Hokkaydo Toxum Assosiasiyas\u0131 c\u0259nab Tokuji Hisada (Hokkaydo Toxum Assosiasiyas\u0131n\u0131n s\u0259dri, Hokkaydo Universitetind\u0259 qonaq professor, Hokkaydo Shimbun Press redaksiya komit\u0259sinin ke\u00e7mi\u015f \u00fczv\u00fc) v\u0259 c\u0259nab Ryoji Kikura il\u0259 \u00e7ox i\u015fl\u0259yir. M\u0259n c\u0259nab Kikura il\u0259 10 il bundan \u0259vv\u0259l \u018frzaq v\u0259 K\u0259nd T\u0259s\u0259rr\u00fcfat\u0131n\u0131n Canland\u0131r\u0131lmas\u0131 \u015euras\u0131n\u0131 yaratd\u0131\u011f\u0131m\u0131zdan v\u0259 o, daimi direktor v\u0259zif\u0259sin\u0259 ke\u00e7\u0259nd\u0259n tan\u0131\u015f olmu\u015fam.<\/p>\n<p>Biz h\u0259r k\u0259sl\u0259 \u0259laq\u0259 saxlay\u0131r\u0131q v\u0259 Toxum Qanunu il\u0259 ba\u011fl\u0131 m\u00fczakir\u0259l\u0259r \u00fcz\u0259rind\u0259 i\u015fl\u0259yirik. Bu filmin \u00e7\u0259kili\u015fl\u0259ri zaman\u0131 biz \u00f6z d\u00fcy\u00fc bec\u0259r\u0259n Mamoru Seqavan\u0131n idar\u0259 etdiyi Toma Ya\u015f\u0131l H\u0259yat\u0131 v\u0259 Toka\u00e7id\u0259 bu\u011fda v\u0259 soya fasulyesini yeti\u015fdir\u0259n Kazuhisa \u0130to t\u0259r\u0259find\u0259n idar\u0259 olunan Hotaru Fermas\u0131nda olduq.<\/p>\n<p>K\u0259nd T\u0259s\u0259rr\u00fcfat\u0131, Me\u015f\u0259 T\u0259s\u0259rr\u00fcfat\u0131 v\u0259 Bal\u0131q T\u0259s\u0259rr\u00fcfat\u0131 Nazirliyi t\u0259r\u0259find\u0259n t\u00f6vsiy\u0259 olunan \u00fcst\u00fcn qara soya sortlar\u0131ndan olan Kurosengoku soyas\u0131na rast g\u0259ldiyim \u00fc\u00e7\u00fcn \u00e7ox minn\u0259tdaram.<\/p>\n<h4>B\u00f6lg\u0259 d\u0259yi\u015f\u0259nd\u0259 \u00f6lk\u0259 d\u0259 d\u0259yi\u015fir.<\/h4>\n<p>Toxum v\u0259 Fidan Akt\u0131n\u0131n l\u0259\u011fvind\u0259n sonra 19 prefektura indi \u00f6z toxum qaydalar\u0131na \u0259m\u0259l edir v\u0259 onlar\u0131 t\u0259tbiq edir. Bundan \u0259lav\u0259, 27 qubernator elan etdi v\u0259 h\u0259r bir prefekturan\u0131n unikal toxumlar\u0131n\u0131 qorumaq \u00fc\u00e7\u00fcn h\u0259r\u0259katlar yay\u0131l\u0131r. \u0130\u015fl\u0259r bu \u015f\u0259kild\u0259 davam ed\u0259rs\u0259, 32 prefekturada d\u0259st\u0259k qazana bil\u0259c\u0259yik.<\/p>\n<p>K\u0259nd T\u0259s\u0259rr\u00fcfat\u0131, Me\u015f\u0259 T\u0259s\u0259rr\u00fcfat\u0131 v\u0259 Bal\u0131q T\u0259s\u0259rr\u00fcfat\u0131 Nazirliyi \u0259vv\u0259lc\u0259 Toxum\u00e7uluq haqq\u0131nda S\u0259r\u0259ncam\u0131n \u0259leyhin\u0259 olsa da, bu yax\u0131nlarda onu alq\u0131\u015flamaq \u00fc\u00e7\u00fcn m\u00f6vqeyini d\u0259yi\u015fdi. P\u0259hrizd\u0259 Liberal Demokrat Partiyas\u0131 da m\u00fcxalif\u0259t partiyalar\u0131n\u0131n t\u0259klif etdiyi &quot;Toxum Qanununun l\u0259\u011fvi v\u0259 Dir\u00e7\u0259li\u015f Qanunu&quot;nu n\u0259z\u0259rd\u0259n ke\u00e7irir.<\/p>\n<p>TPP sazi\u015fi \u00e7oxmill\u0259tli korporasiyalar\u0131n toxum v\u0259 k\u0259nd t\u0259s\u0259rr\u00fcfat\u0131 \u00fcz\u0259rind\u0259 n\u0259zar\u0259ti \u0259l\u0259 ke\u00e7irm\u0259sin\u0259 s\u0259b\u0259b oldu. \u018fmin\u0259m ki, yerli s\u0259viyy\u0259d\u0259 buna m\u00fcqavim\u0259t g\u00f6st\u0259rs\u0259k, Yaponiyan\u0131n k\u0259nd t\u0259s\u0259rr\u00fcfat\u0131 siyas\u0259tini qoruya bil\u0259c\u0259yik. Ham\u0131n\u0131zla birlikd\u0259 d\u00f6y\u00fc\u015fm\u0259k ist\u0259rdim. t\u0259\u015f\u0259kk\u00fcr edir\u0259m.<\/p>\n<p>Sabah Kurosengoku soya sah\u0259sini g\u00f6rm\u0259yi s\u0259birsizlikl\u0259 g\u00f6zl\u0259yir\u0259m. Bu g\u00fcn \u00fc\u00e7\u00fcn \u00e7ox sa\u011f olun, - Yamada n\u0259zak\u0259tl\u0259 dedi.<\/p>\n<figure class=\"wp-caption aligncenter\"><a href=\"https:\/\/photos.google.com\/share\/AF1QipMbTD3bknYfxG30wntrgaoLYZpMqZYv6hbGv0HhC6hSRdEnRzYk0YNB5UibQ2oQ_A\/photo\/AF1QipMNWvO5QsQmlE4WZ_7gNqU2vQTluf_DHH0QdOc?key=dUhLWEFzSDktX3g5dHpGMGNrTGtqc3pWeDVNUUpn\" target=\"_blank\" rel=\"noopener noreferrer\"><img decoding=\"async\" class=\"size-medium\" src=\"https:\/\/lh3.googleusercontent.com\/pw\/ACtC-3dU-VpH4o3KqL9SBClSAk8bdNROOC7-r4GhowsE5jJl-U0YElr30ggX8w8SdJOLJNuxHZWH9t8M0EBj2KJy1nMkGhJUfi019YLKUxVM-00w30wERejL7wGfSvHmYotk6G8kgwCN0ieIOiltVzh-d6dK=w2000-h1332-no?authuser=0\" alt=\"Ham\u0131n\u0131zla g\u00f6r\u00fc\u015fd\u00fcy\u00fcn\u00fcz \u00fc\u00e7\u00fcn t\u0259\u015f\u0259kk\u00fcr edirik!\" width=\"1998\" height=\"1332\" \/><\/a><figcaption class=\"wp-caption-text\">Ham\u0131n\u0131zla g\u00f6r\u00fc\u015fd\u00fcy\u00fcn\u00fcz \u00fc\u00e7\u00fcn t\u0259\u015f\u0259kk\u00fcr edirik!<\/figcaption><\/figure>\n<h3>Rejissor Masaki Haramura \u015f\u0259rhi<\/h3>\n<p>\ufffc<\/p>\n<figure class=\"wp-caption aligncenter\"><a href=\"https:\/\/photos.google.com\/share\/AF1QipMbTD3bknYfxG30wntrgaoLYZpMqZYv6hbGv0HhC6hSRdEnRzYk0YNB5UibQ2oQ_A\/photo\/AF1QipPCDepCLPzzdYEsCwdxQ5U3W69S7ra1cQ3Bl9U?key=dUhLWEFzSDktX3g5dHpGMGNrTGtqc3pWeDVNUUpn\" target=\"_blank\" rel=\"noopener noreferrer\"><img decoding=\"async\" class=\"size-medium\" src=\"https:\/\/lh3.googleusercontent.com\/pw\/ACtC-3cMvzkxEFtsWgQV7AYFFh5jJ44stiUOQHsurVWnsFCuMyzWVQONjQBZ5W48dFCrUp2wycFei-WgW2N9KaE4FOZIA9S15lGoshTkEr4Kno0OFwseyq1rPqnFqJU-joDCGU3xLcUUcx1cJCpkF-BjBefJ=w2000-h1332-no?authuser=0\" alt=\"Rejissor Masaki Haramura\" width=\"1998\" height=\"1332\" \/><\/a><figcaption class=\"wp-caption-text\">Rejissor Masaki Haramura<\/figcaption><\/figure>\n<blockquote><p>Rejissor Masaki Haramura<\/p>\n<p>1957-ci ild\u0259 \u00c7iba prefekturas\u0131nda anadan olub (Showa 32). Sofiya Universitetini bitirdikd\u0259n sonra s\u0259n\u0259dli filml\u0259r v\u0259 televiziya proqramlar\u0131nda \u015ftatdank\u0259nar rejissor k\u00f6m\u0259k\u00e7isi kimi \u00e7al\u0131\u015f\u0131b. 1985-ci ild\u0259 Sakura Eyqa\u015fa qo\u015fuldu (Showa 60). Onun bu g\u00fcn\u0259 q\u0259d\u0259rki \u0259sas i\u015fl\u0259rin\u0259 &quot;Dalyan qad\u0131n Lianq-san (2004),&quot; &quot;H\u0259yat yeti\u015fdir\u0259n insanlar&quot; (2006), &quot;K\u0259ndin u\u015faqlar\u0131&quot; (2008), NHK ETV-nin x\u00fcsusi &quot;D\u00fcy\u00fc fermerl\u0259ri n\u00fcv\u0259 q\u0259zas\u0131 il\u0259 \u00fczl\u0259\u015fir (2011),&quot; NHK Maarifl\u0259ndirici televiziyas\u0131 &quot;Washing, Takah? Yamaqata, Yaponiyada \u0259n yax\u015f\u0131 d\u00fcy\u00fc fermeri olma\u011f\u0131 h\u0259d\u0259fl\u0259yir&quot;, BS Premium-un &quot;Yeni Yaponiya Topoqrafiyas\u0131 (2014)&quot; v\u0259 &quot;Musashino (2018)&quot; s\u0259n\u0259dli filmi.<\/p><\/blockquote>\n<figure class=\"wp-caption aligncenter\"><a href=\"https:\/\/photos.google.com\/share\/AF1QipMbTD3bknYfxG30wntrgaoLYZpMqZYv6hbGv0HhC6hSRdEnRzYk0YNB5UibQ2oQ_A\/photo\/AF1QipPiaCRsSitPWdreaTp4UzmCOYGnMQad55zdK5A?key=dUhLWEFzSDktX3g5dHpGMGNrTGtqc3pWeDVNUUpn\" target=\"_blank\" rel=\"noopener noreferrer\"><img decoding=\"async\" class=\"size-medium\" src=\"https:\/\/lh3.googleusercontent.com\/pw\/ACtC-3fEoQTQ4J9WSh-s3aGTTQU009nnGeflVwvtNx71luhS-lw-OdAwuSrhj02ow3E1VNp8zOgJQFiXJDmqhoPvZUrkbyP5usVadsGjBrIBtPqa93d9pBEk9hlTQi3B6l9E27TFA5lxusuSGgnVs6crmvC9=w2000-h1332-no?authuser=0\" alt=\"K\u0259nd t\u0259s\u0259rr\u00fcfat\u0131 s\u0259n\u0259dli filml\u0259rinin m\u00fcraci\u0259ti\" width=\"1998\" height=\"1332\" \/><\/a><figcaption class=\"wp-caption-text\">K\u0259nd t\u0259s\u0259rr\u00fcfat\u0131 s\u0259n\u0259dli filml\u0259rinin m\u00fcraci\u0259ti<\/figcaption><\/figure>\n<p>&quot;K\u0259nd t\u0259s\u0259rr\u00fcfat\u0131 \u0259sas\u0131nda s\u0259n\u0259dli filml\u0259r \u00e7\u0259kir\u0259m. K\u0259nd t\u0259s\u0259rr\u00fcfat\u0131 haqq\u0131nda c\u00fczi m\u0259lumat\u0131m olsa da, uzun ill\u0259rdir ki, yeniyetm\u0259lik ill\u0259rind\u0259n m\u00fcxt\u0259lif k\u0259ndl\u0259rd\u0259 \u00e7\u0259kili\u015fl\u0259r apar\u0131ram. Fermerl\u0259rin hissl\u0259rini ya\u015famaq imkan\u0131m olub, ona g\u00f6r\u0259 d\u0259 bu bar\u0259d\u0259 m\u00fc\u0259yy\u0259n q\u0259d\u0259r anlay\u0131\u015f\u0131m oldu\u011funa inan\u0131ram.<\/p>\n<h4>\u0130nsan\u0131n suya, havaya v\u0259 yem\u0259y\u0259 ehtiyac\u0131 var<\/h4>\n<p>Bizim \u0259kin\u00e7ilikl\u0259 m\u0259\u015f\u011ful olma\u011f\u0131m\u0131z\u0131n s\u0259b\u0259bi insanlar\u0131n ya\u015famas\u0131 \u00fc\u00e7\u00fcn suya, havaya v\u0259 qidaya ehtiyac\u0131 olmas\u0131d\u0131r.<\/p>\n<p>S\u00fcr\u0259tli iqtisadi inki\u015faf d\u00f6vr\u00fcnd\u0259 b\u00f6y\u00fcd\u00fcy\u00fcm vaxtdan Yaponiyan\u0131n k\u0259nd t\u0259s\u0259rr\u00fcfat\u0131na soyuq m\u00fcnasib\u0259t b\u0259sl\u0259diyini hiss edir\u0259m. K\u0259ndl\u0259rd\u0259 \u00e7\u0259kili\u015f aparark\u0259n m\u0259n\u0259 q\u0259rib\u0259 g\u0259lirdi ki, fermerl\u0259rl\u0259 \u015f\u0259h\u0259r sakinl\u0259ri aras\u0131nda s\u00f6hb\u0259tl\u0259rd\u0259 onlar\u0131n d\u00fcnyaya f\u0259rqli bax\u0131\u015flar\u0131 olub, bir-birini ba\u015fa d\u00fc\u015f\u0259 bilmirdil\u0259r.<\/p>\n<h4>Y\u00fcks\u0259k m\u0259n\u0259vi \u0259kin\u00e7i<\/h4>\n<p>K\u0259nd t\u0259s\u0259rr\u00fcfat\u0131 il\u0259 ciddi m\u0259\u015f\u011ful olan insanlarla uzunm\u00fcdd\u0259tli m\u00fcnasib\u0259tl\u0259rimd\u0259 y\u00fcks\u0259k m\u0259n\u0259viyyatl\u0131 insanlarla \u00e7ox rastla\u015fm\u0131\u015fam.<\/p>\n<p>M\u00fcsahib\u0259l\u0259rim zaman\u0131 anlad\u0131m ki, bu insanlar\u0131n dediyi s\u00f6zl\u0259r \u00e7ox m\u0259nal\u0131d\u0131r. M\u0259s\u0259l\u0259n, orta m\u0259kt\u0259b t\u0259hsili olsa bel\u0259, alim olmaq \u00fc\u00e7\u00fcn kifay\u0259t q\u0259d\u0259r intellektli insanlar var. Onlar\u0131n s\u00f6zl\u0259ri \u00e7ox m\u00fcr\u0259kk\u0259bdir, b\u0259zil\u0259ri \u015fair\u0259, b\u0259zil\u0259ri filosofa ox\u015fay\u0131r.<\/p>\n<p>Bel\u0259 g\u00f6z\u0259l insanlarla tan\u0131\u015f olmaq m\u0259nim \u00fc\u00e7\u00fcn sevinc v\u0259 t\u0259s\u0259lli oldu. M\u00fcsahib\u0259l\u0259ri ver\u0259nd\u0259 bel\u0259, onlar\u0131 \u0259yl\u0259nc\u0259li v\u0259 h\u0259y\u0259canl\u0131 hesab edir\u0259m. Bir daha bel\u0259 g\u00f6z\u0259l d\u00fc\u015f\u00fcnc\u0259 t\u0259rzin\u0259 malik olan v\u0259 \u00f6z i\u015fl\u0259ri il\u0259 m\u0259\u015f\u011ful olan insanlarla g\u00f6r\u00fc\u015fm\u0259k m\u0259ni heyran etdi.<\/p>\n<p>M\u0259n filml\u0259r \u00e7\u0259km\u0259y\u0259 davam edir\u0259m, \u00e7\u00fcnki m\u00fcmk\u00fcn q\u0259d\u0259r \u00e7ox insana bu fermerl\u0259rin nec\u0259 g\u00f6z\u0259l v\u0259 g\u00f6z\u0259l oldu\u011funu \u00e7atd\u0131rmaq ist\u0259yir\u0259m.<\/p>\n<figure class=\"wp-caption aligncenter\"><a href=\"https:\/\/photos.google.com\/share\/AF1QipMbTD3bknYfxG30wntrgaoLYZpMqZYv6hbGv0HhC6hSRdEnRzYk0YNB5UibQ2oQ_A\/photo\/AF1QipNcf-XObaJBuSg-C6ucIGQCoXTS5LnJChgI5LA?key=dUhLWEFzSDktX3g5dHpGMGNrTGtqc3pWeDVNUUpn\" target=\"_blank\" rel=\"noopener noreferrer\"><img decoding=\"async\" class=\"size-medium\" src=\"https:\/\/lh3.googleusercontent.com\/pw\/ACtC-3c7o3CNxjBqL6hgr2FSxr0KoDYQ7llZ2FLFKgT_7QSmGr5urqo6gfpyZssvpZHVerm6sbce3pGd6_vmIJNrehj8NbiAM071dHtMd22cvisUoOBfNlbA3PJiH12R4v2KABUC-taXzL9Mu59i6GUTihHk=w2000-h1332-no?authuser=0\" alt=\"T\u0259b\u0259ss\u00fcml\u0259!\" width=\"1998\" height=\"1332\" \/><\/a><figcaption class=\"wp-caption-text\">T\u0259b\u0259ss\u00fcml\u0259!<\/figcaption><\/figure>\n<h4>\u201cToxum v\u0259 Qida T\u0259hl\u00fck\u0259sizliyi\u201d m\u00f6vzusunda film<\/h4>\n<p>Bu filmin m\u00f6vzusu &quot;Toxum v\u0259 Qida T\u0259hl\u00fck\u0259sizliyi&quot;dir. \u018frzaq t\u0259hl\u00fck\u0259sizliyin\u0259 g\u0259ldikd\u0259, n\u0259 q\u0259d\u0259r \u00e7ox \u00f6yr\u0259ndims\u0259, yaponlar\u0131n ya\u015famas\u0131 \u00fc\u00e7\u00fcn \u0259sas qida m\u0259nb\u0259yi kimi k\u0259nd t\u0259s\u0259rr\u00fcfat\u0131n\u0131n vacibliyin\u0259 bir o q\u0259d\u0259r d\u0259 \u0259min oluram. Ke\u00e7\u0259n ilin fevral\u0131nda \u00e7\u0259kili\u015fl\u0259r\u0259 ba\u015flad\u0131m v\u0259 bunu n\u0259 q\u0259d\u0259r \u00e7ox ets\u0259m, bir o q\u0259d\u0259r d\u0259 d\u0259rinl\u0259\u015fdim.<\/p>\n<h4>Professor Yamadan\u0131n sars\u0131lmaz irad\u0259si v\u0259 ruhu, mehriban \u00fcr\u0259yi<\/h4>\n<p>Professor Yamada il\u0259 jurnalistika \u015fousunun m\u00fckafatland\u0131rma m\u0259rasimind\u0259 m\u00fcnsif i\u015fl\u0259y\u0259nd\u0259 tan\u0131\u015f oldum. Bundan sonra professor Yamada il\u0259 bir q\u0259d\u0259r \u0259laq\u0259m oldu v\u0259 o, film \u00e7\u0259km\u0259yimi ist\u0259di.<\/p>\n<p>Art\u0131q uzun ill\u0259rdir ki, bir k\u0259ndd\u0259 ara\u015fd\u0131rma apar\u0131ram, h\u0259r bir \u0259razid\u0259 \u0259n az\u0131 bir il, ad\u0259t\u0259n iki-\u00fc\u00e7 il, b\u0259zi hallarda is\u0259 20 il\u0259 q\u0259d\u0259r vaxt s\u0259rf edir\u0259m. Bel\u0259likl\u0259, Toxum Qanunu il\u0259 \u0259laq\u0259li bu film siyasi v\u0259 sosial m\u00f6vzulara \u0259vv\u0259lkind\u0259n f\u0259rqli \u015f\u0259kild\u0259 diqq\u0259t yetirir v\u0259 y\u00fcks\u0259k s\u0259viyy\u0259li, son d\u0259r\u0259c\u0259 \u00e7\u0259tin bir problemi h\u0259ll edir, ona g\u00f6r\u0259 d\u0259 bunu ed\u0259 bil\u0259c\u0259y\u0259mmi dey\u0259 narahat idim.<\/p>\n<p>Bununla bel\u0259, professor Yamadan\u0131n nitqini dinl\u0259dikc\u0259 v\u0259 daha \u00e7ox \u015fey \u00f6yr\u0259ndikc\u0259 bunun k\u0259nd t\u0259s\u0259rr\u00fcfat\u0131nda b\u00f6y\u00fck bir m\u0259s\u0259l\u0259 oldu\u011funu ba\u015fa d\u00fc\u015fd\u00fcm v\u0259 heyran oldum.<\/p>\n<p>Professor Yamada z\u0259ngin biliy\u0259 v\u0259 biz\u0259 \u00f6yr\u0259d\u0259c\u0259k \u00e7ox \u015fey\u0259, el\u0259c\u0259 d\u0259 g\u00fccl\u00fc, sars\u0131lmaz inanclara malikdir. M\u0259n bu g\u00fcn\u0259 q\u0259d\u0259r bir \u00e7ox k\u0259nd t\u0259s\u0259rr\u00fcfat\u0131 filml\u0259ri \u00e7\u0259kmi\u015f\u0259m v\u0259 h\u0259r zaman ortaq hiss etdiyim bir \u015fey fermerl\u0259rin sars\u0131lmaz irad\u0259si v\u0259 ruhudur. M\u0259n bu c\u00fcr \u201csars\u0131lmaz ruhu\u201d sevir\u0259m, \u00e7\u00fcnki m\u0259n \u00f6z\u00fcm d\u0259 sars\u0131lmaz bir ruha sahib ola bilmir\u0259m.<\/p>\n<p>H\u0259tta bu \u00e7\u0259kili\u015f zaman\u0131 biz g\u00f6r\u0259 bildik ki, professor Yamada fermerl\u0259rin \u00fcr\u0259kl\u0259ri il\u0259 empatiya quraraq v\u0259 onlar\u0131n dedikl\u0259rini diqq\u0259tl\u0259 dinl\u0259y\u0259r\u0259k insanl\u0131q auras\u0131 yarad\u0131r. Doktor Yamadan\u0131n xeyirxahl\u0131\u011f\u0131 m\u0259ni heyran etdi, \u00e7\u00fcnki o, a\u011fr\u0131 v\u0259 \u0259ziyy\u0259t \u00e7\u0259k\u0259nl\u0259r\u0259 yum\u015faql\u0131qla r\u0259\u011fb\u0259t b\u0259sl\u0259yir v\u0259 onlar\u0131 \u00f6z \u00f6hd\u0259sin\u0259 g\u00f6t\u00fcr\u00fcr.<br \/>\n\ufffc<br \/>\nBu film sosial probleml\u0259r\u0259 v\u0259 \u00e7\u0259tinlikl\u0259r\u0259 diqq\u0259t yetirir, amma eyni zamanda Yamada-senseinin n\u00fcmayi\u015f etdirdiyi insanl\u0131\u011f\u0131 v\u0259 s\u0259hn\u0259l\u0259ri \u00e7\u0259km\u0259k ist\u0259rdim. Hiss edir\u0259m ki, professor Yamadan\u0131n insanl\u0131\u011f\u0131 insani hissl\u0259rl\u0259 doludur, m\u0259s\u0259l\u0259n, \u00e7\u0259tin v\u0259ziyy\u0259tl\u0259r\u0259 inamla v\u0259 q\u0259tiyy\u0259tl\u0259 sin\u0259 g\u0259rm\u0259k bacar\u0131\u011f\u0131, ba\u015fqalar\u0131na insani \u015f\u0259kild\u0259 empatiya b\u0259sl\u0259m\u0259k bacar\u0131\u011f\u0131.<\/p>\n<figure class=\"wp-caption aligncenter\"><a href=\"https:\/\/photos.google.com\/share\/AF1QipMbTD3bknYfxG30wntrgaoLYZpMqZYv6hbGv0HhC6hSRdEnRzYk0YNB5UibQ2oQ_A\/photo\/AF1QipMC9A4a214nsu8Xi-BTrYRk-p6I_vmfKipt4nU?key=dUhLWEFzSDktX3g5dHpGMGNrTGtqc3pWeDVNUUpn\" target=\"_blank\" rel=\"noopener noreferrer\"><img decoding=\"async\" class=\"size-medium\" src=\"https:\/\/lh3.googleusercontent.com\/pw\/ACtC-3fvH2qELDrRCIdfS86Q3yvxMwUtFMverq_6yvrxjMhP-WdwOeEd0RJd8Lr-dmBLJbJxNCt_x1cnN-qQQcNOiiRZ9WC116q7JSdvAa_WvKH-bfwIoWwoUahLhyOxO5VeNxRkHRarunsDSyvfbThzC1nA=w2000-h1332-no?authuser=0\" alt=\"\u201cToxum v\u0259 Qida T\u0259hl\u00fck\u0259sizliyi\u201d m\u00f6vzusunda film\" width=\"1998\" height=\"1332\" \/><\/a><figcaption class=\"wp-caption-text\">\u201cToxum v\u0259 Qida T\u0259hl\u00fck\u0259sizliyi\u201d m\u00f6vzusunda film<\/figcaption><\/figure>\n<h4>M\u0259n \u0259ks fikir bildirm\u0259k ist\u0259yir\u0259m<\/h4>\n<p>Toxum Qanunu v\u0259 pestisidl\u0259r m\u00f6vzusuna g\u0259ldikd\u0259, h\u0259ddind\u0259n art\u0131q fikirl\u0259r v\u0259 fikirl\u0259r var. Sad\u0259c\u0259 olaraq bir t\u0259r\u0259fin fikrini s\u0131x\u0131\u015fd\u0131rmaqdansa, insanlar\u0131n fikirl\u0259ri f\u0259rqli olsa da, insanlar\u0131n dedikl\u0259rini dinl\u0259m\u0259k ist\u0259diyimi d\u00fc\u015f\u00fcnd\u00fcr\u0259n bir film \u00e7\u0259km\u0259k ist\u0259dim.<\/p>\n<h4>\u00c7oxmill\u0259tli idar\u0259etm\u0259<\/h4>\n<p>Toxum v\u0259 Fidan Akt\u0131 il\u0259 ba\u011fl\u0131 m\u00fcxt\u0259lif fikirl\u0259r aras\u0131nda qloballa\u015fma kontekstind\u0259 toxumlar\u0131 inhisara alan iri korporasiyalar kimi \u0259sas m\u0259s\u0259l\u0259l\u0259r var. Bu sifari\u015f\u00e7il\u0259rin m\u00f6vcudlu\u011fu geni\u015f \u015f\u0259kild\u0259 tan\u0131nm\u0131r v\u0259 m\u0259tbuatda nadir hallarda i\u015f\u0131qland\u0131r\u0131l\u0131r. Hiss edir\u0259m ki, h\u0259tta fermerl\u0259r aras\u0131nda bu qaranl\u0131q t\u0259r\u0259fl\u0259 ba\u011fl\u0131 \u00e7ox vaxt m\u0259lumats\u0131zl\u0131q var.<\/p>\n<p>\u018fsas\u0259n gizli olan bu c\u0259h\u0259ti \u00fcz\u0259 \u00e7\u0131xarmaqla, m\u00fcxt\u0259lif fikirl\u0259r\u0259 malik insanlar\u0131n bir-birini ba\u015fa d\u00fc\u015fm\u0259sin\u0259 v\u0259 bir-birinin mahiyy\u0259tini axtarmas\u0131na imkan yaradacaq, el\u0259c\u0259 d\u0259 daha \u00e7ox insan\u0131n v\u0259ziyy\u0259tin reall\u0131\u011f\u0131ndan x\u0259b\u0259rdar olmas\u0131na k\u00f6m\u0259k ed\u0259c\u0259k bir film yaratma\u011fa \u00fcmid edir\u0259m.<\/p>\n<p>Bu, son d\u0259r\u0259c\u0259 \u00e7\u0259tin i\u015f olsa da, bu d\u0259f\u0259 Hokkaydoya s\u0259f\u0259rim m\u0259ni onun \u0259h\u0259miyy\u0259tini daha da d\u0259rk etm\u0259y\u0259 vadar etdi.<\/p>\n<h4>Dialoqun \u0259h\u0259miyy\u0259ti<\/h4>\n<p>D\u00fc\u015f\u00fcnm\u00fcr\u0259m ki, biri d\u00fcz, dig\u0259ri s\u0259hvdir; h\u0259r ikisinin \u00f6z yax\u015f\u0131 v\u0259 pis t\u0259r\u0259fl\u0259ri var v\u0259 100% do\u011fru olan bir \u015fey yoxdur. D\u00fc\u015f\u00fcnc\u0259 f\u0259rqliliyin\u0259 g\u00f6r\u0259 fikir ayr\u0131l\u0131qlar\u0131n\u0131 davam etdirm\u0259kd\u0259ns\u0259, insanlar bir-biri il\u0259 g\u00f6r\u00fc\u015fs\u0259l\u0259r, dan\u0131\u015fsalar, qar\u015f\u0131l\u0131ql\u0131 dialoqa girs\u0259l\u0259r daha yax\u015f\u0131 olar.<\/p>\n<h4>Yapon k\u0259nd t\u0259s\u0259rr\u00fcfat\u0131n\u0131n m\u00f6c\u00fcz\u0259sini foto\u015f\u0259kil \u00e7\u0259km\u0259k v\u0259 \u00e7atd\u0131rmaq ist\u0259yir\u0259m<\/h4>\n<p>G\u00f6r\u00fc\u015fd\u00fcy\u00fcm fermerl\u0259rin ham\u0131s\u0131 \u00e7ox cazib\u0259dar insanlar idi. O, h\u0259m s\u00f6zl\u0259rind\u0259, h\u0259m d\u0259 h\u0259r\u0259k\u0259tl\u0259rind\u0259 inand\u0131r\u0131c\u0131d\u0131r.<\/p>\n<p>\u015e\u0259h\u0259r sakinl\u0259rinin \u0259ks\u0259riyy\u0259tinin k\u0259nd yerl\u0259rinin, k\u0259nd t\u0259s\u0259rr\u00fcfat\u0131n\u0131n v\u0259 fermerl\u0259rin reall\u0131qlar\u0131 haqq\u0131nda konkret biliyi v\u0259 anlay\u0131\u015f\u0131 yoxdur. \u0130nsanlar\u0131n h\u0259yat\u0131na d\u0259st\u0259k olan fermerl\u0259r\u0259 \u00fcr\u0259kd\u0259n \u201cSa\u011f ol\u201d dem\u0259k ist\u0259yir\u0259m. M\u0259n hiss edir\u0259m ki, insanlara &#039;&#039;M\u0259n h\u0259r k\u0259s\u0259 minn\u0259tdaram&#039;&#039; hissini v\u0259 hissini inki\u015faf etdirm\u0259y\u0259 k\u00f6m\u0259k etm\u0259k son d\u0259r\u0259c\u0259 vacibdir.<\/p>\n<p>Land\u015faft tamamil\u0259 t\u0259bi\u0259t t\u0259r\u0259find\u0259n yarad\u0131lm\u0131r; bir \u00e7ox c\u0259h\u0259td\u0259n fermerl\u0259rin s\u0259yl\u0259rinin n\u0259tic\u0259sidir. Bu fermerl\u0259rin real v\u0259ziyy\u0259tini \u00e7atd\u0131rmaq ist\u0259yim \u00e7ox b\u00f6y\u00fckd\u00fcr. N\u0259 q\u0259d\u0259r ki, yeriy\u0259 bilir\u0259m, m\u0259n Yaponiyan\u0131n k\u0259nd yerl\u0259rini g\u0259zm\u0259k v\u0259 yapon k\u0259nd t\u0259s\u0259rr\u00fcfat\u0131n\u0131n \u0259z\u0259m\u0259ti haqq\u0131nda m\u0259lumat yaymaq ist\u0259rdim\u201d, - dey\u0259 direktor Haramura s\u0259mimiyy\u0259tl\u0259 bildirib.<\/p>\n<figure class=\"wp-caption aligncenter\"><a href=\"https:\/\/photos.google.com\/share\/AF1QipMbTD3bknYfxG30wntrgaoLYZpMqZYv6hbGv0HhC6hSRdEnRzYk0YNB5UibQ2oQ_A\/photo\/AF1QipNNCfSwS5jciRP2Gr8aOo4SnSzPEdZu3pSVxk0?key=dUhLWEFzSDktX3g5dHpGMGNrTGtqc3pWeDVNUUpn\" target=\"_blank\" rel=\"noopener noreferrer\"><img decoding=\"async\" class=\"size-medium\" src=\"https:\/\/lh3.googleusercontent.com\/pw\/ACtC-3cjFC3eEjzxYpzwCgqaFhl5SW1Wyn9hOeSpTpZJrYD0lXLUS9MK6dcKE6K5QcXfEtgHZ0r6kvzZN5oldzmQ-fZfbETy5OJUPoVHzdYHr1x7u61Xl3XsxrQeH-MgOAwrtSa4654abrYl_nyNByDKW_hr=w2000-h1332-no?authuser=0\" alt=\"S\u00f6hb\u0259t \u0259yl\u0259nc\u0259li ke\u00e7di!\" width=\"1998\" height=\"1332\" \/><\/a><figcaption class=\"wp-caption-text\">S\u00f6hb\u0259t \u0259yl\u0259nc\u0259li ke\u00e7di!<\/figcaption><\/figure>\n<h3>Mamoru Seqavan\u0131n hekay\u0259si<\/h3>\n<p>\ufffc<\/p>\n<figure class=\"wp-caption aligncenter\"><a href=\"https:\/\/photos.google.com\/share\/AF1QipMbTD3bknYfxG30wntrgaoLYZpMqZYv6hbGv0HhC6hSRdEnRzYk0YNB5UibQ2oQ_A\/photo\/AF1QipPd-tK0w84j1k2lRWGCq6KNihc8p6xulC3EE-A?key=dUhLWEFzSDktX3g5dHpGMGNrTGtqc3pWeDVNUUpn\" target=\"_blank\" rel=\"noopener noreferrer\"><img decoding=\"async\" class=\"size-medium\" src=\"https:\/\/lh3.googleusercontent.com\/pw\/ACtC-3culQdPMgznylvOMb4ZpEdHLGmykkAzdvRwMhiIgncDRzjQck1kdv2M7GaOB5aIO1mtarTtEjnpzQFhrNtWGzxVSPTDYFkG4ZZazEHPE8A-AVsbVD2OKyKqdNUUmp78Rd7A0kabMpxmFT7fgbwKf1_m=w2000-h1332-no?authuser=0\" alt=\"C\u0259nab Mamoru Seqava\" width=\"1998\" height=\"1332\" \/><\/a><figcaption class=\"wp-caption-text\">C\u0259nab Mamoru Seqava<\/figcaption><\/figure>\n<blockquote><p>C\u0259nab Mamoru Seqava<\/p>\n<p>Toma Town-un &quot;Densuke qarp\u0131z\u0131&quot; n\u0131n yarad\u0131c\u0131s\u0131. Haz\u0131rda 100-d\u0259n \u00e7ox \u00e7\u00f6ld\u0259 \u00fczvi \u0259kin\u00e7ilik apar\u0131l\u0131r. Toma Ya\u015f\u0131l H\u0259yat Ara\u015fd\u0131rma Qrupu 1990-c\u0131 ild\u0259 yarad\u0131lm\u0131\u015fd\u0131r (Heisei 2). \u015eirk\u0259t x\u00fcsusi olaraq yeti\u015fdirilmi\u015f d\u00fcy\u00fc istehsal edir v\u0259 1998-ci ild\u0259 t\u0259sis edilib (Toma Green Life Agricultural Production Corporation, Ltd.) v\u0259 h\u0259l\u0259 d\u0259 \u00fczvi \u0259kin\u00e7ilikl\u0259 f\u0259al \u015f\u0259kild\u0259 m\u0259\u015f\u011ful olur.<\/p><\/blockquote>\n<p>&quot;Bu t\u0259dbirin qurulmas\u0131 Hokkaydo Toxum Assosiasiyas\u0131n\u0131n s\u0259dri Tokuji Hisadan\u0131n &quot;toxum y\u0131\u011fan fermerl\u0259ri tan\u0131tmaq&quot; \u0259mri il\u0259 ba\u015flad\u0131.<\/p>\n<h4>K\u0259nd T\u0259s\u0259rr\u00fcfat\u0131 \u0130stehsalat Korporasiyas\u0131 Toma Green Life Limited (Toma Town)<\/h4>\n<p>T\u0259\u015fkilat\u0131m\u0131z 10 hektar \u00e7\u0259ltik sah\u0259sind\u0259 ekoloji t\u0259miz \u0259kin\u00e7ilikl\u0259 m\u0259\u015f\u011ful olur v\u0259 b\u00fct\u00fcn t\u0259r\u0259v\u0259zl\u0259rimiz, tarlalar\u0131m\u0131z v\u0259 istixana bec\u0259rm\u0259miz orqanikdir v\u0259 10 ildir ki, 117 hektar sah\u0259mizd\u0259 he\u00e7 bir kimy\u0259vi g\u00fcbr\u0259d\u0259n istifad\u0259 etmirik.<\/p>\n<h4>Allah\u0131n s\u0259si: &quot;D\u00fcnyan\u0131 d\u0259yi\u015fdirin&quot;<\/h4>\n<p>\u0130ndiki vaxtda \u015f\u0259b\u0259k\u0259l\u0259r o q\u0259d\u0259r inki\u015faf edib ki, biz sad\u0259c\u0259 \u00e7\u00f6l\u0259 \u00e7\u0131xmaqla d\u00fcnyadak\u0131 v\u0259ziyy\u0259ti qavraya bilirik v\u0259 h\u0259r g\u00fcn Yaponiyadak\u0131 m\u00f6vcud v\u0259ziyy\u0259t haqq\u0131nda ayd\u0131n m\u0259lumat \u0259ld\u0259 ed\u0259 bilirik. Buna baxmayaraq, \u0259min\u0259m ki, Yaponiyada v\u0259ziyy\u0259tin niy\u0259 o q\u0259d\u0259r d\u0259 d\u0259yi\u015fm\u0259diyi il\u0259 maraqlananlar var.<\/p>\n<p>Bununla bel\u0259, pestisidl\u0259r v\u0259 toxumlarla ba\u011fl\u0131 probleml\u0259r kimi m\u00fcxt\u0259lif \u00fcst-\u00fcst\u0259 d\u00fc\u015f\u0259n probleml\u0259rl\u0259 \u00fczl\u0259\u015f\u0259n haz\u0131rk\u0131 v\u0259ziyy\u0259tl\u0259 m\u0259n hiss edir\u0259m ki, biz indi biz\u0259 \u201cD\u00fcnyan\u0131 d\u0259yi\u015fm\u0259yin vaxt\u0131d\u0131r\u201d dey\u0259n Allah\u0131n b\u00f6y\u00fck d\u0259yi\u015fikliyi d\u00f6vr\u00fcnd\u0259yik.<\/p>\n<p>Onlar haqq\u0131nda b\u00fct\u00fcn m\u0259lumatlar onlaynd\u0131r. Bunun s\u0259b\u0259bl\u0259rind\u0259n biri d\u0259 istifad\u0259 olunan pestisidl\u0259rin miqdar\u0131 il\u0259 u\u015faqlar aras\u0131nda inki\u015faf poz\u011funluqlar\u0131n\u0131n tezliyi aras\u0131nda t\u0259\u0259cc\u00fcbl\u00fc korrelyasiya g\u00f6st\u0259r\u0259n m\u0259lumatlard\u0131r. M\u0259n bu m\u0259lumatlar\u0131 g\u00f6r\u0259nd\u0259 hiss etdim ki, biz fermerl\u0259r k\u0259nd t\u0259s\u0259rr\u00fcfat\u0131 istehsal\u00e7\u0131lar\u0131 olaraq \u0259kin\u00e7ilik t\u0259rzimizi d\u0259yi\u015fm\u0259li olduq.<\/p>\n<p>M\u00fcbali\u011f\u0259siz hesab edir\u0259m ki, \u0259kin\u00e7ilik t\u0259rzimizi d\u0259yi\u015fm\u0259s\u0259k, x\u0259st\u0259lik yaradan cinay\u0259tkarlara \u00e7evril\u0259 bil\u0259rik. Bir daha anlad\u0131m ki, fermerl\u0259r k\u0259nd t\u0259s\u0259rr\u00fcfat\u0131 olan \u201cistehsal\u201da bu s\u0259viyy\u0259d\u0259 \u015f\u00fcurla yana\u015fmal\u0131d\u0131rlar.<\/p>\n<h4>H\u0259yat\u0131 t\u0259min ed\u0259n qida<\/h4>\n<p>\u0130nan\u0131ram ki, indi fermerl\u0259rin &quot;h\u0259yat\u0131 saxlamaq \u00fc\u00e7\u00fcn \u0259n vacib \u015fey qidad\u0131r&quot; fikrini ciddi q\u0259bul etm\u0259k v\u0259 t\u0259f\u0259kk\u00fcrl\u0259rini bir daha d\u0259yi\u015fm\u0259k \u00fc\u00e7\u00fcn g\u00f6z\u0259l f\u00fcrs\u0259t var. M\u0259n q\u0259ti \u015f\u0259kild\u0259 inan\u0131ram ki, Yaponiyada k\u0259nd t\u0259s\u0259rr\u00fcfat\u0131n\u0131 d\u0259yi\u015fdirm\u0259k \u00fc\u00e7\u00fcn k\u0259nd fermerl\u0259rinin s\u00f6z\u00fcn\u00fc dem\u0259yin vaxt\u0131 \u00e7at\u0131b. Davaml\u0131 d\u0259st\u0259yinizi s\u0259birsizlikl\u0259 g\u00f6zl\u0259yirik&quot; dedi orqanik fermer Mamoru Seqava.<br \/>\n\ufffc<\/p>\n<figure class=\"wp-caption aligncenter\"><a href=\"https:\/\/photos.google.com\/share\/AF1QipMbTD3bknYfxG30wntrgaoLYZpMqZYv6hbGv0HhC6hSRdEnRzYk0YNB5UibQ2oQ_A\/photo\/AF1QipP2GYrW0fHfHYQwTjBkgCCag6QU1WJ5MbaMuYs?key=dUhLWEFzSDktX3g5dHpGMGNrTGtqc3pWeDVNUUpn\" target=\"_blank\" rel=\"noopener noreferrer\"><img decoding=\"async\" class=\"size-medium\" src=\"https:\/\/lh3.googleusercontent.com\/pw\/ACtC-3f6lRuKzHYJo-h8MJFZvJNunIJgdiBcX9wVbuSA-X226GJNlRcRiw2jyvyyV2i_YZ3aEay1UPqL2Rw8mm5y-A_8r-CqHAewfSZBySdUpXFIj_HuFjU34HNzVus6qeZycmi_8zNqvWWrDHvPhRtIKBMo=w2000-h1332-no?authuser=0\" alt=\"&quot;H\u0259yat\u0131 t\u0259min ed\u0259n qida&quot;!\" width=\"1998\" height=\"1332\" \/><\/a><figcaption class=\"wp-caption-text\">&quot;H\u0259yat\u0131 t\u0259min ed\u0259n qida&quot;!<\/figcaption><\/figure>\n<h3>fikir m\u00fcbadil\u0259si<\/h3>\n<p>C\u0259nab Yamada v\u0259 direktor Haramura ba\u015fda olmaqla i\u015ftirak\u00e7\u0131lar aras\u0131nda fikir m\u00fcbadil\u0259si apar\u0131ld\u0131.<br \/>\n\ufffc<\/p>\n<figure class=\"wp-caption aligncenter\"><a href=\"https:\/\/photos.google.com\/share\/AF1QipMbTD3bknYfxG30wntrgaoLYZpMqZYv6hbGv0HhC6hSRdEnRzYk0YNB5UibQ2oQ_A\/photo\/AF1QipMk2rDeBBHD6cShHaOfVsxd8K80naDDoDz5E_E?key=dUhLWEFzSDktX3g5dHpGMGNrTGtqc3pWeDVNUUpn\" target=\"_blank\" rel=\"noopener noreferrer\"><img decoding=\"async\" class=\"size-medium\" src=\"https:\/\/lh3.googleusercontent.com\/pw\/ACtC-3cKz2sdWU1VBU1MpJ0uLO5Czq5kW-FQcp1JdpCvVW-zQsspLCiPxzA9aOH3zNWbS60LMPyioH2caORGQvOM7MjeUYlXbs2w2x5Sk-Np_gD8IrU4xv9FDfiLLBIJiwYtbJR8ZXfC1TkyxU8uZjcze0i0=w2000-h1332-no?authuser=0\" alt=\"Prezident Takadan\u0131n \u00e7\u0131x\u0131\u015f\u0131\" width=\"1998\" height=\"1332\" \/><\/a><figcaption class=\"wp-caption-text\">Prezident Takadan\u0131n \u00e7\u0131x\u0131\u015f\u0131<\/figcaption><\/figure>\n<p>\ufffc<\/p>\n<figure class=\"wp-caption aligncenter\"><a href=\"https:\/\/photos.google.com\/share\/AF1QipMbTD3bknYfxG30wntrgaoLYZpMqZYv6hbGv0HhC6hSRdEnRzYk0YNB5UibQ2oQ_A\/photo\/AF1QipMDThQLpcabw0_BuANOFi9M1wd-JXT9isZwQMw?key=dUhLWEFzSDktX3g5dHpGMGNrTGtqc3pWeDVNUUpn\" target=\"_blank\" rel=\"noopener noreferrer\"><img decoding=\"async\" class=\"size-medium\" src=\"https:\/\/lh3.googleusercontent.com\/pw\/ACtC-3cv9RI7mCwHbNZpHLz1Ugiu4Y-5Ct8yqAsEafgbl9NoxBffFgphNzGKrbnLQt9HrqKfYuspguRKa1IF9-wokaAPbsh4Hr3Xgn6k31iVy149atuo9uIxmb8-Ak2Lrz473BGgDcAcNw0GJ_8T-vS5wUR4=w2000-h1332-no?authuser=0\" alt=\"Kazuo Kimuran\u0131n hekay\u0259si\" width=\"1998\" height=\"1332\" \/><\/a><figcaption class=\"wp-caption-text\">Kazuo Kimuran\u0131n hekay\u0259si<\/figcaption><\/figure>\n<h2>M\u00fcbadil\u0259 g\u00f6r\u00fc\u015f\u00fc<\/h2>\n<p>\u0130ctimai toplant\u0131 ba\u015fqa bir m\u0259kanda ke\u00e7irilib. Qonaqlar m\u00fcxt\u0259lif i\u00e7kil\u0259rd\u0259n h\u0259zz ald\u0131lar v\u0259 ah\u0259ngdar bir atmosferd\u0259 \u0259laq\u0259l\u0259ri daha da d\u0259rinl\u0259\u015fdirdil\u0259r, eyni zamanda G\u00fcn\u0259baxan Park\u0131 Kitaryu Onsenin \u00fcr\u0259ka\u00e7an yem\u0259kl\u0259ri s\u0131raland\u0131.<br \/>\n\ufffc<\/p>\n<figure class=\"wp-caption aligncenter\"><a href=\"https:\/\/photos.google.com\/share\/AF1QipMbTD3bknYfxG30wntrgaoLYZpMqZYv6hbGv0HhC6hSRdEnRzYk0YNB5UibQ2oQ_A\/photo\/AF1QipPflYdE_lER26aQ8VP--z8QS0LjeR3pnilA9hQ?key=dUhLWEFzSDktX3g5dHpGMGNrTGtqc3pWeDVNUUpn\" target=\"_blank\" rel=\"noopener noreferrer\"><img decoding=\"async\" class=\"size-medium\" src=\"https:\/\/lh3.googleusercontent.com\/pw\/ACtC-3fCajQFg1OqgPwuZUww1ceKTJi_KkT8f3zb5rNx_MsN9WFdVugUQtjGpFWQr-lz-RTj6xXC5ldH3bybYJgTHxElUuZmKG0KiaH8pKUhJkmVxJpP1F1iDBJl0vy0lMeN6ALkci4CkPmsCJXyAokmlicN=w2000-h1332-no?authuser=0\" alt=\"sa\u011fol! ! !\" width=\"1998\" height=\"1332\" \/><\/a><figcaption class=\"wp-caption-text\">sa\u011fol! ! !<\/figcaption><\/figure>\n<figure class=\"wp-caption aligncenter\"><a href=\"https:\/\/photos.google.com\/share\/AF1QipMbTD3bknYfxG30wntrgaoLYZpMqZYv6hbGv0HhC6hSRdEnRzYk0YNB5UibQ2oQ_A\/photo\/AF1QipPs0QLUEYB_1xv9h9o0oEKZDTRy0_bliLjq4_M?key=dUhLWEFzSDktX3g5dHpGMGNrTGtqc3pWeDVNUUpn\" target=\"_blank\" rel=\"noopener noreferrer\"><img decoding=\"async\" class=\"size-medium\" src=\"https:\/\/lh3.googleusercontent.com\/pw\/ACtC-3fdyqlJDzYbL7gr5TR-eYYsUitNK1OfXPEb6dqiiay5DSj7TxCmmD3DNh4rEQxBFuyTa5qmbRu8IwkcA2o5H_WYbzjFK37nNgGDD77W7oXTzpJ3NvKdBwopTM2qXd7EvE8Y2-DIy14I1um6dq3PvvWQ=w2000-h1332-no?authuser=0\" alt=\"Qonaqp\u0259rv\u0259rlik ruhu!\" width=\"1998\" height=\"1332\" \/><\/a><figcaption class=\"wp-caption-text\">Qonaqp\u0259rv\u0259rlik ruhu!<\/figcaption><\/figure>\n<figure class=\"wp-caption aligncenter\"><a href=\"https:\/\/photos.google.com\/share\/AF1QipMbTD3bknYfxG30wntrgaoLYZpMqZYv6hbGv0HhC6hSRdEnRzYk0YNB5UibQ2oQ_A\/photo\/AF1QipP7GB4NaSg8b7kslptUDV1eocT1W1y2W3IHdaU?key=dUhLWEFzSDktX3g5dHpGMGNrTGtqc3pWeDVNUUpn\" target=\"_blank\" rel=\"noopener noreferrer\"><img decoding=\"async\" class=\"size-medium\" src=\"https:\/\/lh3.googleusercontent.com\/pw\/ACtC-3e_QsG1wF4D-hFV-GBXFyp7g1LSYYC8ZMUfld9l-pMr8sfNYEKTqYv8JNG2cWTe6YbCJrlcZBZSFVuC7GPadIDv3hsPZERLw_UIzctZ-vLv1Pk4cY0WNhvSLDSX8Iwf-8V9JO1U_BB6nQJrt5D5RelD=w1402-h935-no?authuser=0\" alt=\"Bu g\u00f6z\u0259l f\u00fcrs\u0259t \u00fc\u00e7\u00fcn t\u0259\u015f\u0259kk\u00fcr edirik! ! !\" width=\"1998\" height=\"1332\" \/><\/a><figcaption class=\"wp-caption-text\">Bu g\u00f6z\u0259l f\u00fcrs\u0259t \u00fc\u00e7\u00fcn t\u0259\u015f\u0259kk\u00fcr edirik! ! !<\/figcaption><\/figure>\n<h2>Ert\u0259si g\u00fcn biz Kurosengoku soya tarlas\u0131nda reportaj \u00e7\u0259km\u0259k \u00fc\u00e7\u00fcn yer\u0259 getdik.<\/h2>\n<p>Ert\u0259si g\u00fcn s\u0259h\u0259r Yamada il\u0259 Kurosengoku soya tarlalar\u0131nda Kurosengoku Biznes Kooperativ Assosiasiyas\u0131n\u0131n \u00fczvl\u0259ri aras\u0131nda s\u00f6hb\u0259t \u015f\u0259klind\u0259 video lent\u0259 al\u0131n\u0131b.<\/p>\n<p>C\u0259nab Yamada prod\u00fcserl\u0259rin s\u0259mimi s\u00f6zl\u0259rini diqq\u0259tl\u0259 dinl\u0259di v\u0259 onlar\u0131 ciddi q\u0259bul etdi.<br \/>\n\ufffc<\/p>\n<figure class=\"wp-caption alignnone\"><a href=\"https:\/\/photos.google.com\/share\/AF1QipMbTD3bknYfxG30wntrgaoLYZpMqZYv6hbGv0HhC6hSRdEnRzYk0YNB5UibQ2oQ_A\/photo\/AF1QipPGFVcYigVhct_efiI9xmGrs_5f6mMZg_QK_AU?key=dUhLWEFzSDktX3g5dHpGMGNrTGtqc3pWeDVNUUpn\" target=\"_blank\" rel=\"noopener noreferrer\"><img decoding=\"async\" class=\"size-medium\" src=\"https:\/\/lh3.googleusercontent.com\/pw\/ACtC-3edu8N-yrUPjsh7mPTV5elfqnNObhtrNr1VKymD7AtEFVkApwVbreNdtTmNQRsMD20q12b9_MOLogNKqEkuEgb0muHvP7bKZstoMtmsTmZBN03ZkhbNQkptKlJo7P7HaORY51gZRM0gAjM6QyzSbii1=w1920-h1080-no?authuser=0\" alt=\"Kurosengoku soya tarlas\u0131nda!\" width=\"1920\" height=\"1080\" \/><\/a><figcaption class=\"wp-caption-text\">Kurosengoku soya tarlas\u0131nda!<\/figcaption><\/figure>\n<figure class=\"wp-caption aligncenter\"><a href=\"https:\/\/photos.google.com\/share\/AF1QipMbTD3bknYfxG30wntrgaoLYZpMqZYv6hbGv0HhC6hSRdEnRzYk0YNB5UibQ2oQ_A\/photo\/AF1QipOj0wPKDE9og8977GpoSPoJXlpz2Qxqfv6zLEE?key=dUhLWEFzSDktX3g5dHpGMGNrTGtqc3pWeDVNUUpn\" target=\"_blank\" rel=\"noopener noreferrer\"><img decoding=\"async\" class=\"size-medium\" src=\"https:\/\/lh3.googleusercontent.com\/pw\/ACtC-3fVVueTLbzbSBPtWDcIKeLsj5DH3kg_m1_VXGW75pVLzZmgRpbQW60xAa-Mgvf2QfMe7JMH2-qh1K7-Ud5hJ2bHx5UJ-mradeRCamuwR1Ddj5WaHbSJ-1Ee97_k4kh2lZYykM5E8Xm-iigmplI9aszJ=w1920-h1080-no?authuser=0\" alt=\"Prod\u00fcserl\u0259rin q\u0259lbin\u0259 yax\u0131n olmaq. . .\" width=\"1920\" height=\"1080\" \/><\/a><figcaption class=\"wp-caption-text\">Prod\u00fcserl\u0259rin q\u0259lbin\u0259 yax\u0131n olmaq. . .<\/figcaption><\/figure>\n<p>Yaponiya k\u0259nd t\u0259s\u0259rr\u00fcfat\u0131 Toxum v\u0259 Fidan Qanununda gizl\u0259n\u0259n m\u00fcxt\u0259lif probleml\u0259rd\u0259n v\u0259 nam\u0259lum d\u00fcnyada x\u0259b\u0259rdar olduqdan sonra d\u0259yi\u015fir. . .<\/p>\n<p>K\u0259nd t\u0259s\u0259rr\u00fcfat\u0131n\u0131n daim d\u0259yi\u015f\u0259n d\u00fcnyas\u0131na i\u015f\u0131q salmaq \u00fc\u00e7\u00fcn diqq\u0259tli v\u0259 diqq\u0259tli add\u0131mlar atmaq \u0259zminiz m\u0259ni heyran etdi v\u0259 qurdu\u011fumuz g\u00f6z\u0259l \u0259laq\u0259l\u0259r\u0259 g\u00f6r\u0259 h\u0259qiq\u0259t\u0259n minn\u0259tdaram. \u00e7ox sa\u011f olun! ! !<\/p>\n<p>T\u0259rkibind\u0259 h\u0259yat olan toxumlar\u0131 qoruyan v\u0259 h\u0259yat ver\u0259n qida yeti\u015fdir\u0259n fermerl\u0259rin b\u00f6y\u00fck ruhlar\u0131na sonsuz sevgi, minn\u0259tdarl\u0131q v\u0259 dualarla. . .<\/p>\n<figure class=\"wp-caption aligncenter\"><a href=\"https:\/\/photos.google.com\/share\/AF1QipMbTD3bknYfxG30wntrgaoLYZpMqZYv6hbGv0HhC6hSRdEnRzYk0YNB5UibQ2oQ_A\/photo\/AF1QipMJPlwkAoF0x8a07d3tTf_zHTmTByeaIQy21ZQ?key=dUhLWEFzSDktX3g5dHpGMGNrTGtqc3pWeDVNUUpn\" target=\"_blank\" rel=\"noopener noreferrer\"><img decoding=\"async\" class=\"size-medium\" src=\"https:\/\/lh3.googleusercontent.com\/pw\/ACtC-3dmX3pFE62uujB1PrsoKVPB365YDOaH7fVaew2mefTYvoDEz2oHjb38lQmIHEMI7cpToaBV-JSkU7egZQ7IaSBYPTZW4PIe7yRZffvvOVxinmPe-9zhZ3TibDmPXB1vr04MwFG1f_RGhc5HCSxE3Bxv=w2000-h1332-no?authuser=0\" alt=\"H\u0259yat\u0131 b\u0259sl\u0259y\u0259n torpa\u011fa \u00fcr\u0259kd\u0259n minn\u0259tdarl\u0131qla. . .\" width=\"1998\" height=\"1332\" \/><\/a><figcaption class=\"wp-caption-text\">H\u0259yat\u0131 b\u0259sl\u0259y\u0259n torpa\u011fa \u00fcr\u0259kd\u0259n minn\u0259tdarl\u0131qla. . .<\/figcaption><\/figure>\n\u3000<\/p>\n<h2>\u018flav\u0259: &quot;Kimin Toxumudur?&quot; indi a\u00e7\u0131qd\u0131r! M\u00fcst\u0259qil n\u00fcmayi\u015fl\u0259r \u00fc\u00e7\u00fcn m\u00fcraci\u0259tl\u0259ri q\u0259bul etm\u0259y\u0259 ba\u015flad\u0131 (Shindo Fuji Corporation)<\/h2>\n<p><center><iframe width=\"560\" height=\"315\" src=\"https:\/\/www.youtube.com\/embed\/7Fbpgdg6EB0\" frameborder=\"0\" allow=\"accelerometer; autoplay; clipboard-write; encrypted-media; gyroscope; picture-in-picture\" allowfullscreen><\/iframe><\/center><\/p>\n<p><strong><span style=\"color: #ff9900;\">\u25b6<\/span><a href=\"https:\/\/kiroku-bito.com\/tanedare\/\" target=\"_blank\" rel=\"noopener noreferrer\"><span style=\"font-size: 18px;\"> \u018ftrafl\u0131 m\u0259lumat \u00fc\u00e7\u00fcn General Incorporated Association Shindo Fuji (N\u00fcmay\u0259nd\u0259: Masahiko Yamada) sayt\u0131na daxil olun &gt;&gt;<\/span><\/a><\/strong><\/p>\n<figure class=\"wp-caption aligncenter\"><a href=\"https:\/\/kiroku-bito.com\/tanedare\/\" target=\"_blank\" rel=\"noopener noreferrer\"><img decoding=\"async\" class=\"size-full wp-image-5194 aligncenter\" style=\"border: solid 1px blue;\" src=\"https:\/\/portal.hokuryu.info\/wp\/wp-content\/uploads\/2020\/06\/tanedare_chirashi_omote_1004_v2.jpg\" alt=\"&quot;Kimin Toxumudur?&quot; R\u0259smi sayt\" width=\"400\" \/><figcaption class=\"wp-caption-text\">&quot;Kimin Toxumudur?&quot; R\u0259smi sayt<\/a><\/figcaption><\/figure>\n\u3000\u3000<\/p>\n<h2>Dig\u0259r foto\u015f\u0259kill\u0259r<\/h2>\n<p>\u30fb<a href=\"https:\/\/photos.google.com\/share\/AF1QipMbTD3bknYfxG30wntrgaoLYZpMqZYv6hbGv0HhC6hSRdEnRzYk0YNB5UibQ2oQ_A?key=dUhLWEFzSDktX3g5dHpGMGNrTGtqc3pWeDVNUUpn\" target=\"_blank\" rel=\"noopener noreferrer\">Ke\u00e7mi\u015f K\u0259nd T\u0259s\u0259rr\u00fcfat\u0131, Me\u015f\u0259 v\u0259 Bal\u0131q\u00e7\u0131l\u0131q Naziri Masahiko Yamada v\u0259 kinorejissor Masaki Haramuran\u0131n Hokuryu q\u0259s\u0259b\u0259sin\u0259 s\u0259f\u0259ri (122 \u015f\u0259kil) il\u0259 buradan tan\u0131\u015f ola bil\u0259rsiniz &gt;&gt;<\/a><br \/>\n\u3000<\/p>\n<h2>\u018flaq\u0259dar M\u0259qal\u0259l\u0259r\/Saytlar<\/h2>\n\n        <div class=\"site-blogcard-premium\">\n            <div class=\"bc-label-custom\">\u018flaq\u0259dar m\u0259qal\u0259l\u0259r<\/div>\n            <div class=\"bc-flex-container\">\n                <div class=\"bc-main-text\">\n                    <div class=\"bc-title-link-box\">\n                        <a href=\"https:\/\/portal.hokuryu.info\/az\/4836\/\" target=\"_blank\">https:\/\/portal.hokuryu.info\/4836<\/a>\n                    <\/div>\n                    <div class=\"bc-excerpt-box\">S\u0259hif\u0259 m\u0259lumatlar\u0131n\u0131 \u0259ld\u0259 etm\u0259k m\u00fcmk\u00fcn deyil.<\/div>\n                <\/div>\n                <div class=\"bc-thumbnail-box\">\n                    <a href=\"https:\/\/portal.hokuryu.info\/az\/4836\/\" target=\"_blank\">\n                        <div class=\"bc-img-zoom-wrap\">\n                            <img decoding=\"async\" src=\"https:\/\/portal.hokuryu.info\/wp\/wp-content\/uploads\/2026\/02\/20230802DSC06445_1.jpg\" alt=\"https:\/\/portal.hokuryu.info\/4836\">\n                        <\/div>\n                    <\/a>\n                <\/div>\n            <\/div>\n        <\/div>\n\n        <div class=\"site-blogcard-premium\">\n            <div class=\"bc-label-custom\">\u018flaq\u0259dar m\u0259qal\u0259l\u0259r<\/div>\n            <div class=\"bc-flex-container\">\n                <div class=\"bc-main-text\">\n                    <div class=\"bc-title-link-box\">\n                        <a href=\"https:\/\/portal.hokuryu.info\/az\/4841\/\" target=\"_blank\">https:\/\/portal.hokuryu.info\/4841<\/a>\n                    <\/div>\n                    <div class=\"bc-excerpt-box\">S\u0259hif\u0259 m\u0259lumatlar\u0131n\u0131 \u0259ld\u0259 etm\u0259k m\u00fcmk\u00fcn deyil.<\/div>\n                <\/div>\n                <div class=\"bc-thumbnail-box\">\n                    <a href=\"https:\/\/portal.hokuryu.info\/az\/4841\/\" target=\"_blank\">\n                        <div class=\"bc-img-zoom-wrap\">\n                            <img decoding=\"async\" src=\"https:\/\/portal.hokuryu.info\/wp\/wp-content\/uploads\/2026\/02\/20230802DSC06445_1.jpg\" alt=\"https:\/\/portal.hokuryu.info\/4841\">\n                        <\/div>\n                    <\/a>\n                <\/div>\n            <\/div>\n        <\/div>\n<h3>C\u0259nab Masahiko Yamada<\/h3>\n<p>Masahiko Yamada: Toxum v\u0259 Fidan Qanununa yenid\u0259n bax\u0131lmas\u0131 mill\u0259tin 100 illik planlar\u0131n\u0131 pozmas\u0131na imkan verm\u0259yin<\/p>\n<p><center><iframe src=\"https:\/\/www.youtube.com\/embed\/wouYXFQDrWw\" width=\"560\" height=\"315\" frameborder=\"0\" allowfullscreen=\"allowfullscreen\"><\/iframe><\/center><\/p>\n<h3>Rejissor Masaki Haramura<\/h3>\n<p>\u30fb&quot;M\u0259n Fermer olmaq ist\u0259yir\u0259m&quot; filminin teatr treyleri<\/p>\n<p><center><iframe src=\"https:\/\/www.youtube.com\/embed\/P4PAa11WfiY\" width=\"560\" height=\"315\" frameborder=\"0\" allowfullscreen=\"allowfullscreen\"><\/iframe><\/center><\/p>\n<figure class=\"wp-caption aligncenter\"><a href=\"https:\/\/www.kiroku-bito.com\/ohyakusho-san\/?fbclid=IwAR1nf50IgRx-AifOzxEMFEFjFOj2aw3z1GxMdTexb94otV8MgBXmQZga_e8#top\" target=\"_blank\" rel=\"noopener noreferrer\"><img decoding=\"async\" class=\"size-medium\" style=\"border: solid 1px blue;\" src=\"https:\/\/lh3.googleusercontent.com\/pw\/ACtC-3fFCmBa--3IEt2qbZRD5CCaHoNbfBWFKBBWxkwZKvH1sj-AevBRg7gBBUomDIstk04S8qO5qhUP68cWVMs-uxoDy3cmqX0rF_XZqAO7UFufZlf9LIfYr4NK4ax0qI7TFSBWXtUCS3n01eh5FnLvNU0u=w1402-h741-no?authuser=0\" alt=\"&quot;M\u0259n fermer olmaq ist\u0259yir\u0259m&quot; film sayt\u0131\" width=\"1402\" height=\"741\" \/><\/a><figcaption class=\"wp-caption-text\">&quot;M\u0259n fermer olmaq ist\u0259yir\u0259m&quot; film sayt\u0131<\/figcaption><\/figure>\n<p>&nbsp;<\/p>\n<h3>C\u0259nab Mamoru Seqava<\/h3>\n<p>\u30fbG\u0259l\u0259c\u0259k \u00fc\u00e7\u00fcn &quot;Toxumlar s\u0259nindir&quot; Mamoru Seqava v\u0259 Ryoji Kikura, Hokkaydo \u00dczvi K\u0259nd T\u0259s\u0259rr\u00fcfat\u0131 T\u0259dqiqat Assosiasiyas\u0131<\/p>\n<p><center><iframe src=\"https:\/\/www.youtube.com\/embed\/v0xB1ZO8iGM\" width=\"560\" height=\"315\" frameborder=\"0\" allowfullscreen=\"allowfullscreen\"><\/iframe><\/center><\/p>\n<h3>C\u0259nab Ryoji Kikura<\/h3>\n<p>G\u0259l\u0259c\u0259k \u00fc\u00e7\u00fcn: Ryoji Okura, Hokkaydoda \u00fczvi \u0259kin\u00e7ilikd\u0259 qabaqc\u0131l<\/p>\n<p><center><iframe src=\"https:\/\/www.youtube.com\/embed\/G6AUo4fHCPQ\" width=\"560\" height=\"315\" frameborder=\"0\" allowfullscreen=\"allowfullscreen\"><\/iframe><\/center><\/p>\n<p>\u25c7 \u00c7\u0259kili\u015f v\u0259 montaj: Noboru Terauchi M\u00fcsahib\u0259 v\u0259 m\u0259tn: \u0130kuko Terau\u00e7i<\/p>","protected":false},"excerpt":{"rendered":"<p>\uff12\uff10\uff12\uff10\u5e74\uff16\u6708\uff12\uff15\u65e5\uff08\u6728\uff09 \uff16\u6708\uff12\uff11\u65e5\uff08\u65e5\uff09\u30fb\uff12\uff12\u65e5\uff08\u6708\uff09\u306e\uff12\u65e5\u9593\u306b\u4e98\u308a\u3001\u5317\u7adc\u753a\u306b\u3066\u3001\u5c71\u7530\u6b63\u5f66 \u6c0f(\u5143\u8fb2\u6797\u6c34\u7523\u5927\u81e3\u30fb\u5f01\u8b77\u58eb\u30fb\u65e5\u672c\u306e\u7a2e\u5b50\uff08\u305f\u306d\uff09\u3092\u5b88\u308b\u4f1a\u9867\u554f\uff09\u3001\u539f\u6751\u653f\u6a39 \u6620\u753b\u76e3\u7763\u306b\u3088\u308b\u3001\u30c9\u30ad\u30e5\u30e1\u30f3\u30bf\u30ea\u30fc [&hellip;]<\/p>\n","protected":false},"author":1,"featured_media":3311,"comment_status":"open","ping_status":"open","sticky":false,"template":"","format":"standard","meta":{"footnotes":""},"categories":[4],"tags":[],"class_list":["post-3277","post","type-post","status-publish","format-standard","has-post-thumbnail","hentry","category-cover-story"],"_links":{"self":[{"href":"https:\/\/portal.hokuryu.info\/az\/wp-json\/wp\/v2\/posts\/3277","targetHints":{"allow":["GET"]}}],"collection":[{"href":"https:\/\/portal.hokuryu.info\/az\/wp-json\/wp\/v2\/posts"}],"about":[{"href":"https:\/\/portal.hokuryu.info\/az\/wp-json\/wp\/v2\/types\/post"}],"author":[{"embeddable":true,"href":"https:\/\/portal.hokuryu.info\/az\/wp-json\/wp\/v2\/users\/1"}],"replies":[{"embeddable":true,"href":"https:\/\/portal.hokuryu.info\/az\/wp-json\/wp\/v2\/comments?post=3277"}],"version-history":[{"count":0,"href":"https:\/\/portal.hokuryu.info\/az\/wp-json\/wp\/v2\/posts\/3277\/revisions"}],"wp:featuredmedia":[{"embeddable":true,"href":"https:\/\/portal.hokuryu.info\/az\/wp-json\/wp\/v2\/media\/3311"}],"wp:attachment":[{"href":"https:\/\/portal.hokuryu.info\/az\/wp-json\/wp\/v2\/media?parent=3277"}],"wp:term":[{"taxonomy":"category","embeddable":true,"href":"https:\/\/portal.hokuryu.info\/az\/wp-json\/wp\/v2\/categories?post=3277"},{"taxonomy":"post_tag","embeddable":true,"href":"https:\/\/portal.hokuryu.info\/az\/wp-json\/wp\/v2\/tags?post=3277"}],"curies":[{"name":"wp","href":"https:\/\/api.w.org\/{rel}","templated":true}]}}