{"id":32542,"date":"2023-05-16T09:35:40","date_gmt":"2023-05-16T00:35:40","guid":{"rendered":"https:\/\/portal.hokuryu.info\/?p=32542"},"modified":"2023-05-16T19:52:20","modified_gmt":"2023-05-16T10:52:20","slug":"hokuryu-s%c9%99h%c9%99r-b%c9%99l%c9%99diyy%c9%99-bascisi-yutaka-sano-f%c9%99aliyy%c9%99t-hesabati-meriya-bazar-ert%c9%99si-15-may","status":"publish","type":"post","link":"https:\/\/portal.hokuryu.info\/az\/32542\/","title":{"rendered":"Hokutatsu B\u0259l\u0259diyy\u0259 Ba\u015f\u00e7\u0131s\u0131 Yutaka Sanonun f\u0259aliyy\u0259t hesabat\u0131: Mer departamentinin b\u00f6lm\u0259 r\u0259isi iclas\u0131, h\u0259r b\u00f6lm\u0259 il\u0259 m\u00fczakir\u0259 (Rezidentl\u0259 i\u015f b\u00f6lm\u0259si), ke\u00e7mi\u015f yan\u011f\u0131ns\u00f6nd\u00fcrm\u0259 briqadas\u0131n\u0131n r\u0259isi Katonun Do\u011fan G\u00fcn\u0259\u015f ordeni almas\u0131 haqq\u0131nda hesabat, \u00fcmumi y\u0131\u011f\u0131ncaqda izahat materiallar\u0131n\u0131n m\u00fczakir\u0259si, h\u0259r bir b\u00f6lm\u0259 il\u0259 m\u00fczakir\u0259 (Rezident \u0130\u015fl\u0259ri B\u00f6lm\u0259sinin R\u0259isi (H\u0259r b\u00f6lm\u0259nin r\u0259hb\u0259ri v\u0259zif\u0259si) il\u0259 m\u00fczakir\u0259),"},"content":{"rendered":"<p>\u00c7\u0259r\u015f\u0259nb\u0259 ax\u015fam\u0131, 16 may 2023-c\u00fc il<\/p>\n<p><center><iframe src=\"https:\/\/www.facebook.com\/plugins\/post.php?href=https%3A%2F%2Fwww.facebook.com%2Fpermalink.php%3Fstory_fbid%3Dpfbid02U2Xx8ENRwjHqSLfr5fhBmU3fjnZc3w4RGrXEPAKHnqM2opiUfVRftjY2PSyLMfRJl%26id%3D100071715884260&#038;show_text=true&#038;width=650\" width=\"650\" height=\"922\" style=\"border:none;overflow:hidden\" scrolling=\"no\" frameborder=\"0\" allowfullscreen=\"true\" allow=\"autoplay; clipboard-write; encrypted-media; picture-in-picture; web-share\"><\/iframe><\/center><\/p>","protected":false},"excerpt":{"rendered":"<p>\u00c7\u0259r\u015f\u0259nb\u0259 ax\u015fam\u0131, 16 may 2023-c\u00fc il<\/p>","protected":false},"author":1,"featured_media":32574,"comment_status":"open","ping_status":"open","sticky":false,"template":"","format":"standard","meta":{"footnotes":""},"categories":[5],"tags":[],"class_list":["post-32542","post","type-post","status-publish","format-standard","has-post-thumbnail","hentry","category-sano-yutaka-formermayor"],"_links":{"self":[{"href":"https:\/\/portal.hokuryu.info\/az\/wp-json\/wp\/v2\/posts\/32542","targetHints":{"allow":["GET"]}}],"collection":[{"href":"https:\/\/portal.hokuryu.info\/az\/wp-json\/wp\/v2\/posts"}],"about":[{"href":"https:\/\/portal.hokuryu.info\/az\/wp-json\/wp\/v2\/types\/post"}],"author":[{"embeddable":true,"href":"https:\/\/portal.hokuryu.info\/az\/wp-json\/wp\/v2\/users\/1"}],"replies":[{"embeddable":true,"href":"https:\/\/portal.hokuryu.info\/az\/wp-json\/wp\/v2\/comments?post=32542"}],"version-history":[{"count":0,"href":"https:\/\/portal.hokuryu.info\/az\/wp-json\/wp\/v2\/posts\/32542\/revisions"}],"wp:featuredmedia":[{"embeddable":true,"href":"https:\/\/portal.hokuryu.info\/az\/wp-json\/wp\/v2\/media\/32574"}],"wp:attachment":[{"href":"https:\/\/portal.hokuryu.info\/az\/wp-json\/wp\/v2\/media?parent=32542"}],"wp:term":[{"taxonomy":"category","embeddable":true,"href":"https:\/\/portal.hokuryu.info\/az\/wp-json\/wp\/v2\/categories?post=32542"},{"taxonomy":"post_tag","embeddable":true,"href":"https:\/\/portal.hokuryu.info\/az\/wp-json\/wp\/v2\/tags?post=32542"}],"curies":[{"name":"wp","href":"https:\/\/api.w.org\/{rel}","templated":true}]}}