{"id":30830,"date":"2023-03-20T06:38:16","date_gmt":"2023-03-19T21:38:16","guid":{"rendered":"https:\/\/portal.hokuryu.info\/?p=30830"},"modified":"2023-03-20T07:05:26","modified_gmt":"2023-03-19T22:05:26","slug":"hokuryu-s%c9%99h%c9%99r-b%c9%99l%c9%99diyy%c9%99-bascisi-yutaka-sano-f%c9%99aliyy%c9%99t-hesabati-17-mart-cum%c9%99-bolm%c9%99-r%c9%99isl%c9%99ri-v%c9%99-s","status":"publish","type":"post","link":"https:\/\/portal.hokuryu.info\/az\/30830\/","title":{"rendered":"Hokuryu \u015f\u0259h\u0259rinin meri Yutaka Sano t\u0259r\u0259find\u0259n f\u0259aliyy\u0259t hesabat\u0131: C\u00fcm\u0259, 17 Mart, b\u00f6lm\u0259 r\u0259hb\u0259rl\u0259ri il\u0259 g\u00f6r\u00fc\u015f (k\u00f6\u00e7\u00fcrm\u0259 elan\u0131), Hokkaydo FM Assosiasiyas\u0131n\u0131n \u0130dar\u0259edici Direktorunun ziyar\u0259ti, \u015einryu \u0130btidai M\u0259kt\u0259binin 123-c\u00fc burax\u0131l\u0131\u015f m\u0259rasimi, ictimai obyektin LED biznes operatorlar\u0131 il\u0259 g\u00f6r\u00fc\u015f, tibb bac\u0131s\u0131 v\u0259 Stivel Poliqan\u0131n uzaq i\u015f\u00e7il\u0259ri \u00fc\u00e7\u00fcn m\u00fcsahib\u0259l\u0259r. v\u0259 ba\u015fqalar\u0131, Yaponiya Quru \u00d6z\u00fcn\u00fcm\u00fcdafi\u0259 Q\u00fcvv\u0259l\u0259rinin 2-ci Diviziyas\u0131n\u0131n Komandan\u0131 (Asahikava \u015f\u0259h\u0259ri) \u00fc\u00e7\u00fcn t\u0259\u015f\u0259kk\u00fcr toplant\u0131s\u0131"},"content":{"rendered":"<p>Bazar ert\u0259si, 20 mart 2023-c\u00fc il<\/p>\n<p><center><iframe src=\"https:\/\/www.facebook.com\/plugins\/post.php?href=https%3A%2F%2Fwww.facebook.com%2Fpermalink.php%3Fstory_fbid%3Dpfbid0EoX96F9jdTYrHqexDkUZ9E373ZQay7Jx9WikSj9waAfyrajH3hivFaqevXUyF5Usl%26id%3D100071715884260&#038;show_text=true&#038;width=650\" width=\"650\" height=\"922\" style=\"border:none;overflow:hidden\" scrolling=\"no\" frameborder=\"0\" allowfullscreen=\"true\" allow=\"autoplay; clipboard-write; encrypted-media; picture-in-picture; web-share\"><\/iframe><\/center><\/p>","protected":false},"excerpt":{"rendered":"<p>Bazar ert\u0259si, 20 mart 2023-c\u00fc il<\/p>","protected":false},"author":1,"featured_media":30832,"comment_status":"open","ping_status":"open","sticky":false,"template":"","format":"standard","meta":{"footnotes":""},"categories":[5],"tags":[],"class_list":["post-30830","post","type-post","status-publish","format-standard","has-post-thumbnail","hentry","category-sano-yutaka-formermayor"],"_links":{"self":[{"href":"https:\/\/portal.hokuryu.info\/az\/wp-json\/wp\/v2\/posts\/30830","targetHints":{"allow":["GET"]}}],"collection":[{"href":"https:\/\/portal.hokuryu.info\/az\/wp-json\/wp\/v2\/posts"}],"about":[{"href":"https:\/\/portal.hokuryu.info\/az\/wp-json\/wp\/v2\/types\/post"}],"author":[{"embeddable":true,"href":"https:\/\/portal.hokuryu.info\/az\/wp-json\/wp\/v2\/users\/1"}],"replies":[{"embeddable":true,"href":"https:\/\/portal.hokuryu.info\/az\/wp-json\/wp\/v2\/comments?post=30830"}],"version-history":[{"count":0,"href":"https:\/\/portal.hokuryu.info\/az\/wp-json\/wp\/v2\/posts\/30830\/revisions"}],"wp:featuredmedia":[{"embeddable":true,"href":"https:\/\/portal.hokuryu.info\/az\/wp-json\/wp\/v2\/media\/30832"}],"wp:attachment":[{"href":"https:\/\/portal.hokuryu.info\/az\/wp-json\/wp\/v2\/media?parent=30830"}],"wp:term":[{"taxonomy":"category","embeddable":true,"href":"https:\/\/portal.hokuryu.info\/az\/wp-json\/wp\/v2\/categories?post=30830"},{"taxonomy":"post_tag","embeddable":true,"href":"https:\/\/portal.hokuryu.info\/az\/wp-json\/wp\/v2\/tags?post=30830"}],"curies":[{"name":"wp","href":"https:\/\/api.w.org\/{rel}","templated":true}]}}