{"id":30280,"date":"2023-03-01T06:38:57","date_gmt":"2023-02-28T21:38:57","guid":{"rendered":"https:\/\/portal.hokuryu.info\/?p=30280"},"modified":"2023-03-01T04:48:40","modified_gmt":"2023-02-28T19:48:40","slug":"hokuryu-s%c9%99h%c9%99rinin-meri-yutaka-sano-f%c9%99aliyy%c9%99t-hesabati-28-fevral-c%c9%99rs%c9%99nb%c9%99-axsami-%e2%9c%a3-sudculuk","status":"publish","type":"post","link":"https:\/\/portal.hokuryu.info\/az\/30280\/","title":{"rendered":"Hokuryu \u015f\u0259h\u0259rinin meri Yutaka Sano t\u0259r\u0259find\u0259n 28 Fevral \u00c7\u0259r\u015f\u0259nb\u0259 ax\u015fam\u0131 g\u00fcn\u00fc f\u0259aliyy\u0259t hesabat\u0131: Hokkaydodak\u0131 14 \u015f\u0259h\u0259r v\u0259 k\u0259ndin prezidentl\u0259rinin i\u015ftirak\u0131 il\u0259 s\u00fcd\u00e7\u00fcl\u00fck \u0259m\u0259liyyatlar\u0131n\u0131n davam etdirilm\u0259si \u00fc\u00e7\u00fcn t\u0259cili t\u0259l\u0259b, Qubernator Suzukiy\u0259 m\u00fcraci\u0259t, Qubernator m\u00fcavini Tsuchiya il\u0259 fikir m\u00fcbadil\u0259si v\u0259 K\u0259nd T\u0259s\u0259rr\u00fcfat\u0131 Departamentinin direktoru v\u0259 Siyas\u0259t Komit\u0259sinin Chagriir t\u0259l\u0259bi Hokkaydo Prefektural Assambleyas\u0131"},"content":{"rendered":"<p>\u00c7\u0259r\u015f\u0259nb\u0259, 1 mart 2023-c\u00fc il<\/p>\n<p><center><iframe src=\"https:\/\/www.facebook.com\/plugins\/post.php?href=https%3A%2F%2Fwww.facebook.com%2Fpermalink.php%3Fstory_fbid%3Dpfbid02oUJbQ745Dn4QwcQDe6d8PUMkpMVbxmkmRMKcvVRLJbFhznKPZEzHa6PMUEzzxy3Wl%26id%3D100071715884260&#038;show_text=true&#038;width=650\" width=\"650\" height=\"897\" style=\"border:none;overflow:hidden\" scrolling=\"no\" frameborder=\"0\" allowfullscreen=\"true\" allow=\"autoplay; clipboard-write; encrypted-media; picture-in-picture; web-share\"><\/iframe><\/center><\/p>","protected":false},"excerpt":{"rendered":"<p>\u00c7\u0259r\u015f\u0259nb\u0259, 1 mart 2023-c\u00fc il<\/p>","protected":false},"author":1,"featured_media":30271,"comment_status":"open","ping_status":"open","sticky":false,"template":"","format":"standard","meta":{"footnotes":""},"categories":[5],"tags":[],"class_list":["post-30280","post","type-post","status-publish","format-standard","has-post-thumbnail","hentry","category-sano-yutaka-formermayor"],"_links":{"self":[{"href":"https:\/\/portal.hokuryu.info\/az\/wp-json\/wp\/v2\/posts\/30280","targetHints":{"allow":["GET"]}}],"collection":[{"href":"https:\/\/portal.hokuryu.info\/az\/wp-json\/wp\/v2\/posts"}],"about":[{"href":"https:\/\/portal.hokuryu.info\/az\/wp-json\/wp\/v2\/types\/post"}],"author":[{"embeddable":true,"href":"https:\/\/portal.hokuryu.info\/az\/wp-json\/wp\/v2\/users\/1"}],"replies":[{"embeddable":true,"href":"https:\/\/portal.hokuryu.info\/az\/wp-json\/wp\/v2\/comments?post=30280"}],"version-history":[{"count":0,"href":"https:\/\/portal.hokuryu.info\/az\/wp-json\/wp\/v2\/posts\/30280\/revisions"}],"wp:featuredmedia":[{"embeddable":true,"href":"https:\/\/portal.hokuryu.info\/az\/wp-json\/wp\/v2\/media\/30271"}],"wp:attachment":[{"href":"https:\/\/portal.hokuryu.info\/az\/wp-json\/wp\/v2\/media?parent=30280"}],"wp:term":[{"taxonomy":"category","embeddable":true,"href":"https:\/\/portal.hokuryu.info\/az\/wp-json\/wp\/v2\/categories?post=30280"},{"taxonomy":"post_tag","embeddable":true,"href":"https:\/\/portal.hokuryu.info\/az\/wp-json\/wp\/v2\/tags?post=30280"}],"curies":[{"name":"wp","href":"https:\/\/api.w.org\/{rel}","templated":true}]}}