{"id":30234,"date":"2023-03-01T06:39:13","date_gmt":"2023-02-28T21:39:13","guid":{"rendered":"https:\/\/portal.hokuryu.info\/?p=30234"},"modified":"2023-03-01T07:42:50","modified_gmt":"2023-02-28T22:42:50","slug":"uc-uryu-numata-v%c9%99-hokuryu-s%c9%99h%c9%99rind%c9%99-yerli-fermerl%c9%99r-ucun-t%c9%99lim-seminari-kecirilmisdir","status":"publish","type":"post","link":"https:\/\/portal.hokuryu.info\/az\/30234\/","title":{"rendered":"\u00dc\u00e7 \u015f\u0259h\u0259rd\u0259 (Uryu, Numata v\u0259 Hokuryu) yerli fermerl\u0259r \u00fc\u00e7\u00fcn t\u0259lim ke\u00e7irilib: \u201cTerukazu Tate\u015fita: 2023-c\u00fc ilin m\u0259hsulu \u00fc\u00e7\u00fcn \u00e7\u0259ltik \u00e7\u0259ltik\u00e7iliyi siyas\u0259ti haqq\u0131nda\u201d \u201cSaki Takeu\u00e7i: Yerli fermerl\u0259ri t\u0259min etm\u0259k \u00fcsullar\u0131 v\u0259 onlar\u0131 nec\u0259 q\u0259bul etm\u0259k haqq\u0131nda\u201d"},"content":{"rendered":"<p>\u00c7\u0259r\u015f\u0259nb\u0259, 1 mart 2023-c\u00fc il<\/p>\n<p>Bazar ert\u0259si, fevral\u0131n 27-d\u0259, saat 14:00-dan etibar\u0259n, \u00dc\u00e7 \u015e\u0259h\u0259rin (Amuryu, Numata, Hokuryu) K\u0259nd T\u0259s\u0259rr\u00fcfat\u0131n\u0131n T\u0259kmill\u0259\u015fdirilm\u0259si \u015euras\u0131n\u0131n s\u0259dri Yutaka Sanonun (Hokuryu B\u0259l\u0259diyy\u0259 Ba\u015f\u00e7\u0131s\u0131) sponsorlu\u011fu il\u0259 Kitasorachi K\u0259nd T\u0259s\u0259rr\u00fcfat\u0131 Kooperativi Birliyinin Hokuryu\u00e7 Ofisinin ikinci m\u0259rt\u0259b\u0259sind\u0259ki (Branin ikinci m\u0259rt\u0259b\u0259sind\u0259) Yerli Fermerl\u0259r \u00fc\u00e7\u00fcn T\u0259lim Seminar\u0131 ke\u00e7irildi. T\u0259dbird\u0259 \u00fc\u00e7 \u015f\u0259h\u0259rd\u0259n 50-d\u0259n \u00e7ox fermer v\u0259 t\u0259\u015fkilat n\u00fcmay\u0259nd\u0259l\u0259ri i\u015ftirak edib v\u0259 onlar\u0131 diqq\u0259tl\u0259 dinl\u0259yibl\u0259r.<\/p>\n<h2>\u00dc\u00e7 \u015f\u0259h\u0259rd\u0259 (Uryu, Numata, Hokuryu) yerli fermerl\u0259r \u00fc\u00e7\u00fcn t\u0259lim seminar\u0131<\/h2>\n<figure class=\"wp-caption aligncenter\"><a href=\"https:\/\/photos.google.com\/share\/AF1QipMKe1qL0cYS__nad6gnp2V506bE5TTz-XbCB1iMnc9gSUleSbIU_raJS_3v4hIrfQ\/photo\/AF1QipPVL29ngBhk7msDIl_6oF40DfG2TP55727aP9k?key=ZXY2YnVJVEExQkJRX3Q4QmUxa0h0QjJRbHIyU0RB\" target=\"_blank\" rel=\"noopener\"><img decoding=\"async\" src=\"https:\/\/lh3.googleusercontent.com\/pw\/AMWts8ATwxLTby96SGd9NfTpvYWdgXTh4Ad1sDvZPNSMaeHPyxclhQuWRVyOn3yD8rPGuGALfGlZkmaMT-ph3PM0rAfCdAi9lVwEki5M49bGGDtFiOhpcviivG-VhbcNzwsUtxROAGPDMPIqmf7o0Kt3yrW6=w2000-h1333-no?authuser=0\" width=\"2000\" height=\"1333\" alt=\"\u00dc\u00e7 \u015f\u0259h\u0259rd\u0259 (Uryu, Numata, Hokuryu) yerli fermerl\u0259r \u00fc\u00e7\u00fcn t\u0259lim seminar\u0131\" class=\"size-full\" \/><\/a><figcaption class=\"wp-caption-text\">\u00dc\u00e7 \u015f\u0259h\u0259rd\u0259 (Uryu, Numata, Hokuryu) yerli fermerl\u0259r \u00fc\u00e7\u00fcn t\u0259lim seminar\u0131<\/figcaption><\/figure>\n<ul>\n<li><strong>T\u0259\u015fkilat\u00e7\u0131:<\/strong>Yutaka Sano, \u00dc\u00e7 \u015e\u0259h\u0259rin (Uryu, Numata, Hokuryu) K\u0259nd T\u0259s\u0259rr\u00fcfat\u0131 \u0130dar\u0259etm\u0259sinin T\u0259kmill\u0259\u015fdirilm\u0259si \u00fczr\u0259 T\u0259\u015fviq \u015euras\u0131n\u0131n s\u0259dri (Hokuryu B\u0259l\u0259diyy\u0259 Ba\u015f\u00e7\u0131s\u0131)<\/li>\n<li><strong>Tarix v\u0259 Saat:<\/strong>Bazar ert\u0259si, 27 fevral 2020-ci il, saat 14:00-dan 16:00-a q\u0259d\u0259r<\/li>\n<li><strong>yer:<\/strong>Kitasora\u00e7\u0131 K\u0259nd T\u0259s\u0259rr\u00fcfat\u0131 Kooperativ Birliyi Hokuryu \u015e\u00f6b\u0259si, 2-ci m\u0259rt\u0259b\u0259 t\u0259lim ota\u011f\u0131<\/li>\n<\/ul>\n<figure class=\"wp-caption aligncenter\"><a href=\"https:\/\/photos.google.com\/share\/AF1QipMKe1qL0cYS__nad6gnp2V506bE5TTz-XbCB1iMnc9gSUleSbIU_raJS_3v4hIrfQ\/photo\/AF1QipOfRUeDGOgDm7Pv4M7Plv_1Zk3KWc86ej-H0Uk?key=ZXY2YnVJVEExQkJRX3Q4QmUxa0h0QjJRbHIyU0RB\" target=\"_blank\" rel=\"noopener\"><img decoding=\"async\" src=\"https:\/\/lh3.googleusercontent.com\/pw\/AMWts8CDgHgEvj5s7fcnhtagtY7WKwge9WJyqs9vuzQmTP4c4kx6ytoWO2ZrCXjlR1aozVfbcO3J7u9vwLmDs_ZQjug76G6uWFFAgwk2RCXYO87lt5JJjwq1tmWkd_0mz9z926kZdXoqGsXSNKRk8a1thyoN=w2000-h1333-no?authuser=0\" width=\"2000\" height=\"1333\" alt=\"Seminar bro\u015f\u00fcr\u00fc\" class=\"size-full\" \/><\/a><figcaption class=\"wp-caption-text\">Seminar bro\u015f\u00fcr\u00fc<\/figcaption><\/figure>\n<p>B\u00f6lg\u0259nin \u0259sas m\u0259hsulu olan \u00e7\u0259ltikin istehsal\u0131n\u0131n keyfiyy\u0259tini v\u0259 r\u0259qab\u0259t qabiliyy\u0259tini yax\u015f\u0131la\u015fd\u0131rmaq \u00fc\u00e7\u00fcn \u00e7al\u0131\u015fd\u0131qca k\u0259nd t\u0259s\u0259rr\u00fcfat\u0131n\u0131 \u0259hat\u0259 ed\u0259n m\u00fchit d\u0259 b\u00f6y\u00fck d\u0259yi\u015fiklikl\u0259r\u0259 m\u0259ruz qal\u0131r.<\/p>\n<p>Bu t\u0259lim sessiyas\u0131n\u0131n m\u0259qs\u0259di fermerl\u0259rin say\u0131n\u0131n azalmas\u0131 v\u0259 varisl\u0259r m\u0259s\u0259l\u0259sinin yerli \u0259razil\u0259r\u0259 v\u0259 t\u0259s\u0259rr\u00fcfat \u0259m\u0259liyyatlar\u0131na t\u0259sir g\u00f6st\u0259rm\u0259y\u0259 ba\u015flad\u0131\u011f\u0131 bir vaxtda k\u0259nd t\u0259s\u0259rr\u00fcfat\u0131n\u0131n m\u00f6vcud v\u0259ziyy\u0259ti v\u0259 varisl\u0259rin nec\u0259 t\u0259min edil\u0259c\u0259yi bar\u0259d\u0259 anlay\u0131\u015f\u0131 d\u0259rinl\u0259\u015fdirm\u0259k v\u0259 yerli k\u0259nd t\u0259s\u0259rr\u00fcfat\u0131n\u0131n t\u0259\u015fviqin\u0259 t\u00f6hf\u0259 verm\u0259kdir.<\/p>\n<p>T\u0259lim sessiyas\u0131nda iki m\u0259ruz\u0259\u00e7i \u00e7\u0131x\u0131\u015f etdi: K\u0259nd T\u0259s\u0259rr\u00fcfat\u0131, Me\u015f\u0259 v\u0259 Bal\u0131q\u00e7\u0131l\u0131q Nazirliyinin Hokkaydo K\u0259nd T\u0259s\u0259rr\u00fcfat\u0131 Siyas\u0259ti \u0130dar\u0259sinin Asahikawa Regional Ofisinin K\u0259nd T\u0259s\u0259rr\u00fcfat\u0131 Siyas\u0259tinin T\u0259\u015fviqi \u00fczr\u0259 Ba\u015f M\u00fct\u0259x\u0259ssisi c\u0259nab Terukazu Tate\u015fita v\u0259 Hokkaydo Sat\u0131\u015f v\u0259 Bal\u0131q\u00e7\u0131l\u0131q B\u00f6lm\u0259si, Aqri T\u0259s\u0259rr\u00fcfat\u0131, Biznes v\u0259 T\u0259s\u0259rr\u00fcfat b\u00f6lm\u0259sinin meneceri xan\u0131m Saki Takeuchi. Mynavi Inc.<\/p>\n<h2>\u018fsas MC: Keiko Tsuzuki, S\u0259naye \u015f\u00f6b\u0259sinin direktoru, Hokuryu Town Hall<\/h2>\n<figure class=\"wp-caption aligncenter\"><a href=\"https:\/\/photos.google.com\/share\/AF1QipMKe1qL0cYS__nad6gnp2V506bE5TTz-XbCB1iMnc9gSUleSbIU_raJS_3v4hIrfQ\/photo\/AF1QipOzkJedkXzdsS1sTZj9OwCd9vNcv8AANbHI0yI?key=ZXY2YnVJVEExQkJRX3Q4QmUxa0h0QjJRbHIyU0RB\" target=\"_blank\" rel=\"noopener\"><img decoding=\"async\" src=\"https:\/\/lh3.googleusercontent.com\/pw\/AMWts8ACE9U2R_ufO4xYOIoNy8ityHX4E0CD0pXxvRXQH2U8UfZFUZHyJn6Xk6Aa0ceqXdRzPcx00tRkpcziWU0Di0Zm7xw0YR-ZGfvTWtyDTgxt_YXq9gYj2efeKkvtJUvtH6RseRFM3zMJx7IjU74Alk_u=w2000-h1333-no?authuser=0\" width=\"2000\" height=\"1333\" alt=\"\u018fsas moderator Hokuryu \u015e\u0259h\u0259r Ofisinin S\u0259naye Departamentinin direktoru Keiko Tsuzuki idi.\" class=\"size-full\" \/><\/a><figcaption class=\"wp-caption-text\">\u018fsas moderator Hokuryu \u015e\u0259h\u0259r Ofisinin S\u0259naye Departamentinin direktoru Keiko Tsuzuki idi.<\/figcaption><\/figure>\n<h2>Salamlar: C\u0259nab Hirokuni Kitakiyo, \u00dc\u00e7 \u015e\u0259h\u0259r K\u0259nd T\u0259s\u0259rr\u00fcfat\u0131n\u0131n T\u0259kmill\u0259\u015fdirilm\u0259si \u015euras\u0131n\u0131n s\u0259dr m\u00fcavini (Kitasora\u00e7i K\u0259nd T\u0259s\u0259rr\u00fcfat\u0131 Kooperativi Assosiasiyas\u0131n\u0131n N\u00fcmay\u0259nd\u0259 Direktoru, Hokuryu Rayonu)<\/h2>\n<figure class=\"wp-caption aligncenter\"><a href=\"https:\/\/photos.google.com\/share\/AF1QipMKe1qL0cYS__nad6gnp2V506bE5TTz-XbCB1iMnc9gSUleSbIU_raJS_3v4hIrfQ\/photo\/AF1QipOOZiFoulxSxC6SMwR5-ibABuTCWH5LWT8PmE8?key=ZXY2YnVJVEExQkJRX3Q4QmUxa0h0QjJRbHIyU0RB\" target=\"_blank\" rel=\"noopener\"><img decoding=\"async\" src=\"https:\/\/lh3.googleusercontent.com\/pw\/AMWts8DxvBOHu1FYqJF-pmTkV5ULH_J_hfWOP90yEj4oRFGUehNpkml9nIddRsWdsepOpbQ_TgUmj6fRPDV8Lwm7aALpH7zwCTlXZEz4UpHCQSlwX1WrVgP0eay0qIuv_-VfsL9rMrXYqQYaFoX47XL0QTUI=w2000-h1333-no?authuser=0\" width=\"2000\" height=\"1333\" alt=\"K\u0259nd T\u0259s\u0259rr\u00fcfat\u0131n\u0131n T\u0259kmill\u0259\u015fdirilm\u0259si \u015euras\u0131n\u0131n s\u0259dr m\u00fcavini c\u0259nab Hirokuni Kitakiyo\" class=\"size-full\" \/><\/a><figcaption class=\"wp-caption-text\">C\u0259nab Hirokuni Kitakiyo, K\u0259nd T\u0259s\u0259rr\u00fcfat\u0131n\u0131n \u0130dar\u0259 Edilm\u0259sinin T\u0259kmill\u0259\u015fdirilm\u0259si \u00fczr\u0259 T\u0259\u015fviq \u015euras\u0131n\u0131n s\u0259dr m\u00fcavini<\/figcaption><\/figure>\n<p>&quot;Bu g\u00fcn \u00e7oxlar\u0131n\u0131z\u0131n \u00dc\u00e7 \u015e\u0259h\u0259rd\u0259 K\u0259nd T\u0259s\u0259rr\u00fcfat\u0131n\u0131n T\u0259kmill\u0259\u015fdirilm\u0259sinin T\u0259\u015fviqi \u015euras\u0131n\u0131n ev sahibliyi etdiyi Regional K\u0259nd T\u0259s\u0259rr\u00fcfat\u0131 T\u0259lim Seminar\u0131nda i\u015ftirak etm\u0259kd\u0259n m\u0259mnunuq. Ham\u0131n\u0131za s\u0259mimi t\u0259\u015f\u0259kk\u00fcr\u00fcm\u00fc bildirir\u0259m.<\/p>\n<p>Bu g\u00fcn biziml\u0259 \u00e7\u0259ltik tarlalar\u0131ndan istifad\u0259 t\u0259l\u0259bl\u0259ri haqq\u0131nda dan\u0131\u015facaq iki m\u00fc\u0259llimimiz var v\u0259 biz Mynavi Co., Ltd.-nin meneceri Takeu\u00e7id\u0259n yeni fermerl\u0259rin v\u0259 k\u0259nd t\u0259s\u0259rr\u00fcfat\u0131n\u0131n q\u0259bulu sistemi haqq\u0131nda da e\u015fit\u0259c\u0259yik.<\/p>\n<p>Kitaryu \u015f\u0259h\u0259rind\u0259 41 fermer 172 hektar \u0259razini \u0259kin sah\u0259sin\u0259 \u00e7evirm\u0259k \u00fc\u00e7\u00fcn \u00e7al\u0131\u015f\u0131r. Bu t\u0259tbiq il\u0259 t\u0259xmin\u0259n 170 hektar \u0259kin sah\u0259sin\u0259 \u00e7evril\u0259c\u0259k v\u0259 ir\u0259lil\u0259yi\u015fl\u0259r \u0259ld\u0259 edilir.<\/p>\n<p>B\u00fct\u00f6vl\u00fckd\u0259 \u015f\u0259h\u0259r haqq\u0131nda d\u00fc\u015f\u00fcn\u0259nd\u0259 s\u0259mimi hissl\u0259rimiz ondan ibar\u0259tdir ki, m\u00fcmk\u00fcn q\u0259d\u0259r d\u00fcz \u0259razil\u0259rin \u0259kin sah\u0259sin\u0259 \u00e7evrilm\u0259m\u0259sin\u0259 \u00fcst\u00fcnl\u00fck veririk. Bu sah\u0259 \u0259sas\u0259n rayonlar\u0131n abadla\u015fd\u0131r\u0131lmas\u0131 layih\u0259l\u0259ri v\u0259 \u00e7\u0259ltik \u0259kilm\u0259si \u00fc\u00e7\u00fcn istifad\u0259 olunur, ona g\u00f6r\u0259 d\u0259 biz haz\u0131rda d\u00fc\u015f\u00fcn\u00fcr\u00fck ki, ortada bir sah\u0259nin olmas\u0131 i\u015fl\u0259ri bir az \u00e7\u0259tinl\u0259\u015fdir\u0259 bil\u0259r. D\u00fc\u015f\u00fcn\u00fcr\u0259m ki, h\u0259r bir biznes n\u00f6v\u00fc d\u00fczg\u00fcn idar\u0259 olunsa, yax\u015f\u0131 olard\u0131.<\/p>\n<p>Haz\u0131rda biz b\u00f6y\u00fck probleml\u0259 \u00fcz-\u00fcz\u0259yik: \u0259kin\u00e7ilikl\u0259 m\u0259\u015f\u011ful olan \u0259halinin say\u0131 s\u00fcr\u0259tl\u0259 azal\u0131r. \u018fsas problem yeni fermerl\u0259ri, k\u0259nd t\u0259s\u0259rr\u00fcfat\u0131 \u00fczr\u0259 kursantlar\u0131 v\u0259 k\u0259nd t\u0259s\u0259rr\u00fcfat\u0131 il\u0259 m\u0259\u015f\u011ful olan dig\u0259r insanlar\u0131 nec\u0259 c\u0259lb etm\u0259kdir.<\/p>\n<p>Bu s\u0259b\u0259bd\u0259n \u00fcmid edir\u0259m ki, siz bug\u00fcnk\u00fc t\u0259limi diqq\u0259tl\u0259 dinl\u0259yib Uryu, Numata v\u0259 Hokuryu \u015f\u0259h\u0259rl\u0259rind\u0259 k\u0259nd t\u0259s\u0259rr\u00fcfat\u0131n\u0131n t\u0259r\u0259qqisin\u0259 m\u00fc\u0259yy\u0259n m\u0259nada t\u00f6hf\u0259 ver\u0259 bil\u0259c\u0259ksiniz.<\/p>\n<p>Suallar \u00fc\u00e7\u00fcn daha sonra vaxt olacaq, ona g\u00f6r\u0259 d\u0259 \u00fcmid edir\u0259m ki, siz f\u0259al \u00e7\u0131x\u0131\u015f ed\u0259c\u0259ksiniz v\u0259 bu, d\u0259y\u0259rli t\u0259cr\u00fcb\u0259 olacaq. A\u00e7\u0131l\u0131\u015f s\u00f6zl\u0259rimi burada yekunla\u015fd\u0131rmaq ist\u0259rdim. Bu g\u00fcn topla\u015fd\u0131\u011f\u0131n\u0131z \u00fc\u00e7\u00fcn t\u0259\u015f\u0259kk\u00fcr edir\u0259m\u201d, - s\u0259dr m\u00fcavini Kitakiyo bildirib.<\/p>\n<figure class=\"wp-caption aligncenter\"><a href=\"https:\/\/photos.google.com\/share\/AF1QipMKe1qL0cYS__nad6gnp2V506bE5TTz-XbCB1iMnc9gSUleSbIU_raJS_3v4hIrfQ\/photo\/AF1QipNGHKpD5-RbOISeORFq4PATxSksaPQBzDthdF8?key=ZXY2YnVJVEExQkJRX3Q4QmUxa0h0QjJRbHIyU0RB\" target=\"_blank\" rel=\"noopener\"><img decoding=\"async\" src=\"https:\/\/lh3.googleusercontent.com\/pw\/AMWts8CEvfm4VrakMKafTz20erMtzjk2KyTLhEN9Tc9inJWnLgwjlDUmfnw3y_oGwbklThIoy-1e1eTWlfWs7G4ddhR7CU-Q6swn5k-NOzeumaaShEfscnntjkIVWnuUwrsncP97qN50fFf-LuUlJ1jiq-D-=w2000-h1333-no?authuser=0\" width=\"2000\" height=\"1333\" alt=\"\u00dc\u00e7 \u015e\u0259h\u0259r K\u0259nd T\u0259s\u0259rr\u00fcfat\u0131 T\u0259kmill\u0259\u015fdirm\u0259 \u015euras\u0131n\u0131n \u00fczvl\u0259ri\" class=\"size-full\" \/><\/a><figcaption class=\"wp-caption-text\">\u00dc\u00e7 \u015e\u0259h\u0259r K\u0259nd T\u0259s\u0259rr\u00fcfat\u0131 T\u0259kmill\u0259\u015fdirm\u0259 \u015euras\u0131n\u0131n \u00fczvl\u0259ri<\/figcaption><\/figure>\n<h2>1-ci hiss\u0259 M\u00fchazir\u0259: 2023-c\u00fc il m\u0259hsulu \u00fc\u00e7\u00fcn \u00e7\u0259ltikli \u0259kin\u00e7ilik siyas\u0259ti haqq\u0131nda<\/h2>\n<ul>\n<li><strong>Natiq: C\u0259nab Terukazu Tateshita, K\u0259nd T\u0259s\u0259rr\u00fcfat\u0131 Siyas\u0259tinin T\u0259\u015fviqi \u00fczr\u0259 Ba\u015f M\u00fct\u0259x\u0259ssisi, Asahikava Regional Ofisi, Hokkaydo K\u0259nd T\u0259s\u0259rr\u00fcfat\u0131 Siyas\u0259ti Ofisi, K\u0259nd T\u0259s\u0259rr\u00fcfat\u0131, Me\u015f\u0259 T\u0259s\u0259rr\u00fcfat\u0131 v\u0259 Bal\u0131q\u00e7\u0131l\u0131q Nazirliyi<\/strong><\/li>\n<\/ul>\n<figure class=\"wp-caption aligncenter\"><a href=\"https:\/\/photos.google.com\/share\/AF1QipMKe1qL0cYS__nad6gnp2V506bE5TTz-XbCB1iMnc9gSUleSbIU_raJS_3v4hIrfQ\/photo\/AF1QipMbgEYypJAhwHLv-LXhy8G8PMtOCzWxovgaC6k?key=ZXY2YnVJVEExQkJRX3Q4QmUxa0h0QjJRbHIyU0RB\" target=\"_blank\" rel=\"noopener\"><img decoding=\"async\" src=\"https:\/\/lh3.googleusercontent.com\/pw\/AMWts8CwP-eQm_W0k7tRWJ7fGHF3TSdRq7I7O_rqYZ-RjQw9UbW07rLrVnOm93BvQ_1YT6U1u9XNOQXTNZIoCFrvQNwBf7lqgXVypU37Y3uJv9NF458H3-6Xsi2lajSDAkh5vAh50xhVZmn1ecL5CAb4Lcf4=w2000-h1333-no?authuser=0\" width=\"2000\" height=\"1333\" alt=\"C\u0259nab Terukazu Tateshita, K\u0259nd T\u0259s\u0259rr\u00fcfat\u0131 Siyas\u0259tinin T\u0259\u015fviqi \u00fczr\u0259 Ba\u015f M\u00fct\u0259x\u0259ssisi\" class=\"size-full\" \/><\/a><figcaption class=\"wp-caption-text\">C\u0259nab Terukazu Tateshita, K\u0259nd T\u0259s\u0259rr\u00fcfat\u0131 Siyas\u0259tinin T\u0259\u015fviqi \u00fczr\u0259 Ba\u015f M\u00fct\u0259x\u0259ssisi<\/figcaption><\/figure>\n<h3>Teruichi Tateshita adl\u0131 istifad\u0259\u00e7inin profili<\/h3>\n<ul>\n<li>1988-ci ild\u0259 Hirosaki Universitetinin K\u0259nd T\u0259s\u0259rr\u00fcfat\u0131 fak\u00fclt\u0259sini bitirib<\/li>\n<li>O, K\u0259nd T\u0259s\u0259rr\u00fcfat\u0131, Me\u015f\u0259 T\u0259s\u0259rr\u00fcfat\u0131 v\u0259 Bal\u0131q\u00e7\u0131l\u0131q Nazirliyinin Hokkaydo \u018frzaq Ofisin\u0259 qo\u015fulub v\u0259 burada k\u0259nd t\u0259s\u0259rr\u00fcfat\u0131 m\u0259hsullar\u0131n\u0131n yoxlan\u0131lmas\u0131, d\u00f6vl\u0259t d\u00fcy\u00fc saxlanmas\u0131 v\u0259 idar\u0259 olunmas\u0131, qida m\u0259hsullar\u0131n\u0131n etiketl\u0259nm\u0259si v\u0259 biznes g\u0259lirl\u0259rinin sabitl\u0259\u015fdirilm\u0259si t\u0259dbirl\u0259ri kimi v\u0259zif\u0259l\u0259r\u0259 c\u0259lb olunub.<br \/>\n2021-ci ild\u0259n o, yerli k\u0259nd t\u0259s\u0259rr\u00fcfat\u0131n\u0131 t\u0259\u015fviq etm\u0259k v\u0259 fermerl\u0259r\u0259 d\u0259st\u0259k olmaq \u00fc\u00e7\u00fcn K\u0259nd T\u0259s\u0259rr\u00fcfat\u0131 Siyas\u0259tinin T\u0259\u015fviqi \u00fczr\u0259 Ba\u015f M\u00fct\u0259x\u0259ssisi v\u0259zif\u0259sind\u0259 \u00e7al\u0131\u015f\u0131r.<\/li>\n<\/ul>\n<h3>M\u00fchazir\u0259l\u0259r<\/h3>\n<p>M\u00fchazir\u0259 \u0259trafl\u0131 materiallara \u0259saslanm\u0131\u015f v\u0259 \u00e7\u0259ltik sah\u0259l\u0259rinin istifad\u0259sin\u0259 g\u00f6r\u0259 subsidiyalar\u0131n \u00f6d\u0259nilm\u0259si v\u0259 \u0259kin\u00e7ilik torpaqlar\u0131n\u0131n t\u0259\u015fviqi layih\u0259si \u00fc\u00e7\u00fcn m\u00fcvafiq b\u00fcdc\u0259l\u0259r kimi m\u00f6vzular\u0131 \u0259hat\u0259 etmi\u015fdir.<\/p>\n<ul>\n<li>4\/5 v\u0259 5\/6 maliyy\u0259 ill\u0259ri \u00fc\u00e7\u00fcn \u0259sas d\u00fcy\u00fc \u00fc\u00e7\u00fcn t\u0259l\u0259b v\u0259 t\u0259klif proqnozu v\u0259 s.<\/li>\n<li>2021 v\u0259 2022-ci ill\u0259rin m\u0259hsulu \u00fc\u00e7\u00fcn m\u0259hsulun \u00e7evrilm\u0259si v\u0259ziyy\u0259ti il\u0259 ba\u011fl\u0131<\/li>\n<li>2023-c\u00fc ilin m\u0259hsulu \u00fc\u00e7\u00fcn d\u00fcy\u00fc \u00e7\u0259ltik\u00e7iliyi siyas\u0259ti il\u0259 ba\u011fl\u0131 (bu\u011fda, soya, t\u0259r\u0259v\u0259z v\u0259 un \u00fc\u00e7\u00fcn d\u00fcy\u00fc \u00fc\u00e7\u00fcn t\u0259\u015f\u0259bb\u00fcsl\u0259r n\u0259z\u0259r\u0259 al\u0131nmaqla)<\/li>\n<li>D\u00fcy\u00fc \u00e7\u0259ltikinin istifad\u0259si \u00fc\u00e7\u00fcn birba\u015fa \u00f6d\u0259ni\u015f subsidiyalar\u0131 \u00fc\u00e7\u00fcn uy\u011fun olan d\u00fcy\u00fc sah\u0259l\u0259rin\u0259 bax\u0131\u015f<\/li>\n<li>D\u00fcy\u00fc \u00e7\u0259ltikl\u0259rind\u0259n istifad\u0259y\u0259 g\u00f6r\u0259 birba\u015fa \u00f6d\u0259ni\u015f subsidiyalar\u0131 \u00fc\u00e7\u00fcn uy\u011fun olan d\u00fcy\u00fc \u00e7\u0259ltikl\u0259ri il\u0259 ba\u011fl\u0131 (be\u015f illik su doldurma qaydas\u0131n\u0131n spesifikasiyas\u0131)<\/li>\n<li>\u00e7\u0259ltik bec\u0259rilm\u0259sind\u0259n ba\u015fqa m\u0259qs\u0259dl\u0259r \u00fc\u00e7\u00fcn suvarman\u0131n \u201cm\u00fc\u0259yy\u0259n m\u00fcdd\u0259t\u201d anlay\u0131\u015f\u0131 il\u0259 ba\u011fl\u0131 (davaml\u0131 \u0259kin n\u0259tic\u0259sind\u0259 d\u0259y\u0259n z\u0259r\u0259rin azald\u0131lmas\u0131 bax\u0131m\u0131ndan)<\/li>\n<li>2023-c\u00fc il \u00e7\u0259ltikd\u0259n istifad\u0259 b\u00fcdc\u0259sinin \u00fcmumi \u015f\u0259kli<\/li>\n<li>K\u0259nd T\u0259s\u0259rr\u00fcfat\u0131 T\u0259\u015fviqi Layih\u0259si (\u018fkin\u00e7ilik Torpaqlar\u0131n\u0131n T\u0259\u015fviqi D\u0259st\u0259yi, Qurumun T\u0259\u015fviqi D\u0259st\u0259yi, \u00d6d\u0259ni\u015f D\u0259st\u0259yi, Sistem Qurulmas\u0131na D\u0259st\u0259k)<\/li>\n<li>Tarla Bitkil\u0259ri \u0130stehsal\u0131 \u018frazil\u0259rinin \u0130nki\u015faf\u0131n\u0131n T\u0259\u015fviqi Layih\u0259sin\u0259 \u0130cmal (\u0259vv\u0259ll\u0259r \u00c7\u0259ltik Sah\u0259sinin Yenil\u0259nm\u0259si Layih\u0259si) (\u0130stehsal\u00e7\u0131lara D\u0259st\u0259yin D\u0259st\u0259yi M\u0259zmunu v\u0259 \u015e\u0259kili)<\/li>\n<li>\u00e7\u0259ltikd\u0259n istifad\u0259y\u0259 g\u00f6r\u0259 birba\u015fa \u00f6d\u0259ni\u015f subsidiyalar\u0131 v\u0259 s.<\/li>\n<li>Yeni d\u00fcy\u00fc bazarlar\u0131n\u0131n inki\u015faf\u0131n\u0131 t\u0259\u015fviq etm\u0259k \u00fc\u00e7\u00fcn layih\u0259<\/li>\n<li>Yem d\u00fcy\u00fc \u00fc\u00e7\u00fcn t\u0259tbiq madd\u0259l\u0259rin\u0259 d\u0259yi\u015fiklikl\u0259r<\/li>\n<\/ul>\n<p>Daha sonra sual-cavab sessiyas\u0131 ke\u00e7irilib.<\/p>\n<figure class=\"wp-caption aligncenter\"><a href=\"https:\/\/photos.google.com\/share\/AF1QipMKe1qL0cYS__nad6gnp2V506bE5TTz-XbCB1iMnc9gSUleSbIU_raJS_3v4hIrfQ\/photo\/AF1QipNroXoDSCRpHug1rBIH5GxgDw6BjnbwonAHdZg?key=ZXY2YnVJVEExQkJRX3Q4QmUxa0h0QjJRbHIyU0RB\" target=\"_blank\" rel=\"noopener\"><img decoding=\"async\" src=\"https:\/\/lh3.googleusercontent.com\/pw\/AMWts8DH5rKzfFp5BRR-y3YU7JNXPgkMOkCfp9VQyXN_e-wtZosFlICvVYZW_JZ8ozfRaJxtdYhnQN7rjHpUvJ26Ge1dnOPNfqbgPTeH7VXo8_L_mMHCqbzO23qSk7PeW-Bx6fxyhkl5SBaK5L3qGo5qzTd6=w2000-h1333-no?authuser=0\" width=\"2000\" height=\"1333\" alt=\"Q&amp;A\" class=\"size-full\" \/><\/a><figcaption class=\"wp-caption-text\">Q&amp;A<\/figcaption><\/figure>\n<h2>2-ci hiss\u0259 M\u00fchazir\u0259: &quot;Yerli i\u015f\u00e7il\u0259rin t\u0259min edilm\u0259si v\u0259 q\u0259bulu \u00fcsullar\u0131&quot;<\/h2>\n<ul>\n<li><strong>Natiq: Saki Takeuchi, Hokkaydo Sat\u0131\u015f Departamentinin Meneceri, Mynavi K\u0259nd T\u0259s\u0259rr\u00fcfat\u0131, Me\u015f\u0259 v\u0259 Bal\u0131q\u00e7\u0131l\u0131q Jobus Biznes B\u00f6lm\u0259si<\/strong><\/li>\n<\/ul>\n<figure class=\"wp-caption aligncenter\"><a href=\"https:\/\/photos.google.com\/share\/AF1QipMKe1qL0cYS__nad6gnp2V506bE5TTz-XbCB1iMnc9gSUleSbIU_raJS_3v4hIrfQ\/photo\/AF1QipPPNKSUuYc44d5e3gYBay6mZYNKpSbtoV63Ons?key=ZXY2YnVJVEExQkJRX3Q4QmUxa0h0QjJRbHIyU0RB\" target=\"_blank\" rel=\"noopener\"><img decoding=\"async\" src=\"https:\/\/lh3.googleusercontent.com\/pw\/AMWts8Bsj1Uuf_5n2NmF2jj9-nb0ARgUzBYptOI9mPALfTULyw0VtRyVY4Cua7fDrXLXCr8n2PMRtBHlyXNonxhFFU4ytCfL0nbEQXDrd0TzXJ8WKK9QziQuVNfvlXmqsfJy79ko947QUbYd0qwznVMZBOwN=w2000-h1333-no?authuser=0\" width=\"2000\" height=\"1333\" alt=\"Saki Takeuchi, Menecer, Mynavi Co., Ltd.\" class=\"size-full\" \/><\/a><figcaption class=\"wp-caption-text\">Saki Takeuchi, Menecer, Mynavi Co., Ltd.<\/figcaption><\/figure>\n<h3>Saki Takeuchi adl\u0131 istifad\u0259\u00e7inin profili<\/h3>\n<ul>\n<li>Naqoyada anadan olub. 2005-ci ild\u0259 Mynavi Co., Ltd.-y\u0259 qo\u015fulub<\/li>\n<li>2018~ 6 ildir Hokkaydoda ya\u015famaq<\/li>\n<li>O, i\u015f\u0259 q\u0259bul \u00fczr\u0259 m\u0259sl\u0259h\u0259t\u00e7i kimi i\u015fl\u0259yir v\u0259 1000-d\u0259n \u00e7ox \u015firk\u0259t\u0259 i\u015f\u0259 q\u0259bulla ba\u011fl\u0131 d\u0259st\u0259k g\u00f6st\u0259rib. 2015-ci ild\u0259n k\u0259nd t\u0259s\u0259rr\u00fcfat\u0131 sah\u0259sind\u0259 \u00e7al\u0131\u015f\u0131r, k\u0259nd t\u0259s\u0259rr\u00fcfat\u0131 m\u0259hsullar\u0131 istehsal\u00e7\u0131lar\u0131na v\u0259 yerli \u00f6z\u00fcn\u00fcidar\u0259etm\u0259 orqanlar\u0131n\u0131n \u0259m\u0259kda\u015flar\u0131na d\u0259st\u0259k verir. O, yeni fermerl\u0259r v\u0259 k\u0259nd t\u0259s\u0259rr\u00fcfat\u0131 \u00fczr\u0259 \u0259m\u0259k yarmarkalar\u0131 \u00fc\u00e7\u00fcn t\u0259dbirl\u0259rin planla\u015fd\u0131r\u0131lmas\u0131 il\u0259 yana\u015f\u0131, \u201c\u0130\u015f\u0259 g\u00f6t\u00fcrm\u0259 bacar\u0131qlar\u0131n\u0131 t\u0259kmill\u0259\u015fdirm\u0259k \u00fc\u00e7\u00fcn t\u0259lim\u201d v\u0259 \u201cVarisl\u0259rin i\u015f\u0259 g\u00f6t\u00fcr\u00fclm\u0259si \u00fc\u00e7\u00fcn PR \u00fcsullar\u0131\u201d kimi m\u00fcxt\u0259lif t\u0259lim kurslar\u0131nda m\u00fchazir\u0259\u00e7i kimi f\u0259aliyy\u0259t g\u00f6st\u0259rir.<br \/>\nBundan \u0259lav\u0259, \u015firk\u0259t \u0259sas s\u0259naye i\u015f sayt\u0131 olan &quot;Mynavi K\u0259nd T\u0259s\u0259rr\u00fcfat\u0131, Me\u015f\u0259\u00e7ilik v\u0259 Bal\u0131q\u00e7\u0131l\u0131q Bizi \u0130\u015fl\u0259&quot; v\u0259 \u0259sas s\u0259nayed\u0259 ixtisasla\u015fan &quot;\u0130\u015f Bizd\u0259 T\u0259cr\u00fcb\u0259&quot; t\u0259cr\u00fcb\u0259 m\u0259lumat sayt\u0131n\u0131 idar\u0259 edir.<\/li>\n<\/ul>\n<h3>M\u00fchazir\u0259l\u0259r<\/h3>\n<p>&quot;M\u0259n m\u0259\u015f\u011fullu\u011fu t\u0259min etm\u0259k \u00fcsullar\u0131 v\u0259 u\u011fur hekay\u0259l\u0259ri haqq\u0131nda dan\u0131\u015faca\u011fam. \u00dcmid edir\u0259m ki, bu, insanlar\u0131 \u015f\u0259h\u0259rimiz\u0259 nec\u0259 c\u0259lb etm\u0259k bar\u0259d\u0259 d\u00fc\u015f\u00fcn\u0259rk\u0259n faydal\u0131 olacaq.<\/p>\n<p>H\u0259r \u015feyd\u0259n \u0259vv\u0259l, k\u0259nd t\u0259s\u0259rr\u00fcfat\u0131 \u00fc\u00e7\u00fcn i\u015f\u00e7il\u0259ri t\u0259min etm\u0259k \u00fc\u00e7\u00fcn xalq\u0131n\u0131z\u0131 tan\u0131maq (k\u00f6\u00e7m\u0259k v\u0259 ya fermer olmaq ist\u0259y\u0259nl\u0259rin meyll\u0259rini v\u0259 d\u0259y\u0259rl\u0259rini \u00f6yr\u0259nm\u0259k), \u00f6z\u00fcn\u00fcz haqq\u0131nda d\u00fc\u015f\u00fcnm\u0259k (regional x\u00fcsusiyy\u0259tl\u0259r v\u0259 t\u0259\u015f\u0259bb\u00fcsl\u0259r) v\u0259 ba\u015fqalar\u0131ndan \u00f6yr\u0259nm\u0259k (u\u011fur hekay\u0259l\u0259ri) vacibdir.<\/p>\n<h4>1. Auditoriyan\u0131z\u0131 tan\u0131y\u0131n: \u0130\u015f axtaran g\u0259ncl\u0259rin d\u0259y\u0259rl\u0259rini v\u0259 meyll\u0259rini anlay\u0131n v\u0259 k\u0259nd t\u0259s\u0259rr\u00fcfat\u0131n\u0131n cazib\u0259sini \u00e7atd\u0131r\u0131n<\/h4>\n<ul>\n<li>G\u0259ncl\u0259rin i\u015f t\u0259rzi il\u0259 ba\u011fl\u0131 d\u0259y\u0259rl\u0259ri: &quot;s\u0131f\u0131r \u0259lav\u0259 i\u015f&quot;, &quot;i\u015fd\u0259 \u0259yl\u0259nc\u0259&quot; v\u0259 &quot;parlaq i\u015f yeri&quot;<\/li>\n<li>K\u0259nd t\u0259s\u0259rr\u00fcfat\u0131 s\u0259nayesi haqq\u0131nda fikir \u0259ld\u0259 edin (maraq)<\/li>\n<li>Bir i\u015fd\u0259 n\u0259 axtard\u0131\u011f\u0131n\u0131z\u0131 anlay\u0131n (b\u00f6y\u00fcm\u0259y\u0259 v\u0259 c\u0259miyy\u0259t\u0259 t\u00f6hf\u0259 verm\u0259y\u0259 imkan ver\u0259n i\u015fin \u0259h\u0259miyy\u0259ti)<\/li>\n<li>R\u0259q\u0259msal \u00fcnsiyy\u0259t \u00fcf\u00fcql\u0259rinizi geni\u015fl\u0259ndirir<\/li>\n<li>M\u0259lumat \u00f6t\u00fcrm\u0259 \u00fcsulunu t\u0259\u015fkil edin (smartfon vasit\u0259sil\u0259 proqramlar\u0131n edilm\u0259sin\u0259 imkan ver\u0259n funksiya \u0259lav\u0259 edin)<\/li>\n<li>K\u0259nd t\u0259s\u0259rr\u00fcfat\u0131n\u0131n c\u0259lbediciliyini yaratmaq v\u0259 \u00e7atd\u0131rmaq (m\u0259lumatlar\u0131n ayd\u0131n \u015f\u0259kild\u0259 t\u0259\u015fkili v\u0259 d\u0259qiql\u0259\u015fdirilm\u0259si v\u0259 d\u00fczg\u00fcn h\u0259d\u0259fl\u0259r\u0259 \u00e7atd\u0131r\u0131lmas\u0131)<\/li>\n<li>\u018fraziy\u0259 k\u00f6\u00e7m\u0259k v\u0259 ya \u0259kin\u00e7ilikl\u0259 m\u0259\u015f\u011ful olmaq ist\u0259y\u0259n insanlar\u0131n meyll\u0259ri v\u0259 d\u0259y\u0259rl\u0259ri (m\u0259\u015f\u011fulluq, i\u015f, g\u0259lir, h\u0259yat t\u0259rzi, n\u0259qliyyat) haqq\u0131nda m\u0259lumat \u0259ld\u0259 edin.<\/li>\n<\/ul>\n<h4>2. \u00d6z\u00fcn\u00fcz haqq\u0131nda d\u00fc\u015f\u00fcnm\u0259k: Hokkaydonun x\u00fcsusiyy\u0259tl\u0259rini, \u00fcst\u00fcnl\u00fckl\u0259rini v\u0259 cari t\u0259\u015f\u0259bb\u00fcsl\u0259rini \u00e7atd\u0131rmaq<\/h4>\n<ul>\n<li>Ustal\u0131\u011fa aparan yol: Piramida i\u015f v\u0259r\u0259ql\u0259rinin faydalar\u0131n\u0131 ya\u015fay\u0131n<\/li>\n<li>Onlayn m\u0259lumat toplamaq, m\u0259sl\u0259h\u0259tl\u0259\u015fm\u0259l\u0259rd\u0259 v\u0259 t\u0259dbirl\u0259rd\u0259, yerli turlarda, t\u0259liml\u0259rd\u0259 v\u0259 \u0259kin\u00e7ilikd\u0259 i\u015ftirak etm\u0259k<\/li>\n<\/ul>\n<h4>3. Ba\u015fqalar\u0131ndan \u00f6yr\u0259nin: K\u0259nd t\u0259s\u0259rr\u00fcfat\u0131n\u0131n m\u00fcxt\u0259lif u\u011fur hekay\u0259l\u0259rind\u0259n \u00f6yr\u0259nin (m\u0259lumat \u00f6t\u00fcrm\u0259k yollar\u0131n\u0131 i\u015fl\u0259yib haz\u0131rlay\u0131n)<\/h4>\n<ul>\n<li>&quot;\u0130nsanlar\u0131n cazib\u0259sini&quot; \u00e7atd\u0131rma\u011f\u0131n v\u0259 narahatl\u0131qlar\u0131, narahatl\u0131qlar\u0131 v\u0259 ist\u0259kl\u0259ri anlayan, m\u00fcxt\u0259lif ehtiyaclara r\u0259\u011fb\u0259t b\u0259sl\u0259y\u0259n v\u0259 onlara r\u0259\u011fb\u0259t b\u0259sl\u0259y\u0259n b\u00f6lg\u0259y\u0259 bax\u0131\u015f n\u00fcmayi\u015f etdirm\u0259yin \u0259h\u0259miyy\u0259ti.<\/li>\n<li>M\u0259lumat\u0131 nec\u0259 \u00e7atd\u0131rmaq, t\u0259qdim etm\u0259k v\u0259 \u00e7atd\u0131rmaq<\/li>\n<li>Planla\u015fd\u0131rma v\u0259 sistem innovasiyas\u0131<\/li>\n<li>&quot;\u0130nsanlar\u0131n cazib\u0259sini&quot; \u00e7atd\u0131rmaq vacibdir<\/li>\n<\/ul>\n<h4>(1) Naqano Prefekturas\u0131n\u0131n n\u00fcmun\u0259 ara\u015fd\u0131rmas\u0131 (x\u00fcsusi veb sayt t\u0259qdim olunur)<\/h4>\n<ul>\n<li>B\u00f6y\u00fck fermerl\u0259rin canl\u0131 g\u00f6r\u00fcnt\u00fcl\u0259ri (m\u00fcsahib\u0259 m\u0259qal\u0259l\u0259ri), t\u0259limat\u00e7\u0131lar\u0131n t\u0259qdimat\u0131, h\u0259yat t\u0259rzi haqq\u0131nda m\u0259lumatlar, onlayn m\u0259sl\u0259h\u0259tl\u0259r, antenna ma\u011fazas\u0131<\/li>\n<li>M\u0259sl\u0259h\u0259tl\u0259\u015fm\u0259 i\u015ftirak\u00e7\u0131lar\u0131n\u0131n m\u0259lumatlar\u0131 v\u0259 siyah\u0131s\u0131 (ir\u0259lil\u0259yi\u015fin t\u0259sdiqi, davam\u0131 v\u0259 dayand\u0131r\u0131lmas\u0131) buludda payla\u015f\u0131l\u0131r.<\/li>\n<li>K\u0259nd t\u0259s\u0259rr\u00fcfat\u0131 il\u0259 maraqlanan insanlar \u00fc\u00e7\u00fcn m\u0259lumatlar\u0131 asan ba\u015fa d\u00fc\u015f\u00fcl\u0259n \u015f\u0259kild\u0259 t\u0259\u015fkil edin<\/li>\n<\/ul>\n<h4>(2) Nasu-\u015eiobara \u015e\u0259h\u0259ri t\u0259r\u0259find\u0259n k\u0259nd t\u0259s\u0259rr\u00fcfat\u0131n\u0131n ba\u015flan\u011f\u0131c d\u0259st\u0259yin\u0259 dair n\u00fcmun\u0259 ara\u015fd\u0131rmas\u0131<\/h4>\n<ul>\n<li>\u018fsas x\u00fcsusiyy\u0259tl\u0259r m\u00fcxt\u0259lif t\u0259lim m\u0259zmunu (siz\u0259 uy\u011fun olan be\u015f kursdan birini se\u00e7\u0259 bil\u0259rsiniz) v\u0259 b\u00f6y\u00fck d\u0259st\u0259kdir (h\u00f6kum\u0259t v\u0259 yerli fermerl\u0259rin s\u0259xav\u0259tli d\u0259st\u0259yi).<\/li>\n<\/ul>\n<h4>(3) Kuriyama K\u0259nd T\u0259s\u0259rr\u00fcfat\u0131n\u0131n T\u0259\u015fviqi Korporasiyas\u0131n\u0131n yarad\u0131lmas\u0131n\u0131n n\u00fcmun\u0259vi t\u0259dqiqat\u0131<\/h4>\n<ul>\n<li>PR m\u0259lumat v\u0259 sistem yenilikl\u0259ri (pulsuz \u0259kin\u00e7ilik, yerli fermerl\u0259rd\u0259n h\u0259rt\u0259r\u0259fli d\u0259st\u0259k)<\/li>\n<\/ul>\n<h3>U\u011fur hekay\u0259l\u0259rind\u0259n ir\u0259li g\u0259l\u0259n \u0259sas prinsipl\u0259r<\/h3>\n<ul>\n<li>&quot;\u0130nsanlar\u0131n cazib\u0259si v\u0259 \u015f\u0259xsiyy\u0259ti&quot;, &quot;\u0130nsanlarla g\u00f6r\u00fc\u015fm\u0259k&quot;, &quot;H\u0259yat t\u0259rzimi h\u0259yata ke\u00e7ir\u0259 bil\u0259c\u0259yim v\u0259 ba\u015fqalar\u0131 il\u0259 empatiya qura bil\u0259c\u0259yim b\u00f6lg\u0259&quot; v\u0259 &quot;Ba\u015fqalar\u0131n\u0131n dedikl\u0259rini diqq\u0259tl\u0259 dinl\u0259m\u0259k&quot;<\/li>\n<\/ul>\n<figure class=\"wp-caption aligncenter\"><a href=\"https:\/\/photos.google.com\/share\/AF1QipMKe1qL0cYS__nad6gnp2V506bE5TTz-XbCB1iMnc9gSUleSbIU_raJS_3v4hIrfQ\/photo\/AF1QipPgiXQNSwaS7JxrCp97EXRdCdl7_T0kScot1RI?key=ZXY2YnVJVEExQkJRX3Q4QmUxa0h0QjJRbHIyU0RB\" target=\"_blank\" rel=\"noopener\"><img decoding=\"async\" src=\"https:\/\/lh3.googleusercontent.com\/pw\/AMWts8DgM8T_NzsxKZR7YCfhYBb6oHTEBLldyNdudiw903O97xbBwUzWmUNlfRY5Tjy9ueeqhb2uC5UMu8DI5Gd-F5jeoAjbMB2x9N7fAfK_tBmjEasqKK09q-leOtNIHZmVCQXU1tGjbnATYIbLKNgMkChP=w2000-h1333-no?authuser=0\" width=\"2000\" height=\"1333\" alt=\"Yerli i\u015f\u00e7il\u0259ri t\u0259min etm\u0259k \u00fcsullar\u0131 v\u0259 onlar\u0131 nec\u0259 q\u0259bul etm\u0259k bar\u0259d\u0259 s\u00f6hb\u0259t\" class=\"size-full\" \/><\/a><figcaption class=\"wp-caption-text\">Yerli i\u015f\u00e7il\u0259ri t\u0259min etm\u0259k \u00fcsullar\u0131 v\u0259 onlar\u0131 nec\u0259 q\u0259bul etm\u0259k bar\u0259d\u0259 s\u00f6hb\u0259t<\/figcaption><\/figure>\n<p>Daha sonra sual-cavab sessiyas\u0131 olub. \u018fkin\u00e7ilikl\u0259 m\u0259\u015f\u011ful olma\u011fa ba\u015flayandan sonrak\u0131 v\u0259ziyy\u0259tl\u0259 ba\u011fl\u0131 suallar verilib.<\/p>\n<figure class=\"wp-caption aligncenter\"><a href=\"https:\/\/photos.google.com\/share\/AF1QipMKe1qL0cYS__nad6gnp2V506bE5TTz-XbCB1iMnc9gSUleSbIU_raJS_3v4hIrfQ\/photo\/AF1QipOhc_fWivED0S3EG8H3U2xaEaSMzpH5BJPMoDE?key=ZXY2YnVJVEExQkJRX3Q4QmUxa0h0QjJRbHIyU0RB\" target=\"_blank\" rel=\"noopener\"><img decoding=\"async\" src=\"https:\/\/lh3.googleusercontent.com\/pw\/AMWts8DeRoOMlY-v0oPr6ejSVmTRwfrvgYDqzpCEuQqPFSDpocGr677MycKBkR7Fe_QbA_cnuywed7TzgUFwcLmqOeDzzlEXCkw3uB4BZ_dJD_fSNXx7bq78fl1nHKp-ivR8N0NAs0AAH5FviqsvG6oKKx3o=w2000-h1333-no?authuser=0\" width=\"2000\" height=\"1333\" alt=\"Biz yerli k\u0259nd t\u0259s\u0259rr\u00fcfat\u0131n\u0131n t\u0259bli\u011fin\u0259 v\u0259 inki\u015faf\u0131na s\u0259b\u0259b olacaq regional k\u0259nd t\u0259s\u0259rr\u00fcfat\u0131 t\u0259lim seminar\u0131na g\u00f6r\u0259 minn\u0259tdar\u0131q. . .\" class=\"size-full\" \/><\/a><figcaption class=\"wp-caption-text\">Biz yerli k\u0259nd t\u0259s\u0259rr\u00fcfat\u0131n\u0131n t\u0259bli\u011fin\u0259 v\u0259 inki\u015faf\u0131na s\u0259b\u0259b olacaq regional k\u0259nd t\u0259s\u0259rr\u00fcfat\u0131 t\u0259lim seminar\u0131na g\u00f6r\u0259 minn\u0259tdar\u0131q. . .<\/figcaption><\/figure>\n<p>S\u0259rh\u0259dsiz sevgi, minn\u0259tdarl\u0131q v\u0259 dualarla bu regional k\u0259nd t\u0259s\u0259rr\u00fcfat\u0131 t\u0259lim-seminar\u0131 k\u0259nd t\u0259s\u0259rr\u00fcfat\u0131n\u0131n m\u00f6vcud v\u0259ziyy\u0259tini anlamaq, anlay\u0131\u015f\u0131 d\u0259rinl\u0259\u015fdirm\u0259k \u00fc\u00e7\u00fcn m\u00f6vcud fermerl\u0259rin fikirl\u0259rini dinl\u0259m\u0259k, yerli t\u0259\u015f\u0259bb\u00fcsl\u0259rin v\u0259 insanlar\u0131n m\u00fcraci\u0259tini \u00e7atd\u0131rmaq, g\u0259l\u0259c\u0259kd\u0259 b\u00f6lg\u0259 k\u0259nd t\u0259s\u0259rr\u00fcfat\u0131n\u0131n t\u0259\u015fviqin\u0259 v\u0259 inki\u015faf\u0131na s\u0259b\u0259b olmaq m\u0259qs\u0259di da\u015f\u0131y\u0131r. . .<\/p>\n<figure class=\"wp-caption aligncenter\"><a href=\"https:\/\/photos.google.com\/share\/AF1QipMKe1qL0cYS__nad6gnp2V506bE5TTz-XbCB1iMnc9gSUleSbIU_raJS_3v4hIrfQ\/photo\/AF1QipPDMjhjYSAhVoIF1cuF9yunLaNFiPZepYvwfXs?key=ZXY2YnVJVEExQkJRX3Q4QmUxa0h0QjJRbHIyU0RB\" target=\"_blank\" rel=\"noopener\"><img decoding=\"async\" src=\"https:\/\/lh3.googleusercontent.com\/pw\/AMWts8ANRCoYjiCQu_jBuxntUE91X86VeQU0HgwS_I2xMfwqJwQ_EjLph-XhCwJuBYF_WTFnJrhn5FYGDybPJmfwGbiCh0oJYhcB8ObYYHkRpMWIkIRgxShGBHhRVM4uemP-5JyyUO1U8S0OQ1LNatJBhJpm=w2000-h1333-no?authuser=0\" width=\"2000\" height=\"1333\" alt=\"C\u0259nn\u0259t, Yer, Su v\u0259 \u018fkin\u00e7il\u0259rin Q\u0259lbi\" class=\"size-full\" \/><\/a><figcaption class=\"wp-caption-text\">C\u0259nn\u0259t, yer, su v\u0259 \u0259kin\u00e7il\u0259rin q\u0259lbl\u0259ri (ruhlar\u0131).<\/figcaption><\/figure>\n<h2>Dig\u0259r foto\u015f\u0259kill\u0259r<\/h2>\n<div class=\"img-move\">\n<img decoding=\"async\" src=\"https:\/\/ehokkaido.net\/wp-content\/uploads\/2021\/12\/2021-12-06-11.41.12.png\" style=\"vertical-align:middle;\"> <a href=\"https:\/\/photos.app.goo.gl\/y7hc4Z2rzu3nxg63A\" target=\"_blank\" rel=\"noopener noreferrer\">\u00dc\u00e7 \u015f\u0259h\u0259r (Uryu, Numata v\u0259 Hokuryu) \u00fc\u00e7\u00fcn yerli k\u0259nd t\u0259s\u0259rr\u00fcfat\u0131 t\u0259lim seminar\u0131ndan foto\u015f\u0259kill\u0259r (38 \u015f\u0259kil) burada m\u00f6vcuddur &gt;&gt;<\/a><\/a><\/div>\n<h2>\u018flaq\u0259dar M\u0259qal\u0259l\u0259r\/Saytlar<\/h2>\n\n        <div class=\"site-blogcard-premium\">\n            <div class=\"bc-label-custom\">\u018flaq\u0259dar m\u0259qal\u0259l\u0259r<\/div>\n            <div class=\"bc-flex-container\">\n                <div class=\"bc-main-text\">\n                    <div class=\"bc-title-link-box\">\n                        <a href=\"https:\/\/portal.hokuryu.info\/az\/16461\/\" target=\"_blank\">https:\/\/portal.hokuryu.info\/16461<\/a>\n                    <\/div>\n                    <div class=\"bc-excerpt-box\">S\u0259hif\u0259 m\u0259lumatlar\u0131n\u0131 \u0259ld\u0259 etm\u0259k m\u00fcmk\u00fcn deyil.<\/div>\n                <\/div>\n                <div class=\"bc-thumbnail-box\">\n                    <a href=\"https:\/\/portal.hokuryu.info\/az\/16461\/\" target=\"_blank\">\n                        <div class=\"bc-img-zoom-wrap\">\n                            <img decoding=\"async\" src=\"https:\/\/portal.hokuryu.info\/wp\/wp-content\/uploads\/2026\/02\/20230802DSC06445_1.jpg\" alt=\"https:\/\/portal.hokuryu.info\/16461\">\n                        <\/div>\n                    <\/a>\n                <\/div>\n            <\/div>\n        <\/div>\n\n        <div class=\"site-blogcard-premium\">\n            <div class=\"bc-label-custom\">\u018flaq\u0259dar m\u0259qal\u0259l\u0259r<\/div>\n            <div class=\"bc-flex-container\">\n                <div class=\"bc-main-text\">\n                    <div class=\"bc-title-link-box\">\n                        <a href=\"https:\/\/portal.hokuryu.info\/az\/14470\/\" target=\"_blank\">https:\/\/portal.hokuryu.info\/14470<\/a>\n                    <\/div>\n                    <div class=\"bc-excerpt-box\">S\u0259hif\u0259 m\u0259lumatlar\u0131n\u0131 \u0259ld\u0259 etm\u0259k m\u00fcmk\u00fcn deyil.<\/div>\n                <\/div>\n                <div class=\"bc-thumbnail-box\">\n                    <a href=\"https:\/\/portal.hokuryu.info\/az\/14470\/\" target=\"_blank\">\n                        <div class=\"bc-img-zoom-wrap\">\n                            <img decoding=\"async\" src=\"https:\/\/portal.hokuryu.info\/wp\/wp-content\/uploads\/2026\/02\/20230802DSC06445_1.jpg\" alt=\"https:\/\/portal.hokuryu.info\/14470\">\n                        <\/div>\n                    <\/a>\n                <\/div>\n            <\/div>\n        <\/div>\n\u3000<br \/>\n\n        <div class=\"site-blogcard-premium\">\n            <div class=\"bc-label-custom\">\u018flaq\u0259dar m\u0259qal\u0259l\u0259r<\/div>\n            <div class=\"bc-flex-container\">\n                <div class=\"bc-main-text\">\n                    <div class=\"bc-title-link-box\">\n                        <a href=\"https:\/\/www.maff.go.jp\/hokkaido\/asahikawa\/index.html\" target=\"_blank\">Asahikawa Regional Baza: Hokkaydo Prefekturas\u0131n\u0131n K\u0259nd T\u0259s\u0259rr\u00fcfat\u0131 \u0130dar\u0259si<\/a>\n                    <\/div>\n                    <div class=\"bc-excerpt-box\">Hokkaydo K\u0259nd T\u0259s\u0259rr\u00fcfat\u0131 \u0130dar\u0259sinin Ana S\u0259hif\u0259si<\/div>\n                <\/div>\n                <div class=\"bc-thumbnail-box\">\n                    <a href=\"https:\/\/www.maff.go.jp\/hokkaido\/asahikawa\/index.html\" target=\"_blank\">\n                        <div class=\"bc-img-zoom-wrap\">\n                            <img decoding=\"async\" src=\"https:\/\/www.maff.go.jp\/hokkaido\/asahikawa\/..\/obihiro\/attach\/img\/index-8.png\" alt=\"Asahikawa Regional Baza: Hokkaydo Prefekturas\u0131n\u0131n K\u0259nd T\u0259s\u0259rr\u00fcfat\u0131 \u0130dar\u0259si\">\n                        <\/div>\n                    <\/a>\n                <\/div>\n            <\/div>\n        <\/div>\n\n        <div class=\"site-blogcard-premium\">\n            <div class=\"bc-label-custom\">\u018flaq\u0259dar m\u0259qal\u0259l\u0259r<\/div>\n            <div class=\"bc-flex-container\">\n                <div class=\"bc-main-text\">\n                    <div class=\"bc-title-link-box\">\n                        <a href=\"https:\/\/agri.mynavi.jp\" target=\"_blank\">Mynavi Agriculture - K\u0259nd t\u0259s\u0259rr\u00fcfat\u0131, k\u0259nd t\u0259s\u0259rr\u00fcfat\u0131 x\u0259b\u0259rl\u0259ri v\u0259 s. haqq\u0131nda m\u0259lumat toplayan h\u0259rt\u0259r\u0259fli k\u0259nd t\u0259s\u0259rr\u00fcfat\u0131 m\u0259lumat sayt\u0131.<\/a>\n                    <\/div>\n                    <div class=\"bc-excerpt-box\">&quot;Mynavi K\u0259nd T\u0259s\u0259rr\u00fcfat\u0131&quot; k\u0259nd t\u0259s\u0259rr\u00fcfat\u0131 il\u0259 ba\u011fl\u0131 m\u0259lumatlar\u0131 m\u00fcxt\u0259lif perspektivl\u0259rd\u0259n yayan h\u0259rt\u0259r\u0259fli k\u0259nd t\u0259s\u0259rr\u00fcfat\u0131 informasiya media orqan\u0131d\u0131r.<\/div>\n                <\/div>\n                <div class=\"bc-thumbnail-box\">\n                    <a href=\"https:\/\/agri.mynavi.jp\" target=\"_blank\">\n                        <div class=\"bc-img-zoom-wrap\">\n                            <img decoding=\"async\" src=\"https:\/\/agri.mynavi.jp\/wp-content\/uploads\/2017\/08\/mynavi_ogp.jpg\" alt=\"Mynavi Agriculture - K\u0259nd t\u0259s\u0259rr\u00fcfat\u0131, k\u0259nd t\u0259s\u0259rr\u00fcfat\u0131 x\u0259b\u0259rl\u0259ri v\u0259 s. haqq\u0131nda m\u0259lumat toplayan h\u0259rt\u0259r\u0259fli k\u0259nd t\u0259s\u0259rr\u00fcfat\u0131 m\u0259lumat sayt\u0131.\">\n                        <\/div>\n                    <\/a>\n                <\/div>\n            <\/div>\n        <\/div>\n\u3000<\/p>\n<p>\u25c7 \u00c7\u0259kili\u015f v\u0259 montaj: Noboru Terauchi M\u00fcsahib\u0259 v\u0259 m\u0259tn: \u0130kuko Terau\u00e7i<\/p>","protected":false},"excerpt":{"rendered":"<p>\uff12\uff10\uff12\uff13\u5e74\uff13\u6708\uff11\u65e5\uff08\u6c34\uff09 \uff12\u6708\uff12\uff17\u65e5\uff08\u6708\uff09\uff11\uff14\u6642\u3088\u308a\u3001\u300c\uff13\u753a\uff08\u96e8\u7adc\u30fb\u6cbc\u7530\u30fb\u5317\u7adc\uff09\u55b6\u8fb2\u6539\u5584\u63a8\u9032\u5354\u8b70\u4f1a\u30fb\u4f50\u91ce\u8c4a \u4f1a\u9577\uff08\u5317\u7adc\u753a\u9577\uff09\u300d\u4e3b\u50ac\u306b\u3088\u308b\u300c\u5730\u57df\u8fb2\u696d\u8005\u7814\u4fee\u4f1a\u300d\u304c\u3001\u304d\u305f\u305d\u3089\u3061\u8fb2\u696d\u5354\u540c\u7d44\u5408\u5317\u7adc\u652f\u6240\uff08\uff12\u968e\u7814\u4fee [&hellip;]<\/p>\n","protected":false},"author":1,"featured_media":30283,"comment_status":"open","ping_status":"open","sticky":false,"template":"","format":"standard","meta":{"footnotes":""},"categories":[4],"tags":[],"class_list":["post-30234","post","type-post","status-publish","format-standard","has-post-thumbnail","hentry","category-cover-story"],"_links":{"self":[{"href":"https:\/\/portal.hokuryu.info\/az\/wp-json\/wp\/v2\/posts\/30234","targetHints":{"allow":["GET"]}}],"collection":[{"href":"https:\/\/portal.hokuryu.info\/az\/wp-json\/wp\/v2\/posts"}],"about":[{"href":"https:\/\/portal.hokuryu.info\/az\/wp-json\/wp\/v2\/types\/post"}],"author":[{"embeddable":true,"href":"https:\/\/portal.hokuryu.info\/az\/wp-json\/wp\/v2\/users\/1"}],"replies":[{"embeddable":true,"href":"https:\/\/portal.hokuryu.info\/az\/wp-json\/wp\/v2\/comments?post=30234"}],"version-history":[{"count":0,"href":"https:\/\/portal.hokuryu.info\/az\/wp-json\/wp\/v2\/posts\/30234\/revisions"}],"wp:featuredmedia":[{"embeddable":true,"href":"https:\/\/portal.hokuryu.info\/az\/wp-json\/wp\/v2\/media\/30283"}],"wp:attachment":[{"href":"https:\/\/portal.hokuryu.info\/az\/wp-json\/wp\/v2\/media?parent=30234"}],"wp:term":[{"taxonomy":"category","embeddable":true,"href":"https:\/\/portal.hokuryu.info\/az\/wp-json\/wp\/v2\/categories?post=30234"},{"taxonomy":"post_tag","embeddable":true,"href":"https:\/\/portal.hokuryu.info\/az\/wp-json\/wp\/v2\/tags?post=30234"}],"curies":[{"name":"wp","href":"https:\/\/api.w.org\/{rel}","templated":true}]}}