{"id":24052,"date":"2022-09-20T06:39:27","date_gmt":"2022-09-19T21:39:27","guid":{"rendered":"https:\/\/portal.hokuryu.info\/?p=24052"},"modified":"2022-09-20T08:22:05","modified_gmt":"2022-09-19T23:22:05","slug":"northern-blessings-food-marche-2022-station-marche-asahikawa-s%c9%99h%c9%99ri","status":"publish","type":"post","link":"https:\/\/portal.hokuryu.info\/az\/24052\/","title":{"rendered":"Kurosengoku Biznes Kooperativi (S\u0259dr Takada Yukio, Hokuryu Town) Northern Blessings Food Marche 2022\/Eki Marche (Asahikawa \u015e\u0259h\u0259ri) d\u00fckan\u0131n\u0131 a\u00e7acaq!"},"content":{"rendered":"<p>\u00c7\u0259r\u015f\u0259nb\u0259 ax\u015fam\u0131, 20 sentyabr 2022<\/p>\n<p>&quot;Northern Blessings Tabe Marche 2022&quot; Asahikava \u015f\u0259h\u0259rind\u0259 ke\u00e7iril\u0259c\u0259k pay\u0131z gurme festival\u0131d\u0131r.<\/p>\n<p>Bu il t\u0259dbirin 11-ci ili qeyd olunur v\u0259 bu, \u00fc\u00e7 ild\u0259n sonra ilk d\u0259f\u0259 olaraq 17 sentyabrdan (\u015f\u0259nb\u0259) 19 sentyabra (bazar ert\u0259si, milli bayram) kimi \u00fc\u00e7 g\u00fcn \u0259rzind\u0259 ke\u00e7iril\u0259c\u0259k. \u015e\u0259h\u0259rin m\u0259rk\u0259zind\u0259 1,7 km uzanan m\u0259kanda t\u0259xmin\u0259n 300 ma\u011faza toplanacaq!<\/p>\n<ul>\n<li><strong>yer:<\/strong>Asahikawa \u015e\u0259h\u0259r M\u0259rk\u0259zi (Asahikawa Stansiya Meydan\u0131, Heiwadori Ticar\u0259t Park\u0131, Shichijo Greenway)<\/li>\n<li><strong>T\u0259\u015fkilat\u00e7\u0131:<\/strong>Northern Blessings Food Marche \u0130craiyy\u0259 Komit\u0259si<\/li>\n<li><strong>Birg\u0259 t\u0259\u015fkilat\u00e7\u0131:<\/strong>Hokkaydo Shimbun Asahikawa filial\u0131<\/li>\n<\/ul>\n<h2>Yem\u0259k Y\u00fcr\u00fc\u015f\u00fc\/Station Mar\u015f\u0131 (Va\u011fzal Meydan\u0131)<\/h2>\n<p>Heiwadori Ticar\u0259t Park\u0131nda d\u00fcz\u00fclm\u00fc\u015f i\u015ftirak\u00e7\u0131 stendl\u0259r (foto Asahikawa Station platformas\u0131nda).<\/p>\n<figure class=\"wp-caption aligncenter\"><a href=\"https:\/\/photos.google.com\/share\/AF1QipPkS9p0GW8IFHEst3BhUoOcemwpnID2DKveq_HA1PpsisDntPZjU80nKUGsr3kSaw\/photo\/AF1QipM5hmTRQO01hr3j0PjX_UI2v-Ml1L5L2oaWlZA?key=c1RfeEZWRTVsU200OGFlVmZibGNZX2ZoWTBJSTJn\" target=\"_blank\" rel=\"noopener\"><img decoding=\"async\" src=\"https:\/\/lh3.googleusercontent.com\/pw\/AL9nZEVsgBiZOebwLRTJWqsV8qcB8hBNkxeeXqYEsJX2m0ys8tIHrGTqoCRgNYW3-DzBaGYAte4i9ZbeGNS6krwnt9FgOqM1Ai5p5h__Hs0taeaTsQi1bJDB5MjFplXuPrmLGMvyaoROvxu8TDftgz9ikTkP=w2000-h1500-no?authuser=0\" width=\"2000\" height=\"1500\" alt=\"Heiwadori Ticar\u0259t Park\u0131nda i\u015ftirak ed\u0259n stendl\u0259r d\u00fcz\u00fcl\u00fcb\" class=\"size-full\" \/><\/a><figcaption class=\"wp-caption-text\">Heiwadori Ticar\u0259t Park\u0131nda i\u015ftirak ed\u0259n stendl\u0259r d\u00fcz\u00fcl\u00fcb<\/figcaption><\/figure>\n<figure class=\"wp-caption aligncenter\"><a href=\"https:\/\/photos.google.com\/share\/AF1QipPkS9p0GW8IFHEst3BhUoOcemwpnID2DKveq_HA1PpsisDntPZjU80nKUGsr3kSaw\/photo\/AF1QipOZiqKiQdjfgCFW_jcyoSmgYk7vmmGeU76NDX4?key=c1RfeEZWRTVsU200OGFlVmZibGNZX2ZoWTBJSTJn\" target=\"_blank\" rel=\"noopener\"><img decoding=\"async\" src=\"https:\/\/lh3.googleusercontent.com\/pw\/AL9nZEVFFOqS40RvX4HZnEh38CxxwJR9qy62haE6fAx-92xw3xo1khldB20p_lFCYohPUV3haCftBWl7fei2289MGL_ILDcZ9-6WkNZq6xvMYTrxvsJthro4jcZzrkqrM-P1PBaTWUY-kp803vZb_gn-qZHm=w2000-h1500-no?authuser=0\" width=\"2000\" height=\"1500\" alt=\"\u0130\u015ftirak ed\u0259n kabin\u0259l\u0259r Asahikawa stansiyas\u0131n\u0131n qar\u015f\u0131s\u0131nda d\u00fcz\u00fcl\u00fcb\" class=\"size-full\" \/><\/a><figcaption class=\"wp-caption-text\">\u0130\u015ftirak ed\u0259n kabin\u0259l\u0259r Asahikawa stansiyas\u0131n\u0131n qar\u015f\u0131s\u0131nda d\u00fcz\u00fcl\u00fcb<\/figcaption><\/figure>\n<h2>Asahikawa Stansiyas\u0131nda ma\u011faza a\u00e7d\u0131<\/h2>\n<p>Hokuryu \u015f\u0259h\u0259rind\u0259n olan Kurosengoku Biznes Kooperativ Assosiasiyas\u0131 (S\u0259dr Takada Yukio) Asahikawa Stansiyas\u0131n\u0131n daxilind\u0259 m\u0259kanda t\u00f6vl\u0259 quracaq!<\/p>\n<p>Bizim stendimiz Asahikawa Stansiyas\u0131n\u0131n daxilind\u0259 c\u0259nub koridorunda 62-ci stendd\u0259 yerl\u0259\u015f\u0259c\u0259k.<\/p>\n<figure class=\"wp-caption aligncenter\"><a href=\"https:\/\/photos.google.com\/share\/AF1QipPkS9p0GW8IFHEst3BhUoOcemwpnID2DKveq_HA1PpsisDntPZjU80nKUGsr3kSaw\/photo\/AF1QipMCid0_R6NHC-xfN1Y8MtgWbpXsZoKjHGMLHJ8?key=c1RfeEZWRTVsU200OGFlVmZibGNZX2ZoWTBJSTJn\" target=\"_blank\" rel=\"noopener\"><img decoding=\"async\" src=\"https:\/\/lh3.googleusercontent.com\/pw\/AL9nZEUW09npdJSAb5ZB7m7D4voyEEGonVdT_L7TUqceYefFNRS0NbNhLvLMJfuYOQWrhr8wRFDKmq6zvyWq-mAKanWOH_riruw9el-h1oEsDYwWrSzw4VxDadVuHEsjA06NZV8iI9r-Myx0xMeWV1Doh5TK=w2000-h1500-no?authuser=0\" width=\"2000\" height=\"1500\" alt=\"Asahikawa Stansiyas\u0131n\u0131n B\u0259l\u0259d\u00e7isi X\u0259rit\u0259si\" class=\"size-full\" \/><\/a><figcaption class=\"wp-caption-text\">Asahikawa Stansiyas\u0131n\u0131n B\u0259l\u0259d\u00e7isi X\u0259rit\u0259si (1)<\/figcaption><\/figure>\n<figure class=\"wp-caption aligncenter\"><a href=\"https:\/\/photos.google.com\/share\/AF1QipPkS9p0GW8IFHEst3BhUoOcemwpnID2DKveq_HA1PpsisDntPZjU80nKUGsr3kSaw\/photo\/AF1QipPfYk4rvhjoDTn9zdnrPeu1ItXayDMZv8I-2cI?key=c1RfeEZWRTVsU200OGFlVmZibGNZX2ZoWTBJSTJn\" target=\"_blank\" rel=\"noopener\"><img decoding=\"async\" src=\"https:\/\/lh3.googleusercontent.com\/pw\/AL9nZEVepyiqSdHOWtpmu0OM4mwHDbPd_ptfCenv04kMUHCpEVbif_U4kaW0K_qFQIagCCOq2L6TOJ-aHNvPqGiY0cB4H6BfMnqtpUALh0rs9ktlVIh8-h9tZJBnV4Cr1sN51v9M57Y8_CtSZgaD2tpBi5_7=w2000-h1500-no?authuser=0\" width=\"2000\" height=\"1500\" alt=\"Asahikawa Stansiyas\u0131n\u0131n B\u0259l\u0259d\u00e7isi X\u0259rit\u0259si\" class=\"size-full\" \/><\/a><figcaption class=\"wp-caption-text\">Asahikawa Stansiyas\u0131n\u0131n B\u0259l\u0259d\u00e7isi X\u0259rit\u0259si (2)<\/figcaption><\/figure>\n<h2>Kurosengoku Biznes Kooperativ Birliyi<\/h2>\n<figure class=\"wp-caption aligncenter\"><a href=\"https:\/\/photos.google.com\/share\/AF1QipPkS9p0GW8IFHEst3BhUoOcemwpnID2DKveq_HA1PpsisDntPZjU80nKUGsr3kSaw\/photo\/AF1QipNHFCGFnKtE2lq9kpttQm1jndMtw3WBjWOUQbQ?key=c1RfeEZWRTVsU200OGFlVmZibGNZX2ZoWTBJSTJn\" target=\"_blank\" rel=\"noopener\"><img decoding=\"async\" src=\"https:\/\/lh3.googleusercontent.com\/pw\/AL9nZEU-t2n1DLS1VdocZg6eOCUS23GwjZxGqc_C3slA38J5fSJ41TEZdW2K8_wE6f-iYVqQe1Lsg_u7_SJ1FOpau1fC5oYbbJ63cUoUKbtzoS2WFZf5GWMW6T4dsi9YvJtifweN2scrnxRM19168IMFhgwV=w2000-h1500-no?authuser=0\" width=\"2000\" height=\"1500\" alt=\"Kurosengoku Biznes Kooperativ Assosiasiyas\u0131n\u0131n stendind\u0259\" class=\"size-full\" \/><\/a><figcaption class=\"wp-caption-text\">Kurosengoku Biznes Kooperativ Assosiasiyas\u0131n\u0131n stendind\u0259<\/figcaption><\/figure>\n<p>&quot;Bu, son \u00fc\u00e7 ild\u0259 ilk stansiya mar\u015f\u0131d\u0131r. Z\u0259hm\u0259t olmasa g\u0259lin v\u0259 \u00e7oxlu qidal\u0131 v\u0259 dadl\u0131 Kurosengokudan h\u0259zz al\u0131n. Sizi g\u00f6rm\u0259yi s\u0259birsizlikl\u0259 g\u00f6zl\u0259yirik&quot; dey\u0259 g\u00fcl\u00fcms\u0259y\u0259n s\u0259dr Takada Yukio bildirib.<\/p>\n<h3>M\u00fcxt\u0259lif Kurosengoku soya m\u0259hsullar\u0131<\/h3>\n<p>Stendd\u0259 Kurosengoku soya fasulyesi, Kurosengoku kinako (qovrulmu\u015f soya unu), Kurosengoku don, Kurosengoku lopalar\u0131, Kurosengoku soya \u0259ti, Kurosengoku \u00e7ay\u0131, Kurosengoku lobya d\u00fcy\u00fc d\u0259stl\u0259ri, Kurosengoku ya\u011f\u0131, g\u00fcn\u0259\u015f \u00e7i\u00e7\u0259yi v\u0259 sair daxil olmaqla geni\u015f \u00e7e\u015fidd\u0259 m\u0259hsullar t\u0259qdim olunacaq.<\/p>\n<figure class=\"wp-caption aligncenter\"><a href=\"https:\/\/photos.google.com\/share\/AF1QipPkS9p0GW8IFHEst3BhUoOcemwpnID2DKveq_HA1PpsisDntPZjU80nKUGsr3kSaw\/photo\/AF1QipNi89FSK07pfi5zpdxjAF1eeaB6osS6UHU9JF4?key=c1RfeEZWRTVsU200OGFlVmZibGNZX2ZoWTBJSTJn\" target=\"_blank\" rel=\"noopener\"><img decoding=\"async\" src=\"https:\/\/lh3.googleusercontent.com\/pw\/AL9nZEWOD44wsHI1NhfItmtGAfgST2ilDz__WgYyLowa-Loroev0xkUUPb5DNo6hamj2MUBnGBHL6YspBB5UDWsTeHEDF-CsvKBWjcF99bz6UxyYOWyiHg6brT1a3yjlmgR9zMmc4pi7MlBALOyIwDW9zDyy=w2000-h1500-no?authuser=0\" width=\"2000\" height=\"1500\" alt=\"Kurosengoku soyas\u0131n\u0131n m\u00fcxt\u0259lif n\u00f6vl\u0259ri\" class=\"size-full\" \/><\/a><figcaption class=\"wp-caption-text\">Kurosengoku soyas\u0131n\u0131n m\u00fcxt\u0259lif n\u00f6vl\u0259ri<\/figcaption><\/figure>\n<h3>G\u00fcn\u0259baxan ya\u011f\u0131, sar\u011f\u0131 v\u0259 s.<\/h3>\n<figure class=\"wp-caption aligncenter\"><a href=\"https:\/\/photos.google.com\/share\/AF1QipPkS9p0GW8IFHEst3BhUoOcemwpnID2DKveq_HA1PpsisDntPZjU80nKUGsr3kSaw\/photo\/AF1QipPY2EzSHCSd0REflz9VE8rb_lK3bhCB0f2gDDs?key=c1RfeEZWRTVsU200OGFlVmZibGNZX2ZoWTBJSTJn\" target=\"_blank\" rel=\"noopener\"><img decoding=\"async\" src=\"https:\/\/lh3.googleusercontent.com\/pw\/AL9nZEVkLOPKgN_uf1_L7LzqRGTTaUQ4laaS9wbX-MkyoafczGSjY9y4_T6rnv4YWG3QKQuajxP4WSPqb3n6JtoNCJf2wUNga_i7FJXnhNGP9kkdtItAlmDRq285g4QtXbCmgdci22GsHPCl0VfIEqSQm2Fx=w2000-h1500-no?authuser=0\" width=\"2000\" height=\"1500\" alt=\"G\u00fcn\u0259baxan ya\u011f\u0131, sar\u011f\u0131 v\u0259 s.\" class=\"size-full\" \/><\/a><figcaption class=\"wp-caption-text\">G\u00fcn\u0259baxan ya\u011f\u0131, sar\u011f\u0131 v\u0259 s.<\/figcaption><\/figure>\n<h3>Kurosengoku soya \u0259ti<\/h3>\n<p>Kurosengoku soya \u0259ti (Kurosenqoku soya paxlas\u0131n\u0131n ya\u011f\u0131n\u0131 s\u0131xaraq, sonra q\u0131zd\u0131rmaq, t\u0259zyiq alt\u0131nda saxlamaq v\u0259 y\u00fcks\u0259k temperaturda qurutmaqla haz\u0131rlan\u0131r). Burada evd\u0259 haz\u0131rlanm\u0131\u015f \u0259trafl\u0131 t\u0259limatlar, h\u0259m\u00e7inin Kurosengoku soyas\u0131n\u0131n nec\u0259 haz\u0131rlanaca\u011f\u0131 v\u0259 orijinal reseptl\u0259r haqq\u0131nda m\u0259lumatlar\u0131n yer ald\u0131\u011f\u0131 plakatlar n\u00fcmayi\u015f etdirilir.<\/p>\n<figure class=\"wp-caption aligncenter\"><a href=\"https:\/\/photos.google.com\/share\/AF1QipPkS9p0GW8IFHEst3BhUoOcemwpnID2DKveq_HA1PpsisDntPZjU80nKUGsr3kSaw\/photo\/AF1QipOpigJvDM1Wa7M6DzzfVGLEO_HxpaeYQJGuZtM?key=c1RfeEZWRTVsU200OGFlVmZibGNZX2ZoWTBJSTJn\" target=\"_blank\" rel=\"noopener\"><img decoding=\"async\" src=\"https:\/\/lh3.googleusercontent.com\/pw\/AL9nZEVlSBTSHoAEJONYH06oY8E15bW7lHoSTWigtdXm6-MoYSGddY8lvtrGLM8fkrKWgLD7m_fAx7AO0oVrMSz0iSnmXg4Mib97P-O4V119ej2--OqaIaB50QFbC3d5DCEPznwjn4MalKPGZlcJcF6Y94cX=w2000-h1500-no?authuser=0\" width=\"2000\" height=\"1500\" alt=\"Kurosengoku soya \u0259ti (Kurosenqoku soya paxlas\u0131ndan \u00e7\u0131xar\u0131lan ya\u011f, q\u0131zd\u0131r\u0131l\u0131r v\u0259 t\u0259zyiq alt\u0131nda saxlan\u0131l\u0131r, sonra y\u00fcks\u0259k temperaturda qurudulur)\" class=\"size-full\" \/><\/a><figcaption class=\"wp-caption-text\">Kurosengoku soya \u0259ti (Kurosenqoku soya paxlas\u0131ndan \u00e7\u0131xar\u0131lan ya\u011f, q\u0131zd\u0131r\u0131l\u0131r v\u0259 t\u0259zyiq alt\u0131nda saxlan\u0131l\u0131r, sonra y\u00fcks\u0259k temperaturda qurudulur)<\/figcaption><\/figure>\n<h4>Kurosengoku soya \u0259ti resepti (haz\u0131rlanma v\u0259 bi\u015firm\u0259 n\u00fcmun\u0259si)<\/h4>\n<figure class=\"wp-caption aligncenter\"><a href=\"https:\/\/photos.google.com\/share\/AF1QipPkS9p0GW8IFHEst3BhUoOcemwpnID2DKveq_HA1PpsisDntPZjU80nKUGsr3kSaw\/photo\/AF1QipOHDTyGhgemC_qSI-EOgL9PbzRUETL0NpEbNT8?key=c1RfeEZWRTVsU200OGFlVmZibGNZX2ZoWTBJSTJn\" target=\"_blank\" rel=\"noopener\"><img decoding=\"async\" src=\"https:\/\/lh3.googleusercontent.com\/pw\/AL9nZEXwAZSXXR91PBokm0bbDzWa9bVpJdD3nbB4e9RD1lpRuzwOb63kczHe9s_u6lPDiEfNU8C4mMQ3Et8Fr8vJP8uyYSvAZuiaDxkrURuBKy9_qkOiINTkbxlYeJ_gAX4yO269vrAYA1DydkkoMBjxV1yH=w2000-h1500-no?authuser=0\" width=\"2000\" height=\"1500\" alt=\"Kurosengoku soya \u0259tinin haz\u0131rlanmas\u0131 v\u0259 bi\u015firilm\u0259si n\u00fcmun\u0259l\u0259ri\" class=\"size-full\" \/><\/a><figcaption class=\"wp-caption-text\">Kurosengoku soya \u0259tinin haz\u0131rlanmas\u0131 v\u0259 bi\u015firilm\u0259si n\u00fcmun\u0259l\u0259ri<\/figcaption><\/figure>\n<h3>G\u00fcn\u0259baxan ya\u011f\u0131 sar\u011f\u0131, g\u00fcn\u0259baxan ya\u011f\u0131 il\u0259 Kurosengoku soya<\/h3>\n<p>Kurosengoku soya g\u00fcn\u0259baxan ya\u011f\u0131 sar\u011f\u0131, ilk presl\u0259nmi\u015f g\u00fcn\u0259baxan ya\u011f\u0131 v\u0259 Sansan g\u00fcn\u0259baxan ya\u011f\u0131n\u0131n x\u00fcsusiyy\u0259tl\u0259ri, istifad\u0259si v\u0259 nec\u0259 yeyilm\u0259si!<\/p>\n<figure class=\"wp-caption aligncenter\"><a href=\"https:\/\/photos.google.com\/share\/AF1QipPkS9p0GW8IFHEst3BhUoOcemwpnID2DKveq_HA1PpsisDntPZjU80nKUGsr3kSaw\/photo\/AF1QipOAWcZyARf9wJTCCqyDE8BOVvGYivkc3oRntb4?key=c1RfeEZWRTVsU200OGFlVmZibGNZX2ZoWTBJSTJn\" target=\"_blank\" rel=\"noopener\"><img decoding=\"async\" src=\"https:\/\/lh3.googleusercontent.com\/pw\/AL9nZEXZ6s3s-lOg22a2ezi-Uad3eZ4KuYXkxgUHl-TBgGaT5--XHRgTuPdJcbXDn2DT48huWGK8C0UBGmXCm6qyxYU6ggxzQxtMeGHvvX9hGk15Jj6CjxA9tMEVTQZKapk28hKXtyzb9kMzEYtb0sddqlMR=w2000-h1500-no?authuser=0\" width=\"2000\" height=\"1500\" alt=\"M\u00fcxt\u0259lif g\u00fcn\u0259baxan ya\u011flar\u0131\" class=\"size-full\" \/><\/a><figcaption class=\"wp-caption-text\">M\u00fcxt\u0259lif g\u00fcn\u0259baxan ya\u011flar\u0131<\/figcaption><\/figure>\n<h2>Kita Sorachi Shinkin Bank\u0131n kollektivi il\u0259<\/h2>\n<figure class=\"wp-caption aligncenter\"><a href=\"https:\/\/photos.google.com\/share\/AF1QipPkS9p0GW8IFHEst3BhUoOcemwpnID2DKveq_HA1PpsisDntPZjU80nKUGsr3kSaw\/photo\/AF1QipOqShpvfEq3JIeAB8j9GtG_H5kJAqz35UtUuhU?key=c1RfeEZWRTVsU200OGFlVmZibGNZX2ZoWTBJSTJn\" target=\"_blank\" rel=\"noopener\"><img decoding=\"async\" src=\"https:\/\/lh3.googleusercontent.com\/pw\/AL9nZEVE-qLKJHABFxrTZKZD1O7yJ9aN9C8Q27xREfwkADxFOTfZ82tuGpB9kMlBgXj_XNWYqrZyjuc19ysw7luua11x2CeH1Er_9e-HmpnazhqwcMov8MPGX_CMoWxidqdi8CV7p9dsw7FvqSv-O5xhwVoT=w2000-h1500-no?authuser=0\" width=\"2000\" height=\"1500\" alt=\"Kita Sorachi Shinkin Bank\u0131n kollektivi il\u0259\" class=\"size-full\" \/><\/a><figcaption class=\"wp-caption-text\">Kita Sorachi Shinkin Bank\u0131n kollektivi il\u0259<\/figcaption><\/figure>\n<p>S\u0259dr Takada v\u0259 dig\u0259r i\u015f\u00e7il\u0259r \u00fczl\u0259rind\u0259 t\u0259b\u0259ss\u00fcml\u0259 dayand\u0131lar!<br \/>\nQidal\u0131 v\u0259 dadl\u0131 Kurosengoku soya il\u0259 bu g\u00f6z\u0259l g\u00f6r\u00fc\u015f\u0259 g\u00f6r\u0259 \u00e7ox minn\u0259tdaram!!!<\/p>\n<h2>S\u0259dr Yukio Takada m\u00fc\u015ft\u0259ril\u0259r\u0259 Kurosengoku soyas\u0131n\u0131n c\u0259lbediciliyi haqq\u0131nda dan\u0131\u015f\u0131r<\/h2>\n<figure class=\"wp-caption aligncenter\"><a href=\"https:\/\/photos.google.com\/share\/AF1QipPkS9p0GW8IFHEst3BhUoOcemwpnID2DKveq_HA1PpsisDntPZjU80nKUGsr3kSaw\/photo\/AF1QipNj1dDiuviWsaFrY2sNr3RadapS1klTE2RlbNU?key=c1RfeEZWRTVsU200OGFlVmZibGNZX2ZoWTBJSTJn\" target=\"_blank\" rel=\"noopener\"><img decoding=\"async\" src=\"https:\/\/lh3.googleusercontent.com\/pw\/AL9nZEWwahEKnjdI3x2dFW1WlkSx4-CTEUT3_WOrLbYJNfKpfX4_A4fEhEpTyHermKuHNyz3iPi7gi_r5wgDsMt_salHhxtCdGUySlMik3LxaVNwL3pRg5Ge-HIBea7d_NS2SF3V1QlnoGeHxn3t-gnqJeJV=w2000-h1500-no?authuser=0\" width=\"2000\" height=\"1500\" alt=\"S\u0259dr Takada Kurosengoku soyas\u0131n\u0131n m\u00fcraci\u0259tini izah edir\" class=\"size-full\" \/><\/a><figcaption class=\"wp-caption-text\">S\u0259dr Takada Kurosengoku soyas\u0131n\u0131n m\u00fcraci\u0259tini izah edir<\/figcaption><\/figure>\n<h3>M\u0259ni Kurosengoku stendin\u0259 c\u0259lb etdim...<\/h3>\n<figure class=\"wp-caption aligncenter\"><a href=\"https:\/\/photos.google.com\/share\/AF1QipPkS9p0GW8IFHEst3BhUoOcemwpnID2DKveq_HA1PpsisDntPZjU80nKUGsr3kSaw\/photo\/AF1QipNPEQnB3EJXaJebtgXqhK-IC302U-d8-pFp358?key=c1RfeEZWRTVsU200OGFlVmZibGNZX2ZoWTBJSTJn\" target=\"_blank\" rel=\"noopener\"><img decoding=\"async\" src=\"https:\/\/lh3.googleusercontent.com\/pw\/AL9nZEWm1DSRJMlA_KiylTQr2dpCfQcF0S2Ry4G2vt7IQWSBqIPahF48o5PO27frQFoDVWrwbrNLexwDVKRIFBwPRHiII9la0s8EiPxOovwF73dlGbU-t4u91lvVLKcYSWGee4GVYUxaA-U3VnCIkHjE6tqW=w2000-h1500-no?authuser=0\" width=\"2000\" height=\"1500\" alt=\"M\u0259ni Kurosengoku stendin\u0259 c\u0259lb etdim...\" class=\"size-full\" \/><\/a><figcaption class=\"wp-caption-text\">M\u0259ni Kurosengoku stendin\u0259 c\u0259lb etdim...<\/figcaption><\/figure>\n<h2>Va\u011fzal bazar\u0131nda b\u00f6y\u00fck izdiham toplan\u0131r<\/h2>\n<figure class=\"wp-caption aligncenter\"><a href=\"https:\/\/photos.google.com\/share\/AF1QipPkS9p0GW8IFHEst3BhUoOcemwpnID2DKveq_HA1PpsisDntPZjU80nKUGsr3kSaw\/photo\/AF1QipM4qAnXaGdqg72AAtUv6VCjY4DeGYeEVawE2HM?key=c1RfeEZWRTVsU200OGFlVmZibGNZX2ZoWTBJSTJn\" target=\"_blank\" rel=\"noopener\"><img decoding=\"async\" src=\"https:\/\/lh3.googleusercontent.com\/pw\/AL9nZEWpDQx16L8FfxEUkuYpG3gso3rqRIvIVrNn5NBzKZljGOb-IeaNyDdIH9V_wXfhK-ggTie5pGLfGgjDmUIjphdQJrz5aJvFrgmqfk9_62qWkkQ-fb8oHT7HN7AWPraiSxaf3BKMCnRGH4oNDUDLqCaE=w2000-h1500-no?authuser=0\" width=\"2000\" height=\"1500\" alt=\"Va\u011fzal bazar\u0131nda b\u00f6y\u00fck izdiham toplan\u0131r\" class=\"size-full\" \/><\/a><figcaption class=\"wp-caption-text\">Va\u011fzal bazar\u0131nda b\u00f6y\u00fck izdiham toplan\u0131r<\/figcaption><\/figure>\n<p>Sonsuz sevgi, minn\u0259tdarl\u0131q v\u0259 dualarla siz\u0259 yerli yem\u0259kl\u0259rin cazib\u0259sini k\u0259\u015ff etm\u0259y\u0259, yeni yem\u0259kl\u0259rl\u0259 qar\u015f\u0131la\u015fma\u011fa v\u0259 istehsal\u00e7\u0131lar\u0131n h\u0259v\u0259si il\u0259 \u0259laq\u0259 saxlama\u011fa imkan ver\u0259c\u0259k yem\u0259k festival\u0131 olan &quot;\u015eimal Blessings Food Marche 2022&quot; arzulay\u0131r\u0131q.<\/p>\n<figure class=\"wp-caption aligncenter\"><a href=\"https:\/\/photos.google.com\/share\/AF1QipPkS9p0GW8IFHEst3BhUoOcemwpnID2DKveq_HA1PpsisDntPZjU80nKUGsr3kSaw\/photo\/AF1QipOBBK1OzRfylNTNDd4YFiszZHnLfXVBW0xEjBw?key=c1RfeEZWRTVsU200OGFlVmZibGNZX2ZoWTBJSTJn\" target=\"_blank\" rel=\"noopener\"><img decoding=\"async\" src=\"https:\/\/lh3.googleusercontent.com\/pw\/AL9nZEXAa-iBSoTZkZtghcfpbsD0COEthTevEK-ao2myblVGyuqe6u5UYRn73pKr3jd7xo-j7FpWEshMcWPZsxQSYMiZ1nHb_l_CXIgufleTEDS68gzIx0Ml4-gQfTdbMvZX4JhqIJ3Z3fvakIeIaIwrmBtJ=w2000-h1500-no?authuser=0\" width=\"2000\" height=\"1500\" alt=\"&quot;Tabe Marche 2022&quot; yem\u0259k festival\u0131na \u00fcr\u0259kd\u0259n t\u0259\u015f\u0259kk\u00fcrl\u0259...\" class=\"size-full\" \/><\/a><figcaption class=\"wp-caption-text\">&quot;Tabe Marche 2022&quot; yem\u0259k festival\u0131na \u00fcr\u0259kd\u0259n t\u0259\u015f\u0259kk\u00fcrl\u0259...<\/figcaption><\/figure>\n<h2>Youtube videolar\u0131<\/h2>\n<div class=\"youtube\"><iframe title=\"Kurosengoku Biznes Kooperativ Assosiasiyas\u0131, Northern Blessings Food Marche Station Marche 2022-d\u0259 t\u00f6vl\u0259 a\u00e7acaq\" src=\"https:\/\/www.youtube.com\/embed\/QA5CoCUvCr4?feature=oembed\" frameborder=\"0\" allow=\"accelerometer; autoplay; clipboard-write; encrypted-media; gyroscope; picture-in-picture\" allowfullscreen><\/iframe><\/div>\n<h2>Dig\u0259r foto\u015f\u0259kill\u0259r<\/h2>\n<div class=\"img-move\">\n<img decoding=\"async\" src=\"https:\/\/ehokkaido.net\/wp-content\/uploads\/2021\/12\/2021-12-06-11.41.12.png\" style=\"vertical-align:middle;\"> <a href=\"https:\/\/photos.google.com\/share\/AF1QipPkS9p0GW8IFHEst3BhUoOcemwpnID2DKveq_HA1PpsisDntPZjU80nKUGsr3kSaw?key=c1RfeEZWRTVsU200OGFlVmZibGNZX2ZoWTBJSTJn\" target=\"_blank\" rel=\"noopener noreferrer\">Kurosengoku Biznes Kooperativ Assosiasiyas\u0131n\u0131n Northern Blessings Food Marche 2022\/Eki Marche (Asahikawa \u015f\u0259h\u0259ri) d\u00fckan\u0131n\u0131n foto\u015f\u0259kill\u0259ri (32 \u015f\u0259kil) buradad\u0131r &gt;&gt;<\/a><\/div>\n<h2>\u018flaq\u0259dar m\u0259qal\u0259l\u0259r<\/h2>\n<p><center><iframe src=\"https:\/\/www.facebook.com\/plugins\/post.php?href=https%3A%2F%2Fwww.facebook.com%2Fhokuryunow%2Fposts%2Fpfbid0LeJCwbMaW9DDQs3t1KUe6S9bpg5fAwWEwkUYtErCrDFaVM35e1F5Ft2TZrZDV6Cil&#038;show_text=true&#038;width=500\" width=\"500\" height=\"729\" style=\"border:none;overflow:hidden\" scrolling=\"no\" frameborder=\"0\" allowfullscreen=\"true\" allow=\"autoplay; clipboard-write; encrypted-media; picture-in-picture; web-share\"><\/iframe><\/center><\/p>\n\n        <div class=\"site-blogcard-premium\">\n            <div class=\"bc-label-custom\">\u018flaq\u0259dar m\u0259qal\u0259l\u0259r<\/div>\n            <div class=\"bc-flex-container\">\n                <div class=\"bc-main-text\">\n                    <div class=\"bc-title-link-box\">\n                        <a href=\"https:\/\/portal.hokuryu.info\/az\/topics\/agri\/20140916.html\/\" target=\"_blank\">Kurosengoku Biznes Kooperativ Assosiasiyas\u0131 Eki Marche 2014 (Asahikawa \u015f\u0259h\u0259ri) - Hokuryu Town Portal (Hokkaydo) Yaponiyan\u0131n 1 n\u00f6mr\u0259li G\u00fcn\u0259baxan k\u0259ndind\u0259 d\u00fckan a\u00e7acaq.<\/a>\n                    <\/div>\n                    <div class=\"bc-excerpt-box\">Siz\u0259 2100 \u0259halisi v\u0259 40% ya\u015flanma nisb\u0259ti olan canl\u0131 bir \u015f\u0259h\u0259rin &quot;indiki&quot;ni t\u0259qdim edirik. G\u00fcn\u0259baxanlar kimi, ail\u0259l\u0259r d\u0259 harmoniya i\u00e7ind\u0259 ya\u015fay\u0131rlar...<\/div>\n                <\/div>\n                <div class=\"bc-thumbnail-box\">\n                    <a href=\"https:\/\/portal.hokuryu.info\/az\/topics\/agri\/20140916.html\/\" target=\"_blank\">\n                        <div class=\"bc-img-zoom-wrap\">\n                            <img decoding=\"async\" src=\"https:\/\/lh4.googleusercontent.com\/-NDHJkDLr5qk\/VBVvG_8TTwI\/AAAAAAABc4E\/Jgf4XsDD4lc\/w1306-h865-no\/K5%2B63139\" alt=\"Kurosengoku Biznes Kooperativ Assosiasiyas\u0131 Eki Marche 2014 (Asahikawa \u015f\u0259h\u0259ri) - Hokuryu Town Portal (Hokkaydo) Yaponiyan\u0131n 1 n\u00f6mr\u0259li G\u00fcn\u0259baxan k\u0259ndind\u0259 d\u00fckan a\u00e7acaq.\">\n                        <\/div>\n                    <\/a>\n                <\/div>\n            <\/div>\n        <\/div>\n<p>\u25c7 \u00c7\u0259kili\u015f v\u0259 montaj: Noboru Terauchi M\u00fcsahib\u0259 v\u0259 m\u0259tn: \u0130kuko Terau\u00e7i<\/p>","protected":false},"excerpt":{"rendered":"<p>\uff12\uff10\uff12\uff12\u5e74\uff19\u6708\uff12\uff10\u65e5\uff08\u706b\uff09 \u65ed\u5ddd\u5e02\u3067\u958b\u50ac\u3055\u308c\u308b\u79cb\u306e\u30b0\u30eb\u30e1\u30d5\u30a7\u30b9\u30c6\u30a3\u30d0\u30eb\u300c\u5317\u306e\u6075\u307f \u98df\u3079\u30de\u30eb\u30b7\u30a7 2022\u300d\u3002 \u958b\u50ac\uff11\uff11\u5e74\u76ee\u3068\u306a\u308b\u4eca\u5e74\u306f\u3001\uff19\u6708\uff11\uff17\u65e5\uff08\u571f\uff09\u301c\uff19\u6708\uff11\uff19\u65e5\uff08\u6708\u30fb\u795d\uff09\u306e\uff13\u65e5\u9593\u3001\uff13\u5e74\u3076\u308a\u306e\u958b\u50ac\u3068 [&hellip;]<\/p>\n","protected":false},"author":1,"featured_media":24054,"comment_status":"open","ping_status":"open","sticky":false,"template":"","format":"standard","meta":{"footnotes":""},"categories":[4,9],"tags":[],"class_list":["post-24052","post","type-post","status-publish","format-standard","has-post-thumbnail","hentry","category-cover-story","category-kurosengoku"],"_links":{"self":[{"href":"https:\/\/portal.hokuryu.info\/az\/wp-json\/wp\/v2\/posts\/24052","targetHints":{"allow":["GET"]}}],"collection":[{"href":"https:\/\/portal.hokuryu.info\/az\/wp-json\/wp\/v2\/posts"}],"about":[{"href":"https:\/\/portal.hokuryu.info\/az\/wp-json\/wp\/v2\/types\/post"}],"author":[{"embeddable":true,"href":"https:\/\/portal.hokuryu.info\/az\/wp-json\/wp\/v2\/users\/1"}],"replies":[{"embeddable":true,"href":"https:\/\/portal.hokuryu.info\/az\/wp-json\/wp\/v2\/comments?post=24052"}],"version-history":[{"count":0,"href":"https:\/\/portal.hokuryu.info\/az\/wp-json\/wp\/v2\/posts\/24052\/revisions"}],"wp:featuredmedia":[{"embeddable":true,"href":"https:\/\/portal.hokuryu.info\/az\/wp-json\/wp\/v2\/media\/24054"}],"wp:attachment":[{"href":"https:\/\/portal.hokuryu.info\/az\/wp-json\/wp\/v2\/media?parent=24052"}],"wp:term":[{"taxonomy":"category","embeddable":true,"href":"https:\/\/portal.hokuryu.info\/az\/wp-json\/wp\/v2\/categories?post=24052"},{"taxonomy":"post_tag","embeddable":true,"href":"https:\/\/portal.hokuryu.info\/az\/wp-json\/wp\/v2\/tags?post=24052"}],"curies":[{"name":"wp","href":"https:\/\/api.w.org\/{rel}","templated":true}]}}