{"id":23459,"date":"2022-09-05T06:38:06","date_gmt":"2022-09-04T21:38:06","guid":{"rendered":"https:\/\/portal.hokuryu.info\/?p=23459"},"modified":"2022-09-05T05:11:04","modified_gmt":"2022-09-04T20:11:04","slug":"hokuryu-s%c9%99h%c9%99rinin-meri-yutaka-sano-f%c9%99aliyy%c9%99t-hesabati-s%c9%99nb%c9%99-3-sentyabr-hokuryu-s%c9%99h%c9%99rinin-acilisi","status":"publish","type":"post","link":"https:\/\/portal.hokuryu.info\/az\/23459\/","title":{"rendered":"Hokuryu \u015f\u0259h\u0259rinin meri Yutaka Sanonun f\u0259aliyy\u0259t hesabat\u0131 - \u015e\u0259nb\u0259, 3 sentyabr, Hokuryu \u015f\u0259h\u0259rinin 130-cu ild\u00f6n\u00fcm\u00fc anma m\u0259rasimi"},"content":{"rendered":"<p>Bazar ert\u0259si, 5 sentyabr 2022<\/p>\n<p><strong>Hokuryu q\u0259s\u0259b\u0259sinin 130 illik yubileyi an\u0131m m\u0259rasimi<\/strong><\/p>\n<p>\u2723 Hokuryu q\u0259s\u0259b\u0259si 1893-c\u00fc ild\u0259 \u00c7iba prefekturas\u0131n\u0131n Motono k\u0259ndind\u0259n bir qrup k\u00f6\u00e7k\u00fcn \u015f\u0259h\u0259r\u0259 ilk d\u0259f\u0259 g\u0259ldiyind\u0259n b\u0259ri inki\u015faf\u0131n\u0131n 130-cu ild\u00f6n\u00fcm\u00fcn\u00fc qeyd edir.<\/p>\n<p><center><iframe src=\"https:\/\/www.facebook.com\/plugins\/post.php?href=https%3A%2F%2Fwww.facebook.com%2Fpermalink.php%3Fstory_fbid%3Dpfbid02tyXzLurd9p6KpjmE8F1wxryR6LhFFQbNYQjzn4a8C2UgodWnJmzY7NnafyKjNT8vl%26id%3D1127218337322777&#038;show_text=true&#038;width=650\" width=\"650\" height=\"930\" style=\"border:none;overflow:hidden\" scrolling=\"no\" frameborder=\"0\" allowfullscreen=\"true\" allow=\"autoplay; clipboard-write; encrypted-media; picture-in-picture; web-share\"><\/iframe><\/center><\/p>","protected":false},"excerpt":{"rendered":"<p>Bazar ert\u0259si, 5 sentyabr 2022-ci il, Hokuryu \u015e\u0259h\u0259rinin 130-cu Yubiley Anma M\u0259rasimi \u2723 Hokuryu q\u0259s\u0259b\u0259si 1893-c\u00fc ild\u0259 \u00c7iba prefekturas\u0131n\u0131n Motono k\u0259ndind\u0259n bir qrup m\u0259skunla\u015fman\u0131n inki\u015faf\u0131n\u0131n ba\u015flad\u0131\u011f\u0131 130-cu ild\u00f6n\u00fcm\u00fcn\u00fc qeyd edir.<\/p>","protected":false},"author":1,"featured_media":23427,"comment_status":"open","ping_status":"open","sticky":false,"template":"","format":"standard","meta":{"footnotes":""},"categories":[5],"tags":[],"class_list":["post-23459","post","type-post","status-publish","format-standard","has-post-thumbnail","hentry","category-sano-yutaka-formermayor"],"_links":{"self":[{"href":"https:\/\/portal.hokuryu.info\/az\/wp-json\/wp\/v2\/posts\/23459","targetHints":{"allow":["GET"]}}],"collection":[{"href":"https:\/\/portal.hokuryu.info\/az\/wp-json\/wp\/v2\/posts"}],"about":[{"href":"https:\/\/portal.hokuryu.info\/az\/wp-json\/wp\/v2\/types\/post"}],"author":[{"embeddable":true,"href":"https:\/\/portal.hokuryu.info\/az\/wp-json\/wp\/v2\/users\/1"}],"replies":[{"embeddable":true,"href":"https:\/\/portal.hokuryu.info\/az\/wp-json\/wp\/v2\/comments?post=23459"}],"version-history":[{"count":0,"href":"https:\/\/portal.hokuryu.info\/az\/wp-json\/wp\/v2\/posts\/23459\/revisions"}],"wp:featuredmedia":[{"embeddable":true,"href":"https:\/\/portal.hokuryu.info\/az\/wp-json\/wp\/v2\/media\/23427"}],"wp:attachment":[{"href":"https:\/\/portal.hokuryu.info\/az\/wp-json\/wp\/v2\/media?parent=23459"}],"wp:term":[{"taxonomy":"category","embeddable":true,"href":"https:\/\/portal.hokuryu.info\/az\/wp-json\/wp\/v2\/categories?post=23459"},{"taxonomy":"post_tag","embeddable":true,"href":"https:\/\/portal.hokuryu.info\/az\/wp-json\/wp\/v2\/tags?post=23459"}],"curies":[{"name":"wp","href":"https:\/\/api.w.org\/{rel}","templated":true}]}}