{"id":21251,"date":"2022-07-25T09:34:00","date_gmt":"2022-07-25T00:34:00","guid":{"rendered":"https:\/\/portal.hokuryu.info\/?p=21251"},"modified":"2022-07-24T11:43:29","modified_gmt":"2022-07-24T02:43:29","slug":"hokuryu-s%c9%99h%c9%99rinin-meri-yutaka-sano-f%c9%99aliyy%c9%99t-hesabati-22-iyul-cum%c9%99-soraci-bolg%c9%99si","status":"publish","type":"post","link":"https:\/\/portal.hokuryu.info\/az\/21251\/","title":{"rendered":"Hokuryu \u015f\u0259h\u0259rinin meri, Yutaka Sano, F\u0259aliyy\u0259t Hesabat\u0131, 22 \u0130yul (C\u00fcm\u0259) Sorachi Regional Kompleks \u0130nki\u015faf\u0131 T\u0259\u015fviq Komit\u0259si, 2023-c\u00fc FY B\u00fcdc\u0259si &quot;Sapporo \u00fc\u00e7\u00fcn sor\u011fu&quot;"},"content":{"rendered":"<p>Bazar ert\u0259si, 25 iyul 2022-ci il<\/p>\n<p>\u2726 Sorachi Regional Kompleks \u0130nki\u015faf\u0131n T\u0259\u015fviqi Komit\u0259si 2023-c\u00fc FY B\u00fcdc\u0259si &quot;Sapporo Sor\u011fusu&quot;<\/p>\n<p>10:00 Hokkaydo qubernatoruna sor\u011fu (Vitse Qubernator Tsuchiya)<br \/>\n11:00 Sora\u00e7id\u0259n se\u00e7ilmi\u015f Hokkaydo Prefektural Assambleyas\u0131 \u00fczvl\u0259rinin t\u0259l\u0259bi<br \/>\n13:00 Hokkaydo H\u0259rt\u0259r\u0259fli Siyas\u0259t Departamentind\u0259n sor\u011fu (direktor m\u00fcavini, Yakubukuro)<br \/>\n13:35 Hokkaydo \u00dcmumi \u0130\u015fl\u0259r Departamentind\u0259n sor\u011fu (M\u0259suda, direktor m\u00fcavini)<br \/>\n14:15 Hokkaydo T\u0259hsil \u015euras\u0131n\u0131n sor\u011fusu (direktor \u0130keno)<\/p>\n<p><center><iframe src=\"https:\/\/www.facebook.com\/plugins\/post.php?href=https%3A%2F%2Fwww.facebook.com%2Fpermalink.php%3Fstory_fbid%3Dpfbid02RJn3cBTkdnHV11dxud73arAPqLtaTX2eLd8vhFNPka3MkPvzKP4Vb7GaCTupeFtcl%26id%3D1127218337322777&#038;show_text=true&#038;width=650\" width=\"650\" height=\"905\" style=\"border:none;overflow:hidden\" scrolling=\"no\" frameborder=\"0\" allowfullscreen=\"true\" allow=\"autoplay; clipboard-write; encrypted-media; picture-in-picture; web-share\"><\/iframe><\/center><\/p>","protected":false},"excerpt":{"rendered":"<p>\uff12\uff10\uff12\uff12\u5e74\uff17\u6708\uff12\uff15\u65e5\uff08\u6708\uff09 \u2726 \u7a7a\u77e5\u5730\u65b9\u7dcf\u5408\u958b\u767a\u671f\u6210\u4f1a\u4ee4\u548c\uff15\u5e74\u5ea6\u4e88\u7b97\u300c\u672d\u5e4c\u8981\u671b\u300d 10\uff1a00\u3000\u5317\u6d77\u9053\u77e5\u4e8b\u8981\u671b\uff08\u571f\u5c4b\u526f\u77e5\u4e8b\uff09 11\uff1a00\u3000\u7a7a\u77e5\u9078\u51fa\u5317\u6d77\u9053\u8b70\u4f1a\u8b70\u54e1\u8981\u671b 13\uff1a00\u3000\u5317\u6d77\u9053\u7dcf\u5408\u653f\u7b56\u90e8\u8981\u671b\uff08\u85ac [&hellip;]<\/p>\n","protected":false},"author":1,"featured_media":21252,"comment_status":"open","ping_status":"open","sticky":false,"template":"","format":"standard","meta":{"footnotes":""},"categories":[5],"tags":[],"class_list":["post-21251","post","type-post","status-publish","format-standard","has-post-thumbnail","hentry","category-sano-yutaka-formermayor"],"_links":{"self":[{"href":"https:\/\/portal.hokuryu.info\/az\/wp-json\/wp\/v2\/posts\/21251","targetHints":{"allow":["GET"]}}],"collection":[{"href":"https:\/\/portal.hokuryu.info\/az\/wp-json\/wp\/v2\/posts"}],"about":[{"href":"https:\/\/portal.hokuryu.info\/az\/wp-json\/wp\/v2\/types\/post"}],"author":[{"embeddable":true,"href":"https:\/\/portal.hokuryu.info\/az\/wp-json\/wp\/v2\/users\/1"}],"replies":[{"embeddable":true,"href":"https:\/\/portal.hokuryu.info\/az\/wp-json\/wp\/v2\/comments?post=21251"}],"version-history":[{"count":0,"href":"https:\/\/portal.hokuryu.info\/az\/wp-json\/wp\/v2\/posts\/21251\/revisions"}],"wp:featuredmedia":[{"embeddable":true,"href":"https:\/\/portal.hokuryu.info\/az\/wp-json\/wp\/v2\/media\/21252"}],"wp:attachment":[{"href":"https:\/\/portal.hokuryu.info\/az\/wp-json\/wp\/v2\/media?parent=21251"}],"wp:term":[{"taxonomy":"category","embeddable":true,"href":"https:\/\/portal.hokuryu.info\/az\/wp-json\/wp\/v2\/categories?post=21251"},{"taxonomy":"post_tag","embeddable":true,"href":"https:\/\/portal.hokuryu.info\/az\/wp-json\/wp\/v2\/tags?post=21251"}],"curies":[{"name":"wp","href":"https:\/\/api.w.org\/{rel}","templated":true}]}}