{"id":16003,"date":"2022-01-24T06:47:07","date_gmt":"2022-01-23T21:47:07","guid":{"rendered":"https:\/\/portal.hokuryu.info\/?p=16003"},"modified":"2022-01-26T20:55:59","modified_gmt":"2022-01-26T11:55:59","slug":"t%c9%99brik-edirik-hiroko-yosionun-flower-raft-haiku-toplusu-n%c9%99sr-olundu","status":"publish","type":"post","link":"https:\/\/portal.hokuryu.info\/az\/16003\/","title":{"rendered":"T\u0259brik edirik! Hiroko Yo\u015fionun &quot;\u00c7i\u00e7\u0259k sal&quot; haiku kolleksiyas\u0131 Hokkaydo Haiku Assosiasiyas\u0131n\u0131n 42-ci Samejima M\u00fckafat\u0131n\u0131 qazand\u0131!"},"content":{"rendered":"<p>Bazar ert\u0259si, 24 yanvar 2022-ci il<\/p>\n<p>Hokuryu \u015f\u0259h\u0259rinin Mivau\u015fi \u015f\u0259h\u0259rinin sakini v\u0259 Hokkaydo Haiku Klubunun Hokuryu Filial\u0131n\u0131n \u00fczv\u00fc xan\u0131m Hiroko Yoshio (74 ya\u015f) &quot;Flower&quot; haiku kolleksiyas\u0131na g\u00f6r\u0259 Hokkaydo Haiku Assosiasiyas\u0131 (S\u0259dr: Minamoto Onihiko) t\u0259r\u0259find\u0259n 42-ci Samejima M\u00fckafat\u0131na layiq g\u00f6r\u00fcl\u00fcb. T\u0259brik edirik!<\/p>\n<p>M\u00fckafatlar Hokkaydo Haiku \u0130llik Kitab\u0131n\u0131n Redaksiya Komit\u0259sinin M\u00fckafat Se\u00e7m\u0259 Komit\u0259sinin \u00e7\u0259r\u015f\u0259nb\u0259 g\u00fcn\u00fc, yanvar\u0131n 12-d\u0259 ke\u00e7iril\u0259n iclas\u0131nda q\u0259rara al\u0131n\u0131b. M\u00fckafat sertifikatlar\u0131 Hokkaydo Haiku Assosiasiyas\u0131n\u0131n 2022-ci il \u0130llik \u00dcmumi Y\u0131\u011f\u0131nca\u011f\u0131nda (iyun) t\u0259qdim olunacaq.<\/p>\n<h2>Samejima M\u00fckafat\u0131<\/h2>\n<p>Samejima M\u00fckafat\u0131 Hokkaydo Haiku Assosiasiyas\u0131n\u0131n (1995-ci ild\u0259 t\u0259sis edilib) banisi v\u0259 ilk prezidenti Samejima Koqyosinin \u00f6l\u00fcm\u00fcnd\u0259n sonra t\u0259sis edilib. Bu, haiku kolleksiyalar\u0131 \u00fc\u00e7\u00fcn prestijli m\u00fckafatd\u0131r v\u0259 bu il 42-ci d\u0259f\u0259dir (Samejima Kogyosi: 1888 (Meiji 21) - 1980 (Showa 55), Naqano prefekturas\u0131nda anadan olub).<\/p>\n<p>Hokkaydo Haiku Assosiasiyas\u0131n\u0131n Hokuryu filial\u0131 1995-ci ild\u0259 Samejima M\u00fckafat\u0131n\u0131 ald\u0131 (Heisei 7) v\u0259 Hiroko Yoshio bu \u015f\u0259r\u0259f\u0259 layiq g\u00f6r\u00fcl\u0259n ikinci \u015f\u0259xsdir.<\/p>\n<div class=\"img-move\">\nSamejima M\u00fckafat\u0131n\u0131 almam\u0131\u015fdan \u0259vv\u0259l Hiroko Yoshio 24 oktyabr 2021-ci ild\u0259 (Reiwa 3) Hokkaydo Haiku Assosiasiyas\u0131n\u0131n (Tatsumisaki t\u0259r\u0259find\u0259n ev sahibliyi edir) laureat\u0131 olmu\u015fdur.<a href=\"https:\/\/www.douhaikukai.com\/%E3%81%8A%E7%9F%A5%E3%82%89%E3%81%9B\/\" rel=\"noopener\" target=\"_blank\">&quot;Reiwa 3-c\u00fc il &quot;Michi&quot; Haiku Yaz\u0131\u00e7\u0131 M\u00fckafat\u0131&quot;<\/a>M\u00fckafat\u0131n\u0131 al\u0131b.<\/div>\n<h2>Hiroko Yoshio<\/h2>\n<ul>\n<li>T\u0259x\u0259ll\u00fcs\u00fc: Hiroko Yoshio \u018fsl ad\u0131: Hiroko Yoshio<\/li>\n<li>1947-ci ilin avqustunda Hokuryu q\u0259s\u0259b\u0259sind\u0259 anadan olub, 74 ya\u015f\u0131nda, Hokuryu q\u0259s\u0259b\u0259sind\u0259 b\u00f6y\u00fcd\u00fc.<\/li>\n<li>1969-cu ild\u0259 (Showa 44) o, ibtidai, orta v\u0259 lisey sinif yolda\u015f\u0131 Masakazu Yoshio il\u0259 a\u015fiq oldu v\u0259 onunla evl\u0259ndi. Onlar\u0131n bir o\u011flu v\u0259 iki q\u0131z\u0131 var idi.<\/li>\n<li>O, \u00e7\u0259ltik v\u0259 bostan bitkil\u0259ri bec\u0259rm\u0259kl\u0259 fermer i\u015fl\u0259yirdi. O, 65 ya\u015f\u0131nda \u0259kin sah\u0259l\u0259rini at\u0131b, \u0259kin\u00e7iliyi t\u0259rk edib.<\/li>\n<li>1982-ci ild\u0259 (Showa 57) &quot;Michi&quot; hayku klubuna qo\u015fulub. O vaxtdan q\u0131rx il ke\u00e7s\u0259 d\u0259, o, bu g\u00fcn\u0259 kimi hayku yazma\u011fa davam edir.<\/li>\n<li>2002 (Heisei 14) &quot;Anan\u0131n s\u0259si&quot; adl\u0131 ilk hayku toplusunu n\u0259\u015fr etdi.<\/li>\n<li>2021 (Reiwa 3) \u201cHana Kaida\u201d ikinci \u015feirl\u0259r toplusunun n\u0259\u015fri<\/li>\n<\/ul>\n<p>O, indi alt\u0131 n\u0259v\u0259si il\u0259 m\u00fcbar\u0259kdir v\u0259 g\u00fcnl\u0259rini istirah\u0259t etm\u0259kl\u0259 ke\u00e7irir v\u0259 h\u0259rd\u0259n onlar\u0131 g\u00f6rm\u0259k \u00fc\u00e7\u00fcn s\u0259birsizlikl\u0259 g\u00f6zl\u0259yir.<\/p>\n<figure class=\"wp-caption aligncenter\"><a href=\"https:\/\/photos.google.com\/share\/AF1QipMFLZu8MsJr-ZkwFAiPaCx0tv-RIiJVJ59lPawEVw5jBJR5ZjrlpXDtrTivBXdAdA\/photo\/AF1QipOHjr60vzhWV3rbH8kfKVVFy60rpb_JtmSeJTE?key=SDc5bW1lQ1dYUWZFcFNaWDM5RGNoRUFJalhHQkF3\" target=\"_blank\" rel=\"noopener\"><img decoding=\"async\" src=\"https:\/\/lh3.googleusercontent.com\/pw\/AM-JKLUDp-y-4FE4D0KkMJ6fDaQTg0_EHik1wivqcqDYGVvv6tDe4fLx9IZXeUhEp1H6gR3SbC4joxpv1Z3GNyDDRI6cTin8kAcQt8LqCtEMlTLAMUYN3bvSDzISvDGQ1sPLpVSM5n-B8vaqYdyo7_xqRvw4=w2000-h1333-no?authuser=0\" width=\"2000\" height=\"1333\" alt=\"Hiroko Yoshio\" class=\"size-full\" \/><\/a><figcaption class=\"wp-caption-text\">Hiroko Yoshio<\/figcaption><\/figure>\n<h3>\u0130lk hayku toplusu, &quot;Anan\u0131n s\u0259si&quot;, 2002; ikinci haikunun kolleksiyas\u0131, &quot;\u00c7i\u00e7\u0259k sal\u0131&quot;, 2021<\/h3>\n<p>Onun ilk hayku toplusu olan &quot;Anan\u0131n s\u0259si&quot; 2002-ci ild\u0259 (Heisei 14), ikinci toplusu &quot;\u00c7i\u00e7\u0259k sallar\u0131&quot; 19 il sonra 2021-ci ild\u0259 (Reiwa 3) n\u0259\u015fr olunub.<\/p>\n<figure class=\"wp-caption aligncenter\"><a href=\"https:\/\/photos.google.com\/share\/AF1QipMFLZu8MsJr-ZkwFAiPaCx0tv-RIiJVJ59lPawEVw5jBJR5ZjrlpXDtrTivBXdAdA\/photo\/AF1QipPoNDCRKlBv1F7W5QrpjYj7UfcxK5lA5H_hxBE?key=SDc5bW1lQ1dYUWZFcFNaWDM5RGNoRUFJalhHQkF3\" target=\"_blank\" rel=\"noopener\"><img decoding=\"async\" src=\"https:\/\/lh3.googleusercontent.com\/pw\/AM-JKLWIFwvSOkqeXsYu-xmiKBzVk_JAoCKmSaFLp0pJs1ryx3AqX5buXlsXhx3zYFDxZTCR6Juw4LQMhYOjeNfZCLd2putRh5SQ32oYXDiiimo1pao6LAhkWwRPJ28K5TyQfYxDxzwD8IbXdIAcBiZUiYi4=w2000-h1333-no?authuser=0\" width=\"2000\" height=\"1333\" alt=\"Haikunun ilk toplusu &quot;Anan\u0131n s\u0259si&quot;, ikinci haikunun &quot;\u00c7i\u00e7\u0259k sal\u0131&quot; toplusu\" class=\"size-full\" \/><\/a><figcaption class=\"wp-caption-text\">Haikunun ilk toplusu &quot;Anan\u0131n s\u0259si&quot;, ikinci haikunun &quot;\u00c7i\u00e7\u0259k sal\u0131&quot; toplusu<\/figcaption><\/figure>\n<h3>\u201cAnan\u0131n s\u0259si\u201d ilk hayku toplusunun n\u0259\u015fri qeyd olunub<\/h3>\n<ul>\n<li>&quot;Michi&quot; Bunko: \u2116 132<\/li>\n<li>Burax\u0131l\u0131\u015f tarixi: 31 may 2002 (Heisei 14)<\/li>\n<li>M\u00fc\u0259llif: Hiroko Yoshio<\/li>\n<li>Printer: Sapporo Printing<\/li>\n<\/ul>\n<p>2002-ci il iyunun 22-d\u0259 Hokuryu q\u0259s\u0259b\u0259sind\u0259 Ya\u015fl\u0131 V\u0259t\u0259nda\u015flar\u0131n Rifah M\u0259rk\u0259zind\u0259 Hiroko Yo\u015fionun \u201cAnan\u0131n s\u0259si\u201d adl\u0131 haiku toplusunun n\u0259\u015fri m\u00fcnasib\u0259til\u0259 bayram t\u0259dbiri ke\u00e7irildi.<\/p>\n<figure class=\"wp-caption aligncenter\"><a href=\"https:\/\/photos.google.com\/share\/AF1QipMFLZu8MsJr-ZkwFAiPaCx0tv-RIiJVJ59lPawEVw5jBJR5ZjrlpXDtrTivBXdAdA\/photo\/AF1QipO8JSWhtcAjR3Q5h_Ujj5IxMwgucxR_UlyA61E?key=SDc5bW1lQ1dYUWZFcFNaWDM5RGNoRUFJalhHQkF3\" target=\"_blank\" rel=\"noopener\"><img decoding=\"async\" src=\"https:\/\/lh3.googleusercontent.com\/pw\/AM-JKLWuaDCHovSq8Cs0lKz8oFRYTShapI4m0d7GcmzWV4odKEb8u8l-EN4ah4SPnUQvCgp6U-NTpVu9PnFNuF6gIqeQG10jooXGFYh66QYWJyE6xwEt5V9y3EkWp9h1etL7ZdnqEHy-sOjG5TTxTp6mU_4Y=w2000-h1333-no?authuser=0\" width=\"2000\" height=\"1333\" alt=\"\u201cAnan\u0131n s\u0259si\u201d ilk hayku toplusunun n\u0259\u015fri qeyd olunub\" class=\"size-full\" \/><\/a><figcaption class=\"wp-caption-text\">\u201cAnan\u0131n s\u0259si\u201d ilk hayku toplusunun n\u0259\u015fri qeyd olunub<\/figcaption><\/figure>\n<h2>2-ci \u015feirl\u0259r toplusu \u201cHana kada\u201d 19 il, 339 \u015feir<\/h2>\n<ul>\n<li>&quot;Michi&quot; Bunko: \u2116 202<\/li>\n<li>N\u0259\u015fr tarixi: 8 avqust 2021 (Reiwa 3)<\/li>\n<li>M\u00fc\u0259llif: Hiroko Yoshio<\/li>\n<li>\u00c7ap: I-Ward Co., Ltd.<\/li>\n<\/ul>\n<p>&quot;Hanaikada&quot; adl\u0131 haiku toplusu 2001-ci ild\u0259n (Heisei 13) 2020-ci il\u0259 (Reiwa 2) 19 illik d\u00f6vr \u0259rzind\u0259 oxunan haikudan 339 par\u00e7adan ibar\u0259tdir v\u0259 be\u015f xronoloji f\u0259sild\u0259 yerl\u0259\u015fdirilib.<\/p>\n<p>Hayku kolleksiyas\u0131n\u0131n \u00f6rt\u00fck dizayn\u0131 qara fonda s\u0259p\u0259l\u0259nmi\u015f \u00e7\u0259hray\u0131 albal\u0131 \u00e7i\u00e7\u0259yi l\u0259\u00e7\u0259kl\u0259ri il\u0259 g\u00f6z\u0259l dizaynd\u0131r.<\/p>\n<figure class=\"wp-caption aligncenter\"><a href=\"https:\/\/photos.google.com\/share\/AF1QipMFLZu8MsJr-ZkwFAiPaCx0tv-RIiJVJ59lPawEVw5jBJR5ZjrlpXDtrTivBXdAdA\/photo\/AF1QipNbKoxUZkfXXzxCYoAQE1BZfEG9ZXLo3Ko3tyI?key=SDc5bW1lQ1dYUWZFcFNaWDM5RGNoRUFJalhHQkF3\" target=\"_blank\" rel=\"noopener\"><img decoding=\"async\" src=\"https:\/\/lh3.googleusercontent.com\/pw\/AM-JKLU2q_JdpyuM_pgUczmLaW7Av9WIjQorp6wBLP_m8t9u1iomRnqF9paAOlZNXQXnBEXPz_U1Uoo_X7Sgsag0Cimrx5w2E8kKWR3jLq8iOkjP9BDAS70xHoTSXCNwcsQZBzdGWuLZmh7BktGCyX7kMz0c=w2000-h1333-no?authuser=0\" width=\"2000\" height=\"1333\" alt=\"&quot;\u00c7i\u00e7\u0259k sal\u0131&quot; haiku kolleksiyas\u0131\" class=\"size-full\" \/><\/a><figcaption class=\"wp-caption-text\">&quot;\u00c7i\u00e7\u0259k sal\u0131&quot; haiku kolleksiyas\u0131<\/figcaption><\/figure>\n<h3>Hokkaydo Haiku Assosiasiyas\u0131n\u0131n direktoru Tatsumisakinin mesaj\u0131<\/h3>\n<p>Michi Haiku C\u0259miyy\u0259tinin r\u0259hb\u0259ri Tayu Misaki &quot;Hanaikada&quot; haiku toplusunun \u00f6n s\u00f6z\u00fcnd\u0259 yaz\u0131r: &quot;&quot;Hanaikada&quot;da h\u0259r bir haykuda Yo\u015fio Hirokonun simas\u0131n\u0131 g\u00f6r\u0259 bil\u0259rsiniz. Bunlar &quot;h\u0259yata dair \u015f\u00fcurunu \u00f6z m\u0259zmununa daxil ed\u0259n poetik h\u0259ssasl\u0131q s\u0259sl\u0259ridir&quot;. Bu, Minamoto Onihikonun m\u00fcdafi\u0259 etdiyi ideyan\u0131 t\u0259c\u0259ss\u00fcm etdirir ki, &quot;\u015feir biz\u0259 yerli iqlimd\u0259n do\u011fan h\u0259yat\u0131n oyanmas\u0131 v\u0259 yatmas\u0131 zaman\u0131 verilir&quot;.<\/p>\n<h2>Hiroko Yo\u015fionun &quot;\u00c7i\u00e7\u0259k sal\u0131&quot; haqq\u0131nda fikirl\u0259ri<\/h2>\n<p>&quot;Hanaikada&quot; s\u00f6z\u00fc suyun s\u0259thin\u0259 s\u0259p\u0259l\u0259nmi\u015f \u00e7i\u00e7\u0259k l\u0259\u00e7\u0259kl\u0259rind\u0259n ibar\u0259t silsil\u0259nin sal\u0131 xat\u0131rlatmas\u0131 fikrind\u0259n ir\u0259li g\u0259lir.<\/p>\n<ul>\n<li><strong>\u00c7i\u00e7\u0259k sallar\u0131: M\u00fcharib\u0259siz d\u00fcnya, yeni d\u00f6vr<\/strong><\/li>\n<\/ul>\n<p>Q\u0259dim d\u00f6vrl\u0259rd\u0259n \u0130kinci D\u00fcnya M\u00fcharib\u0259sin\u0259 q\u0259d\u0259r m\u00fcharib\u0259l\u0259r d\u0259f\u0259l\u0259rl\u0259 ba\u015f verib, lakin Heisei d\u00f6vr\u00fc m\u00fcharib\u0259siz yegan\u0259 dinc d\u00f6vr idi. Bu \u015feir bu s\u00fclh\u00fcn Reiwa d\u00f6vr\u00fcnd\u0259 davam ed\u0259c\u0259yin\u0259 \u00fcmidini ifad\u0259 edir. Albal\u0131 \u00e7i\u00e7\u0259yinin l\u0259\u00e7\u0259kl\u0259rinin \u00e7ay\u0131n enin\u0259 d\u00fc\u015f\u0259r\u0259k axan m\u0259nz\u0259r\u0259si s\u00fclh\u00fcn \u00f6z\u00fcd\u00fcr.<\/p>\n<p>\u0130lk \u015feirl\u0259r toplusuna daxildir:<\/p>\n<ul>\n<li><strong>Hanaikada: Anam\u0131n m\u0259ktubu burada bitir<\/strong><\/li>\n<\/ul>\n<p>&quot;\u015eeirl\u0259rd\u0259 g\u00fcl sallar\u0131 haqq\u0131nda d\u0259rin hissl\u0259r var idi. Amma m\u0259n demansdan \u0259ziyy\u0259t \u00e7\u0259k\u0259n (S\u0259ki ilk toplusu n\u0259\u015fr olunandan iki il sonra 91 ya\u015f\u0131nda d\u00fcnyas\u0131n\u0131 d\u0259yi\u015fdi) anamla ba\u011fl\u0131 hissl\u0259rimin he\u00e7 olmasa bir hiss\u0259sini \u00e7atd\u0131rmaq ist\u0259dim, ona g\u00f6r\u0259 d\u0259 ilk kolleksiyama &quot;Anan\u0131n s\u0259si&quot; ad\u0131n\u0131 verdim&quot;, - dey\u0259 Hiroko Yo\u015fio g\u00fcl sallar\u0131ndan dan\u0131\u015f\u0131b.<\/p>\n<figure class=\"wp-caption aligncenter\"><a href=\"https:\/\/photos.google.com\/share\/AF1QipMFLZu8MsJr-ZkwFAiPaCx0tv-RIiJVJ59lPawEVw5jBJR5ZjrlpXDtrTivBXdAdA\/photo\/AF1QipNvTWUaRXdckIhDDNUbUK0nmOhTfvmWvd6M_Og?key=SDc5bW1lQ1dYUWZFcFNaWDM5RGNoRUFJalhHQkF3\" target=\"_blank\" rel=\"noopener\"><img decoding=\"async\" src=\"https:\/\/lh3.googleusercontent.com\/pw\/AM-JKLVyeMUeqTMlXSpFsV7D4RFOn-XO0mOquhf1aydtXfsUeAWaYKieJv_3CsdJOO3tjpnIGSpsM7_3kvf7HSNSkc1sLCcrSCwJpq3GvuKEZl6egJZRAEPBhp_IRFcFw33dLSBT6Rz0buEPzJeQkvMpl75t=w2000-h1333-no?authuser=0\" width=\"2000\" height=\"1333\" alt=\"Hitohira Hitohira oynayan m\u0259n\u0259 ba\u011fl\u0131 insanlara dualarla\" class=\"size-full\" \/><\/a><figcaption class=\"wp-caption-text\">Hitohira Hitohira oynayan m\u0259n\u0259 ba\u011fl\u0131 insanlara dualarla<\/figcaption><\/figure>\n<h2>Hiroko il\u0259 Haiku<\/h2>\n<h3>Haiku il\u0259 g\u00f6r\u00fc\u015f\u00fcm<\/h3>\n<p>1970-ci ill\u0259rd\u0259 Hiroko ehtirasl\u0131 haiku \u015fairi olan direktor m\u00fcavini t\u0259r\u0259find\u0259n Mibau\u015fi b\u00f6lg\u0259sind\u0259ki ibtidai v\u0259 ki\u00e7ik orta m\u0259kt\u0259bind\u0259 hayku \u00f6yr\u0259nm\u0259yi t\u00f6vsiy\u0259 etdi v\u0259 ondan haiku \u00fczr\u0259 t\u0259limat alma\u011fa ba\u015flad\u0131.<\/p>\n<p>&quot;M\u0259kt\u0259bd\u0259 ke\u00e7iril\u0259n t\u0259\u015f\u0259kk\u00fcr y\u0131\u011f\u0131nca\u011f\u0131nda direktor m\u00fcavini m\u0259n\u0259 dedi ki, &quot;U\u015faqlar valideynl\u0259rin\u0259 baxaraq b\u00f6y\u00fcy\u00fcrl\u0259r. N\u0259 olursa olsun, niy\u0259 bir ana kimi \u00f6z \u00fcslubunuzda \u00f6yr\u0259nm\u0259y\u0259 haz\u0131r oldu\u011funuzu g\u00f6st\u0259rm\u0259y\u0259 \u00e7al\u0131\u015fm\u0131rs\u0131n\u0131z? Bel\u0259likl\u0259, direktor m\u00fcavinind\u0259n hayku \u00f6yr\u0259nm\u0259y\u0259 ba\u015flad\u0131m.<\/p>\n<p>O vaxt m\u00fc\u0259llimim \u0130vamizavaya k\u00f6\u00e7\u00fcr\u00fcld\u00fc v\u0259 m\u0259n haikudan imtina etm\u0259yi d\u00fc\u015f\u00fcn\u00fcrd\u00fcm, lakin o, m\u0259ni Hokkaydo Haiku C\u0259miyy\u0259tinin, Hokuryu filial\u0131na qo\u015fulma\u011fa t\u0259\u015fviq etdi v\u0259 o vaxtdan b\u0259ri davam etdim,&quot; Hiroko deyir.<\/p>\n<figure class=\"wp-caption aligncenter\"><a href=\"https:\/\/photos.google.com\/share\/AF1QipMFLZu8MsJr-ZkwFAiPaCx0tv-RIiJVJ59lPawEVw5jBJR5ZjrlpXDtrTivBXdAdA\/photo\/AF1QipNPho3KJejnP3QRCTrqSNoEI5E8lA0t_XJrVXc?key=SDc5bW1lQ1dYUWZFcFNaWDM5RGNoRUFJalhHQkF3\" target=\"_blank\" rel=\"noopener\"><img decoding=\"async\" src=\"https:\/\/lh3.googleusercontent.com\/pw\/AM-JKLVj2_SCkrXWpzoGUNzYgxBP5J8EDucPn4tWci0qGL4mvjSOQIws_0r-JjARh8mBKx69-pGiidcnrG1r1JJMn0t_mBhRQo-js_etRJAAG2SIRYrJeQG4NqMJYjpGV-LymtI8NULqIkb5MAThaU8bKTxd=w2000-h1333-no?authuser=1\" width=\"2000\" height=\"1333\" alt=\"Hiroko haiku haqq\u0131nda fikirl\u0259rini dan\u0131\u015f\u0131r\" class=\"size-full\" \/><\/a><figcaption class=\"wp-caption-text\">Hiroko haiku haqq\u0131nda fikirl\u0259rini dan\u0131\u015f\u0131r<\/figcaption><\/figure>\n<h3>G\u00fcnd\u0259lik h\u0259yat\u0131 haikuda oldu\u011fu kimi ifad\u0259 etm\u0259k<\/h3>\n<p>&quot;Hokkaydo Haiku Klubunda, Hokuryu filial\u0131nda \u00fczvl\u0259r ayda bir d\u0259f\u0259 topla\u015f\u0131r v\u0259 h\u0259r biri s\u0259kkiz hayku t\u0259qdim edir v\u0259 onlar\u0131 t\u0259nqid edirl\u0259r. \u015eirniyyat yey\u0259rk\u0259n \u0259yl\u0259nc\u0259li vaxt ke\u00e7ir.<\/p>\n<p>\u015e\u0259rh zaman\u0131 tez-tez g\u00f6r\u00fcr\u0259m ki, yax\u015f\u0131 hesab etdiyim hayku ham\u0131n\u0131n qiym\u0259tl\u0259ndirdiyind\u0259n f\u0259rqlidir.<\/p>\n<p>V\u0259rdi\u015f etdikc\u0259 \u00e7\u0259tin m\u00f6vs\u00fcmi s\u00f6zl\u0259r i\u015fl\u0259d\u0259r\u0259k onu haval\u0131 g\u00f6st\u0259rm\u0259y\u0259 \u00e7al\u0131\u015f\u0131rsan v\u0259 s. Amma m\u0259n \u00e7\u0259tin \u015feyl\u0259ri ba\u015fa d\u00fc\u015fm\u00fcr\u0259m, ona g\u00f6r\u0259 d\u0259 sad\u0259c\u0259 olaraq g\u00fcnd\u0259lik h\u0259yat\u0131m\u0131 oldu\u011fu kimi t\u0259svir ed\u0259n haiku yaz\u0131ram, \u00f6z hissl\u0259riml\u0259 s\u0259mimi dan\u0131\u015f\u0131ram.<\/p>\n<p>D\u00fc\u015f\u00fcn\u00fcr\u0259m ki, bu q\u0259d\u0259r uzun m\u00fcdd\u0259t davam ed\u0259 bilm\u0259yimin s\u0259b\u0259bi b\u00f6y\u00fck \u00f6l\u00e7\u00fcd\u0259 komanda yolda\u015flar\u0131mla qurdu\u011fum \u0259laq\u0259l\u0259rl\u0259 ba\u011fl\u0131d\u0131r\u201d.<\/p>\n<h4>\u0130st\u0259nil\u0259n fikirl\u0259ri smartfonunuza yaz\u0131n<\/h4>\n<p>Hiroko \u0259vv\u0259ll\u0259r h\u0259r g\u00fcn a\u011fl\u0131na g\u0259l\u0259nl\u0259ri d\u0259ft\u0259r\u00e7\u0259y\u0259 yaz\u0131rd\u0131, indi is\u0259 smartfonunda yaz\u0131r.<\/p>\n<h3>Haiku vasit\u0259sil\u0259 bir \u00e7ox insanla \u00fcnsiyy\u0259t<\/h3>\n<h4>Gingy\u014dkai-d\u0259 i\u015ftirak edir<\/h4>\n<p>&quot;\u0130ld\u0259 iki d\u0259f\u0259 poeziya g\u0259zintisi t\u0259dbirl\u0259rind\u0259 i\u015ftirak edir\u0259m, burada i\u015ftirak\u00e7\u0131lar \u00f6z heykular\u0131n\u0131 bir-birl\u0259ri il\u0259 b\u00f6l\u00fc\u015f\u00fcrl\u0259r v\u0259 h\u0259mya\u015f\u0131dlar\u0131 il\u0259 \u00fcnsiyy\u0259t qururlar. Sevdiyim \u015feyl\u0259rd\u0259n biri d\u0259, ad\u0259t\u0259n rastla\u015fmayaca\u011f\u0131m insanlarla haiku vasit\u0259sil\u0259 tan\u0131\u015f olmaqd\u0131r.&quot;<\/p>\n<h4>Sorachi Regional \u0130nc\u0259s\u0259n\u0259t Festival\u0131nda i\u015ftirak edir<\/h4>\n<p>&quot;Biz Sora\u00e7i Regional Yerli \u0130nc\u0259s\u0259n\u0259t Festival\u0131nda i\u015ftirak edirik v\u0259 qon\u015fu \u015f\u0259h\u0259r v\u0259 q\u0259s\u0259b\u0259l\u0259rd\u0259n olan insanlarla qar\u015f\u0131l\u0131ql\u0131 \u0259laq\u0259d\u0259 oluruq. Sora\u00e7i Regional Yerli \u0130nc\u0259s\u0259n\u0259t Festival\u0131 m\u0259d\u0259ni f\u0259aliyy\u0259tl\u0259ri t\u0259\u015fviq etm\u0259k v\u0259 yerli ifa\u00e7\u0131l\u0131q s\u0259n\u0259ti v\u0259 m\u0259d\u0259ni f\u0259aliyy\u0259tl\u0259rl\u0259 ba\u011fl\u0131 b\u00f6lg\u0259l\u0259r aras\u0131nda m\u00fcbadil\u0259l\u0259ri t\u0259\u015fviq etm\u0259k m\u0259qs\u0259di da\u015f\u0131y\u0131r. Bu, 1977-ci ild\u0259n Sora\u00e7i b\u00f6lg\u0259sind\u0259ki \u015f\u0259h\u0259r v\u0259 q\u0259s\u0259b\u0259l\u0259r aras\u0131nda n\u00f6vb\u0259li \u015f\u0259kild\u0259 ke\u00e7iril\u0259n t\u0259dbirdir (Hiuako deyir),&quot;<\/p>\n<p>Yerli haiku d\u0259rn\u0259yind\u0259n \u0259lav\u0259, Hiroko m\u00fcxt\u0259lif t\u0259nqid seanslar\u0131nda da i\u015ftirak edir v\u0259 bir \u00e7ox insanlarla \u00fcnsiyy\u0259t qurmaqdan v\u0259 \u00fcnsiyy\u0259t qurmaqdan h\u0259zz al\u0131r.<\/p>\n<h2>Hirokonun haikudak\u0131 fikirl\u0259ri<\/h2>\n<h3>Anan\u0131z haqq\u0131nda d\u00fc\u015f\u00fcnc\u0259l\u0259r<\/h3>\n<ul>\n<li><strong>Q\u0131rm\u0131z\u0131 c\u0131rc\u0131rama anam\u0131n barma\u011f\u0131na qonma\u011f\u0131 se\u00e7ir<\/strong>(&quot;Ana s\u0259si&quot; adl\u0131 ilk hayku toplusunda \u00e7ap olunub)<\/li>\n<\/ul>\n<p>\u201cAnam o q\u0259d\u0259r s\u0259birli v\u0259 ziyal\u0131 insan idi ki, m\u00fcharib\u0259d\u0259n sonrak\u0131 \u00e7\u0259tin vaxtlarda da yeddi il qay\u0131natam\u0131n ail\u0259sinin qay\u011f\u0131s\u0131na qalmaqda davam etdi v\u0259 xeyirxah i\u015fl\u0259rin\u0259 g\u00f6r\u0259 mer m\u00fckafat\u0131na layiq g\u00f6r\u00fcld\u00fc\u201d, - Hiroko anas\u0131 haqq\u0131nda d\u0259rin duy\u011fularla dan\u0131\u015f\u0131r.<\/p>\n<figure class=\"wp-caption aligncenter\"><a href=\"https:\/\/photos.google.com\/share\/AF1QipMFLZu8MsJr-ZkwFAiPaCx0tv-RIiJVJ59lPawEVw5jBJR5ZjrlpXDtrTivBXdAdA\/photo\/AF1QipOtPpQo0LYL5OYh3HfNnFDpCWAtwNFCu27omI8?key=SDc5bW1lQ1dYUWZFcFNaWDM5RGNoRUFJalhHQkF3\" target=\"_blank\" rel=\"noopener\"><img decoding=\"async\" src=\"https:\/\/lh3.googleusercontent.com\/pw\/AM-JKLVHCqy0A3XwqXPzyunINYHtX-n7m8NNSa9PX_dyaE9tsHbtS9yLXRyH_Y9n7S869WRlRhYZtcwJhT0aeRJdiHh6wYCj89Bq1q6jjk7YJpURUXB8Oa06oZ0TQ8z-yYsM4DIFZV6inAHVvLP9aJyMX6bo=w2000-h1333-no?authuser=0\" width=\"2000\" height=\"1333\" alt=\"Bir c\u0131rc\u0131rama anam\u0131n barma\u011f\u0131nda yerini se\u00e7ir\" class=\"size-full\" \/><\/a><figcaption class=\"wp-caption-text\">Bir c\u0131rc\u0131rama anam\u0131n barma\u011f\u0131nda yerini se\u00e7ir<\/figcaption><\/figure>\n<h3>\u018frim haqq\u0131nda d\u00fc\u015f\u00fcnc\u0259l\u0259r<\/h3>\n<p>Kolleksiyaya Hirokonun \u0259ri Masakazuya olan hissl\u0259rini ifad\u0259 ed\u0259n \u00e7oxlu \u015feirl\u0259r daxildir.<\/p>\n<ul>\n<li><strong>Vicdanl\u0131 \u0259r Sugina Tomo il\u0259 \u00fcz-\u00fcz\u0259<\/strong><\/li>\n<li><strong>\u018frim satd\u0131\u011f\u0131 d\u00fcy\u00fc sah\u0259sind\u0259 qar\u0131n d\u0259rinliyini \u00f6l\u00e7\u00fcr.<\/strong><\/li>\n<li><strong>G\u00fcnd\u0259 bir d\u0259f\u0259 bir-birini t\u0259rifl\u0259yib bahar\u0131 g\u00f6zl\u0259y\u0259n c\u00fctl\u00fck<\/strong><\/li>\n<li><strong>Matsuteiri, \u0259rinin estetikas\u0131na sadiqdir<\/strong><\/li>\n<li><strong>S\u0259ssiz \u0259rim tam aya heyrand\u0131r.<\/strong><\/li>\n<li><strong>\u00c7i\u00e7\u0259kl\u0259r k\u00f6hn\u0259lib, indi m\u0259n \u0259rim\u0259 a\u015fiq\u0259m<\/strong><\/li>\n<\/ul>\n<h4>Onun d\u00fcr\u00fcst v\u0259 diqq\u0259tli \u0259ri Masakazu<\/h4>\n<figure class=\"wp-caption aligncenter\"><a href=\"https:\/\/photos.google.com\/share\/AF1QipMFLZu8MsJr-ZkwFAiPaCx0tv-RIiJVJ59lPawEVw5jBJR5ZjrlpXDtrTivBXdAdA\/photo\/AF1QipP8w8qXLOKKHxTcBO9WY6nLxrM4flMaKpcxGpw?key=SDc5bW1lQ1dYUWZFcFNaWDM5RGNoRUFJalhHQkF3\" target=\"_blank\" rel=\"noopener\"><img decoding=\"async\" src=\"https:\/\/lh3.googleusercontent.com\/pw\/AM-JKLWg2PwGoEzNSixwF4cY5zv-mfUSQN6AGL-i-QtkeZzpKVyYpqntMWYC4H9cg2WAY-XVccpNbDY3SdV1GWMbccQO7S-a6vYhAb4tQIH2i5yAHzOzekpo5zvrnHW7n2i0BSMjPKD9sY7bFKmc60vknyCT=w2000-h1333-no?authuser=0\" width=\"2000\" height=\"1333\" alt=\"\u018fri Masakazu Yoshio\" class=\"size-full\" \/><\/a><figcaption class=\"wp-caption-text\">\u018fri Masakazu Yoshio<\/figcaption><\/figure>\n<p>Onun h\u0259yat yolda\u015f\u0131 Masakazu z\u0259hm\u0259tke\u015f, d\u00fcr\u00fcst, vasvas\u0131 bir insan idi, b\u00f6y\u00fck h\u00f6rm\u0259t\u0259 malik idi v\u0259 1985-ci ild\u0259n Hokuryu \u015e\u0259h\u0259r K\u0259nd T\u0259s\u0259rr\u00fcfat\u0131 Kooperativinin direktoru v\u0259 vitse-prezidenti v\u0259zif\u0259l\u0259rind\u0259 \u00e7al\u0131\u015fm\u0131\u015fd\u0131r. Birl\u0259\u015fm\u0259d\u0259n sonra o, JA Kitasorachi Hokuryu Rayonunun n\u00fcmay\u0259nd\u0259 direktoru kimi f\u0259al rol oynam\u0131\u015fd\u0131r.<\/p>\n<p>Bundan \u0259lav\u0259, o, haz\u0131rda t\u0259qa\u00fcd\u0259 \u00e7\u0131xsa da, Hokuriku \u015e\u0259h\u0259r Sosial Rifah \u015euras\u0131n\u0131n (Sosial Rifah) s\u0259dri v\u0259 Hokuriku \u015e\u0259h\u0259r K\u0259nd T\u0259s\u0259rr\u00fcfat\u0131 v\u0259 Heyvandarl\u0131q M\u0259hsullar\u0131n\u0131n Birba\u015fa Sat\u0131\u015f Ma\u011fazas\u0131 &quot;Minoricchi Hokuriku&quot; G\u00f6nd\u0259r\u0259nl\u0259r \u015euras\u0131n\u0131n s\u0259dri v\u0259zif\u0259l\u0259rind\u0259 \u00e7al\u0131\u015f\u0131b v\u0259 \u015f\u0259h\u0259r \u00fc\u00e7\u00fcn \u00e7ox \u00e7al\u0131\u015fma\u011fa davam etdi.<\/p>\n<h3>G\u00fcnd\u0259lik h\u0259yat haqq\u0131nda d\u00fcr\u00fcst fikirl\u0259r v\u0259 n\u0259v\u0259l\u0259r haqq\u0131nda d\u00fc\u015f\u00fcnc\u0259l\u0259r<\/h3>\n<ul>\n<li><strong>Q\u0131\u015f Qalaktikas\u0131: Bir laynerli n\u0259v\u0259nin oyunu<\/strong><\/li>\n<\/ul>\n<p>N\u0259n\u0259 n\u0259v\u0259sinin oyununa baxma\u011fa ged\u0259nd\u0259 n\u0259v\u0259 onun tama\u015fadak\u0131 yegan\u0259 misras\u0131na cavab olaraq ona \u201cdiqq\u0259tl\u0259 bax v\u0259 yax\u015f\u0131 xat\u0131rla\u201d dediyi \u00fc\u00e7\u00fcn n\u0259n\u0259 \u00e7ar\u0259sizc\u0259 onu axtar\u0131r.<\/p>\n<p>Bu \u015feir \u015fairin duy\u011fular\u0131n\u0131 \u00e7\u0259kir: &quot;Q\u0131\u015f s\u0259mas\u0131nda n\u0259 q\u0259d\u0259r ulduz var, amma m\u0259nim n\u0259v\u0259m onlardan biridir. O bir misran\u0131n axtar\u0131\u015f\u0131nda iki g\u00fcn buran\u0131 g\u0259zdim, indi buradayam&quot;.<\/p>\n<ul>\n<li><strong>Borudan t\u0259z\u0259 g\u0259linin s\u0259si e\u015fidilir.<\/strong><\/li>\n<\/ul>\n<p>T\u0259s\u0259rr\u00fcfat t\u0259cr\u00fcb\u0259si olmayan, ad\u0259t\u0259n \u00e7ox sakit olan g\u0259linimin qon\u015fuluqda u\u015fa\u011f\u0131n\u0131n \u00fcst\u00fcn\u0259 q\u0131\u015fq\u0131rmas\u0131n\u0131 e\u015fid\u0259nd\u0259 \u00e7ox t\u0259\u0259cc\u00fcbl\u0259ndim. Hiss etdim ki, d\u00fcy\u00fc t\u0259z\u0259c\u0259 y\u0131\u011f\u0131lm\u0131\u015fd\u0131 dey\u0259 s\u0259s daha da ucald\u0131.<\/p>\n<ul>\n<li><strong>Bahar g\u0259l\u0259n kimi m\u00fcdrikl\u0259rin s\u0259si art\u0131q e\u015fidilir.<\/strong><\/li>\n<\/ul>\n<p>Bu \u015feir yeni do\u011fulmu\u015f k\u00f6rp\u0259sinin (n\u0259v\u0259sinin) m\u00fcdrik s\u0259sini e\u015fid\u0259n baban\u0131n hissl\u0259rini ifad\u0259 edir.<\/p>\n<h3>Kolleksiyaya son s\u00f6z<\/h3>\n<p>Hiroko Yoshio hayku kolleksiyas\u0131n\u0131n son s\u00f6z\u00fcnd\u0259 yaz\u0131rd\u0131:<br \/>\n&quot;\u00dcmid edir\u0259m ki, &quot;H\u0259r L\u0259\u00e7\u0259k \u00c7i\u00e7\u0259k Sallar\u0131nda&quot; \u00e7\u0131x\u0131\u015f ed\u0259n m\u0259n\u0259 ba\u011fl\u0131 olan b\u00fct\u00fcn insanlar \u0259b\u0259di olaraq sa\u011flam qalacaqlar.&quot;<\/p>\n<h2>H\u0259yat yolda\u015f\u0131n\u0131zla birlikd\u0259!<\/h2>\n<figure class=\"wp-caption aligncenter\"><a href=\"https:\/\/photos.google.com\/share\/AF1QipMFLZu8MsJr-ZkwFAiPaCx0tv-RIiJVJ59lPawEVw5jBJR5ZjrlpXDtrTivBXdAdA\/photo\/AF1QipN4eO8yucVP_mv55IX59GhbtdBOIzY51cvTteo?key=SDc5bW1lQ1dYUWZFcFNaWDM5RGNoRUFJalhHQkF3\" target=\"_blank\" rel=\"noopener\"><img decoding=\"async\" src=\"https:\/\/lh3.googleusercontent.com\/pw\/AM-JKLVC63zA5VVTstv-gV71QyOUOwwl1QF355Gw61z1g9apsvD5jKEjTW3XbSzRYU691gSV5ozft7DtAqGuIuZtKjt2plGOjZUCPqJs8wNDrkDRH23oaZQkt_eiubP1ipQmrdSqqrvzcDfAmpz7tjtcPqMU=w2000-h1333-no?authuser=0\" width=\"2000\" height=\"1333\" alt=\"H\u0259yat yolda\u015f\u0131n\u0131zla birlikd\u0259!\" class=\"size-full\" \/><\/a><figcaption class=\"wp-caption-text\">H\u0259yat yolda\u015f\u0131n\u0131zla birlikd\u0259!<\/figcaption><\/figure>\n<p>O, \u00e7ox h\u00f6rm\u0259t etdiyi \u0259rini q\u0259tiyy\u0259tl\u0259 d\u0259st\u0259kl\u0259di v\u0259 o da onun t\u0259r\u0259find\u0259n d\u0259st\u0259kl\u0259ndiyi halda, birlikd\u0259 yolda getdikc\u0259 bir-birl\u0259rin\u0259 d\u0259st\u0259k oldular...<\/p>\n<p>Yeni i\u015f\u0131q k\u0259\u015ff etdikc\u0259 v\u0259 onu yava\u015f-yava\u015f v\u0259 stresssiz ke\u00e7irdikc\u0259, birlikd\u0259 ya\u015fayaca\u011f\u0131n\u0131z g\u00f6z\u0259l h\u0259yat \u00fc\u00e7\u00fcn sonsuz sevgi, minn\u0259tdarl\u0131q v\u0259 dualarla...<\/p>\n<figure class=\"wp-caption aligncenter\"><a href=\"https:\/\/photos.google.com\/share\/AF1QipMFLZu8MsJr-ZkwFAiPaCx0tv-RIiJVJ59lPawEVw5jBJR5ZjrlpXDtrTivBXdAdA\/photo\/AF1QipNZvmRcFDCdYGEYljWr2e0OJlOiZS50kADE_4U?key=SDc5bW1lQ1dYUWZFcFNaWDM5RGNoRUFJalhHQkF3\" target=\"_blank\" rel=\"noopener\"><img decoding=\"async\" src=\"https:\/\/lh3.googleusercontent.com\/pw\/AM-JKLVB80-WJkQf6UPXUau2Q9Kd3Yf-SOl8FWGu56Ina85HECTq8O9F8EV4OVWHBtbggMGPjFzlDIfCXwJzUElt8K3fQo76h-bdjzsgz2mCxZD3RDdl9Csaiqq7_nrY9fXKcLM5sqG7B3CPIFf1OiNcuQ0m=w2000-h1333-no?authuser=0\" width=\"2000\" height=\"1333\" alt=\"Dualar\u0131m Hirokonun h\u0259yat\u0131 oldu\u011fu kimi t\u0259svir ed\u0259n &quot;Hanaikada&quot; adl\u0131 hayku kolleksiyas\u0131na gedir.\" class=\"size-full\" \/><\/a><figcaption class=\"wp-caption-text\">Dualar\u0131m Hirokonun h\u0259yat\u0131 oldu\u011fu kimi t\u0259svir ed\u0259n &quot;Hanaikada&quot; adl\u0131 hayku kolleksiyas\u0131na gedir.<\/figcaption><\/figure>\n<h2>Dig\u0259r foto\u015f\u0259kill\u0259r<\/h2>\n<div class=\"img-move\">\n<img decoding=\"async\" src=\"https:\/\/ehokkaido.net\/wp-content\/uploads\/2021\/12\/2021-12-06-11.41.12.png\" style=\"vertical-align:middle;\"> <a href=\"https:\/\/photos.google.com\/share\/AF1QipMFLZu8MsJr-ZkwFAiPaCx0tv-RIiJVJ59lPawEVw5jBJR5ZjrlpXDtrTivBXdAdA?key=SDc5bW1lQ1dYUWZFcFNaWDM5RGNoRUFJalhHQkF3\" target=\"_blank\" rel=\"noopener noreferrer\">T\u0259brik edirik! Hiroko Yo\u015fionun &quot;Hanaikada&quot; haiku kolleksiyas\u0131 Hokkaydo Haiku Assosiasiyas\u0131n\u0131n 42-ci Samejima M\u00fckafat\u0131n\u0131 qazand\u0131. \u015e\u0259kill\u0259r\u0259 (30 \u015f\u0259kil) buradan bax\u0131n &gt;&gt;<\/a><\/div>\n<h2>\u018flaq\u0259dar M\u0259qal\u0259l\u0259r\/Saytlar<\/h2>\n\n        <div class=\"site-blogcard-premium\">\n            <div class=\"bc-label-custom\">\u018flaq\u0259dar m\u0259qal\u0259l\u0259r<\/div>\n            <div class=\"bc-flex-container\">\n                <div class=\"bc-main-text\">\n                    <div class=\"bc-title-link-box\">\n                        <a href=\"https:\/\/portal.hokuryu.info\/az\/15991\/\" target=\"_blank\">https:\/\/portal.hokuryu.info\/15991<\/a>\n                    <\/div>\n                    <div class=\"bc-excerpt-box\">S\u0259hif\u0259 m\u0259lumatlar\u0131n\u0131 \u0259ld\u0259 etm\u0259k m\u00fcmk\u00fcn deyil.<\/div>\n                <\/div>\n                <div class=\"bc-thumbnail-box\">\n                    <a href=\"https:\/\/portal.hokuryu.info\/az\/15991\/\" target=\"_blank\">\n                        <div class=\"bc-img-zoom-wrap\">\n                            <img decoding=\"async\" src=\"https:\/\/portal.hokuryu.info\/wp\/wp-content\/uploads\/2026\/02\/20230802DSC06445_1.jpg\" alt=\"https:\/\/portal.hokuryu.info\/15991\">\n                        <\/div>\n                    <\/a>\n                <\/div>\n            <\/div>\n        <\/div>\n\n        <div class=\"site-blogcard-premium\">\n            <div class=\"bc-label-custom\">\u018flaq\u0259dar m\u0259qal\u0259l\u0259r<\/div>\n            <div class=\"bc-flex-container\">\n                <div class=\"bc-main-text\">\n                    <div class=\"bc-title-link-box\">\n                        <a href=\"https:\/\/portal.hokuryu.info\/az\/topics\/circle\/20140213.html\/\" target=\"_blank\">&quot;Hokkaydo Haiku D\u0259rn\u0259yi, Hokuryu \u015e\u00f6b\u0259si&quot; yar\u0131m \u0259srdir ki, b\u0259st\u0259l\u0259yir - Hokuryu \u015e\u0259h\u0259r Portal\u0131 (Hokkaydo) - Yaponiyan\u0131n 1 n\u00f6mr\u0259li g\u00fcn\u0259baxan k\u0259ndi<\/a>\n                    <\/div>\n                    <div class=\"bc-excerpt-box\">Siz\u0259 2100 \u0259halisi v\u0259 40% ya\u015flanma nisb\u0259ti olan canl\u0131 bir \u015f\u0259h\u0259rin &quot;indiki&quot;ni t\u0259qdim edirik. G\u00fcn\u0259baxanlar kimi, ail\u0259l\u0259r d\u0259 harmoniya i\u00e7ind\u0259 ya\u015fay\u0131rlar...<\/div>\n                <\/div>\n                <div class=\"bc-thumbnail-box\">\n                    <a href=\"https:\/\/portal.hokuryu.info\/az\/topics\/circle\/20140213.html\/\" target=\"_blank\">\n                        <div class=\"bc-img-zoom-wrap\">\n                            <img decoding=\"async\" src=\"https:\/\/lh4.googleusercontent.com\/-OlqTlGD23Ag\/UvVqH8NejUI\/AAAAAAABA2k\/SWfFzh0Ak-g\/w581-h871-no\/K5+42865\" alt=\"&quot;Hokkaydo Haiku D\u0259rn\u0259yi, Hokuryu \u015e\u00f6b\u0259si&quot; yar\u0131m \u0259srdir ki, b\u0259st\u0259l\u0259yir - Hokuryu \u015e\u0259h\u0259r Portal\u0131 (Hokkaydo) - Yaponiyan\u0131n 1 n\u00f6mr\u0259li g\u00fcn\u0259baxan k\u0259ndi\">\n                        <\/div>\n                    <\/a>\n                <\/div>\n            <\/div>\n        <\/div>\n\n        <div class=\"site-blogcard-premium\">\n            <div class=\"bc-label-custom\">\u018flaq\u0259dar m\u0259qal\u0259l\u0259r<\/div>\n            <div class=\"bc-flex-container\">\n                <div class=\"bc-main-text\">\n                    <div class=\"bc-title-link-box\">\n                        <a href=\"https:\/\/portal.hokuryu.info\/az\/5908\/\" target=\"_blank\">https:\/\/portal.hokuryu.info\/5908<\/a>\n                    <\/div>\n                    <div class=\"bc-excerpt-box\">S\u0259hif\u0259 m\u0259lumatlar\u0131n\u0131 \u0259ld\u0259 etm\u0259k m\u00fcmk\u00fcn deyil.<\/div>\n                <\/div>\n                <div class=\"bc-thumbnail-box\">\n                    <a href=\"https:\/\/portal.hokuryu.info\/az\/5908\/\" target=\"_blank\">\n                        <div class=\"bc-img-zoom-wrap\">\n                            <img decoding=\"async\" src=\"https:\/\/portal.hokuryu.info\/wp\/wp-content\/uploads\/2026\/02\/20230802DSC06445_1.jpg\" alt=\"https:\/\/portal.hokuryu.info\/5908\">\n                        <\/div>\n                    <\/a>\n                <\/div>\n            <\/div>\n        <\/div>\n\u3000<\/p>\n<div class=\"img-move\">\n<div class=\"sitecard\">\n<div class=\"sitecard__subtitle\"> Road Haiku Klubu<\/div>\n<div class=\"column column-273\">\n<div class=\"column__item\"><span style=\"font-size:medium\">&quot;Haiku m\u00f6vs\u00fcmi n\u00fcmun\u0259l\u0259r\u0259 \u0259saslanan, \u0259n\u0259n\u0259vi formalara d\u0259y\u0259r ver\u0259n v\u0259 h\u0259yat\u0131n m\u00fcasir \u015f\u00fcurunu m\u0259zmununa daxil ed\u0259n yapon h\u0259ssasl\u0131\u011f\u0131n\u0131n poetik s\u0259sidir. O, t\u0259nt\u0259n\u0259liliyi, lirizmi v\u0259 reall\u0131\u011f\u0131 bir misrada ehtiva edir, h\u0259yat\u0131n s\u00fcbutunu oyaraq, ilham v\u0259 g\u0259l\u0259c\u0259k \u00fc\u00e7\u00fcn t\u0259klifl\u0259r verir.<\/span><br \/>\n<span style=\"color: #ff9900;\">\u25b6<\/span> <a href=\"https:\/\/www.douhaikukai.com\/\" target=\"_blank\" rel=\"noopener\"><b style=\"font-size:large\">Michi Haiku Club haqq\u0131nda \u0259trafl\u0131 m\u0259lumat \u00fc\u00e7\u00fcn bura klikl\u0259yin &gt;&gt;<\/b><\/div>\n<div class=\"column__item\"><img decoding=\"async\" src=\"https:\/\/portal.hokuryu.info\/wp\/wp-content\/uploads\/2022\/01\/2022-01-24-6.45.42.png\" alt=\"Road Haiku Klubu\" style=\"border:solid 1px blue\" \/><\/a><\/div>\n<\/div>\n<\/div>\n<div class=\"sitecard\">\n<div class=\"sitecard__subtitle\"> Hokkaydo Haiku Assosiasiyas\u0131<\/div>\n<div class=\"column column-273\">\n<div class=\"column__item\"><span style=\"font-size:medium\">Sayt m\u00fcxt\u0259lif assosiasiyalar v\u0259 hayku f\u0259aliyy\u0259tl\u0259ri, haiku kolleksiyalar\u0131 haqq\u0131nda m\u0259lumatlar\u0131 t\u0259qdim edir v\u0259 Hokkaydo Haiku Assosiasiyas\u0131n\u0131n sponsorluq etdiyi \u015feir m\u00fcsabiq\u0259l\u0259rini, Hokkaydo Haiku Assosiasiyas\u0131n\u0131n M\u00fckafatlar\u0131n\u0131 v\u0259 g\u00f6rk\u0259mli haiku kolleksiyalar\u0131na veril\u0259n Samejima M\u00fckafat\u0131n\u0131 elan edir.<\/span><br \/>\n<span style=\"color: #ff9900;\">\u25b6<\/span> <a href=\"https:\/\/www.dohaikyo.net\/\" target=\"_blank\" rel=\"noopener\"><b style=\"font-size:large\">Hokkaydo Haiku Assosiasiyas\u0131 haqq\u0131nda \u0259trafl\u0131 m\u0259lumat \u00fc\u00e7\u00fcn bura klikl\u0259yin &gt;&gt;<\/b><\/div>\n<div class=\"column__item\"><img decoding=\"async\" src=\"https:\/\/portal.hokuryu.info\/wp\/wp-content\/uploads\/2022\/01\/2022-01-24-6.46.34.jpg\" alt=\"Hokkaydo Haiku Assosiasiyas\u0131\" style=\"border:solid 1px blue\" \/><\/a><\/div>\n<\/div>\n<\/div>\n<\/div>\n<p>\u25c7 \u00c7\u0259kili\u015f v\u0259 montaj: Noboru Terauchi M\u00fcsahib\u0259 v\u0259 m\u0259tn: \u0130kuko Terau\u00e7i<\/p>","protected":false},"excerpt":{"rendered":"<p>\uff12\uff10\uff12\uff12\u5e74\uff11\u6708\uff12\uff14\u65e5\uff08\u6708\uff09 \u3053\u306e\u5ea6\u3001\u5317\u7adc\u753a\u7f8e\u8449\u725b\u5728\u4f4f\u3001\u300c\u9053\u4ff3\u53e5\u4f1a\u30fb\u5317\u7adc\u652f\u90e8\u300d\u306e\u4f1a\u54e1\u3067\u3042\u308b\u5409\u5c3e\u5e83\u5b50\u3055\u3093\uff08\uff174\u6b73\uff09\u306e\u53e5\u96c6\u300e\u82b1\u7b4f\uff08\u306f\u306a\u3044\u304b\u3060\uff09\u300f\u304c\u3001\u5317\u6d77\u9053\u4ff3\u53e5\u5354\u4f1a\uff08\u6e90\u9b3c\u5f66 \u4f1a\u9577\uff09\u7b2c\uff14\uff12\u56de\u9bab\u5cf6\u8cde\u3092\u53d7\u8cde\u3055\u308c\u307e\u3057 [&hellip;]<\/p>\n","protected":false},"author":1,"featured_media":16005,"comment_status":"open","ping_status":"open","sticky":false,"template":"","format":"standard","meta":{"footnotes":""},"categories":[4,15],"tags":[],"class_list":["post-16003","post","type-post","status-publish","format-standard","has-post-thumbnail","hentry","category-cover-story","category-hokuryu-townsman"],"_links":{"self":[{"href":"https:\/\/portal.hokuryu.info\/az\/wp-json\/wp\/v2\/posts\/16003","targetHints":{"allow":["GET"]}}],"collection":[{"href":"https:\/\/portal.hokuryu.info\/az\/wp-json\/wp\/v2\/posts"}],"about":[{"href":"https:\/\/portal.hokuryu.info\/az\/wp-json\/wp\/v2\/types\/post"}],"author":[{"embeddable":true,"href":"https:\/\/portal.hokuryu.info\/az\/wp-json\/wp\/v2\/users\/1"}],"replies":[{"embeddable":true,"href":"https:\/\/portal.hokuryu.info\/az\/wp-json\/wp\/v2\/comments?post=16003"}],"version-history":[{"count":0,"href":"https:\/\/portal.hokuryu.info\/az\/wp-json\/wp\/v2\/posts\/16003\/revisions"}],"wp:featuredmedia":[{"embeddable":true,"href":"https:\/\/portal.hokuryu.info\/az\/wp-json\/wp\/v2\/media\/16005"}],"wp:attachment":[{"href":"https:\/\/portal.hokuryu.info\/az\/wp-json\/wp\/v2\/media?parent=16003"}],"wp:term":[{"taxonomy":"category","embeddable":true,"href":"https:\/\/portal.hokuryu.info\/az\/wp-json\/wp\/v2\/categories?post=16003"},{"taxonomy":"post_tag","embeddable":true,"href":"https:\/\/portal.hokuryu.info\/az\/wp-json\/wp\/v2\/tags?post=16003"}],"curies":[{"name":"wp","href":"https:\/\/api.w.org\/{rel}","templated":true}]}}