{"id":11945,"date":"2021-08-02T06:38:14","date_gmt":"2021-08-01T21:38:14","guid":{"rendered":"https:\/\/portal.hokuryu.info\/?p=11945"},"modified":"2021-08-02T07:42:42","modified_gmt":"2021-08-01T22:42:42","slug":"hokuryu-s%c9%99h%c9%99rinin-meri-yutaka-sano-f%c9%99aliyy%c9%99t-hesabati-30-iyul-cum%c9%99-hokkaydo-s%c9%99h%c9%99ri","status":"publish","type":"post","link":"https:\/\/portal.hokuryu.info\/az\/11945\/","title":{"rendered":"Hokuryu \u015f\u0259h\u0259rinin meri Yutaka Sano t\u0259r\u0259find\u0259n f\u0259aliyy\u0259t hesabat\u0131 \u30fb30 iyul (c\u00fcm\u0259) Hokkaydo \u015e\u0259h\u0259r v\u0259 K\u0259nd Assosiasiyas\u0131n\u0131n K\u0259nd T\u0259s\u0259rr\u00fcfat\u0131, Me\u015f\u0259 T\u0259s\u0259rr\u00fcfat\u0131 v\u0259 Bal\u0131q\u00e7\u0131l\u0131q Daimi Komit\u0259si \u30fb2021-ci ild\u0259 m\u0259rk\u0259zi sor\u011fu f\u0259aliyy\u0259tl\u0259ri: Bal\u0131q\u00e7\u0131l\u0131q Agentliyinin Komissar\u0131 Kamiya, Bal\u0131q\u00e7\u0131l\u0131q Siyas\u0259ti Departamentinin Direktoru, Bal\u0131q\u00e7\u0131l\u0131q v\u0259 Bal\u0131q\u00e7\u0131l\u0131q Naziri Miyauchi, h\u0259r bir departament t\u0259r\u0259find\u0259n t\u0259l\u0259b olunan f\u0259aliyy\u0259tl\u0259r, Me\u015f\u0259 T\u0259s\u0259rr\u00fcfat\u0131 Agentliyinin M\u00fcv\u0259kkili Amaha v\u0259 Me\u015f\u0259 T\u0259s\u0259rr\u00fcfat\u0131 Agentliyinin M\u00fcv\u0259kkil m\u00fcavini Oda"},"content":{"rendered":"<p>Bazar ert\u0259si, 2 avqust 2021-ci il<\/p>\n<p><center><iframe src=\"https:\/\/www.facebook.com\/plugins\/post.php?href=https%3A%2F%2Fwww.facebook.com%2Fpermalink.php%3Fstory_fbid%3D4588280041216572%26id%3D1127218337322777&#038;show_text=true&#038;width=500\" width=\"500\" height=\"689\" style=\"border:none;overflow:hidden\" scrolling=\"no\" frameborder=\"0\" allowfullscreen=\"true\" allow=\"autoplay; clipboard-write; encrypted-media; picture-in-picture; web-share\"><\/iframe><\/center><\/p>","protected":false},"excerpt":{"rendered":"<p>Bazar ert\u0259si, 2 avqust 2021-ci il<\/p>","protected":false},"author":1,"featured_media":11948,"comment_status":"open","ping_status":"open","sticky":false,"template":"","format":"standard","meta":{"footnotes":""},"categories":[5],"tags":[],"class_list":["post-11945","post","type-post","status-publish","format-standard","has-post-thumbnail","hentry","category-sano-yutaka-formermayor"],"_links":{"self":[{"href":"https:\/\/portal.hokuryu.info\/az\/wp-json\/wp\/v2\/posts\/11945","targetHints":{"allow":["GET"]}}],"collection":[{"href":"https:\/\/portal.hokuryu.info\/az\/wp-json\/wp\/v2\/posts"}],"about":[{"href":"https:\/\/portal.hokuryu.info\/az\/wp-json\/wp\/v2\/types\/post"}],"author":[{"embeddable":true,"href":"https:\/\/portal.hokuryu.info\/az\/wp-json\/wp\/v2\/users\/1"}],"replies":[{"embeddable":true,"href":"https:\/\/portal.hokuryu.info\/az\/wp-json\/wp\/v2\/comments?post=11945"}],"version-history":[{"count":0,"href":"https:\/\/portal.hokuryu.info\/az\/wp-json\/wp\/v2\/posts\/11945\/revisions"}],"wp:featuredmedia":[{"embeddable":true,"href":"https:\/\/portal.hokuryu.info\/az\/wp-json\/wp\/v2\/media\/11948"}],"wp:attachment":[{"href":"https:\/\/portal.hokuryu.info\/az\/wp-json\/wp\/v2\/media?parent=11945"}],"wp:term":[{"taxonomy":"category","embeddable":true,"href":"https:\/\/portal.hokuryu.info\/az\/wp-json\/wp\/v2\/categories?post=11945"},{"taxonomy":"post_tag","embeddable":true,"href":"https:\/\/portal.hokuryu.info\/az\/wp-json\/wp\/v2\/tags?post=11945"}],"curies":[{"name":"wp","href":"https:\/\/api.w.org\/{rel}","templated":true}]}}