{"id":11355,"date":"2021-07-07T06:38:27","date_gmt":"2021-07-06T21:38:27","guid":{"rendered":"https:\/\/portal.hokuryu.info\/?p=11355"},"modified":"2021-07-07T06:51:31","modified_gmt":"2021-07-06T21:51:31","slug":"hokuryu-s%c9%99h%c9%99r-b%c9%99l%c9%99diyy%c9%99-bascisi-yutaka-sano-f%c9%99aliyy%c9%99t-hesabati-6-iyul-c%c9%99rs%c9%99nb%c9%99-axsami-meriya","status":"publish","type":"post","link":"https:\/\/portal.hokuryu.info\/az\/11355\/","title":{"rendered":"Hokuryu \u015f\u0259h\u0259rinin meri Yutaka Sanonun f\u0259aliyy\u0259t hesabat\u0131: 6 iyul (\u00e7\u0259r\u015f\u0259nb\u0259 ax\u015fam\u0131) Meriyan\u0131n \u015f\u00f6b\u0259 m\u00fcdirl\u0259ri il\u0259 g\u00f6r\u00fc\u015f, meriyan\u0131n A\u00e7\u0131q qap\u0131 g\u00fcn\u00fc"},"content":{"rendered":"<p>\u00c7\u0259r\u015f\u0259nb\u0259, 7 iyul 2021-ci il<\/p>\n<p>\u30fbFoto: \u0130\u015fikari \u00e7ay\u0131n\u0131n helikopter m\u00fcayin\u0259si (2 iyul) \ud83c\udf3b Hokuryu \u015f\u0259h\u0259ri \u00fcz\u0259rind\u0259 u\u00e7maq \ud83c\udf3b<\/p>\n<p><center><iframe src=\"https:\/\/www.facebook.com\/plugins\/post.php?href=https%3A%2F%2Fwww.facebook.com%2Fpermalink.php%3Fstory_fbid%3D4517985401579370%26id%3D1127218337322777&#038;show_text=true&#038;width=500\" width=\"500\" height=\"689\" style=\"border:none;overflow:hidden\" scrolling=\"no\" frameborder=\"0\" allowfullscreen=\"true\" allow=\"autoplay; clipboard-write; encrypted-media; picture-in-picture; web-share\"><\/iframe><\/center><\/p>","protected":false},"excerpt":{"rendered":"<p>\u00c7\u0259r\u015f\u0259nb\u0259, 7 \u0130yul 2021 \u30fbFoto: \u0130\u015fikari \u00e7ay\u0131n\u0131n helikopter yoxlamas\u0131 (2 iyul) \ud83c\udf3b Hokuryu \u015f\u0259h\u0259ri \u00fcz\u0259rind\u0259 u\u00e7maq \ud83c\udf3b<\/p>","protected":false},"author":1,"featured_media":11343,"comment_status":"open","ping_status":"open","sticky":false,"template":"","format":"standard","meta":{"footnotes":""},"categories":[5],"tags":[],"class_list":["post-11355","post","type-post","status-publish","format-standard","has-post-thumbnail","hentry","category-sano-yutaka-formermayor"],"_links":{"self":[{"href":"https:\/\/portal.hokuryu.info\/az\/wp-json\/wp\/v2\/posts\/11355","targetHints":{"allow":["GET"]}}],"collection":[{"href":"https:\/\/portal.hokuryu.info\/az\/wp-json\/wp\/v2\/posts"}],"about":[{"href":"https:\/\/portal.hokuryu.info\/az\/wp-json\/wp\/v2\/types\/post"}],"author":[{"embeddable":true,"href":"https:\/\/portal.hokuryu.info\/az\/wp-json\/wp\/v2\/users\/1"}],"replies":[{"embeddable":true,"href":"https:\/\/portal.hokuryu.info\/az\/wp-json\/wp\/v2\/comments?post=11355"}],"version-history":[{"count":0,"href":"https:\/\/portal.hokuryu.info\/az\/wp-json\/wp\/v2\/posts\/11355\/revisions"}],"wp:featuredmedia":[{"embeddable":true,"href":"https:\/\/portal.hokuryu.info\/az\/wp-json\/wp\/v2\/media\/11343"}],"wp:attachment":[{"href":"https:\/\/portal.hokuryu.info\/az\/wp-json\/wp\/v2\/media?parent=11355"}],"wp:term":[{"taxonomy":"category","embeddable":true,"href":"https:\/\/portal.hokuryu.info\/az\/wp-json\/wp\/v2\/categories?post=11355"},{"taxonomy":"post_tag","embeddable":true,"href":"https:\/\/portal.hokuryu.info\/az\/wp-json\/wp\/v2\/tags?post=11355"}],"curies":[{"name":"wp","href":"https:\/\/api.w.org\/{rel}","templated":true}]}}